{"id":2633,"date":"2024-05-10T13:46:27","date_gmt":"2024-05-10T11:46:27","guid":{"rendered":"https:\/\/parafiakrywald.pl\/?p=2633"},"modified":"2024-06-02T18:02:02","modified_gmt":"2024-06-02T16:02:02","slug":"uroczystosc-pierwszej-komunii-swietej-2","status":"publish","type":"post","link":"http:\/\/parafiakrywald.pl\/?p=2633","title":{"rendered":"12 V 2024r. &#8211; Uroczysto\u015b\u0107 Pierwszej Komunii \u015awi\u0119tej"},"content":{"rendered":"\t\t<div data-elementor-type=\"wp-post\" data-elementor-id=\"2633\" class=\"elementor elementor-2633\">\n\t\t\t\t\t\t<section class=\"elementor-section elementor-top-section elementor-element elementor-element-d92ea6c elementor-section-boxed elementor-section-height-default elementor-section-height-default\" data-id=\"d92ea6c\" data-element_type=\"section\">\n\t\t\t\t\t\t<div class=\"elementor-container elementor-column-gap-default\">\n\t\t\t\t\t<div class=\"elementor-column elementor-col-100 elementor-top-column elementor-element elementor-element-42eb0560\" data-id=\"42eb0560\" data-element_type=\"column\">\n\t\t\t<div class=\"elementor-widget-wrap elementor-element-populated\">\n\t\t\t\t\t\t<div class=\"elementor-element elementor-element-135f51b1 elementor-widget elementor-widget-text-editor\" data-id=\"135f51b1\" data-element_type=\"widget\" data-widget_type=\"text-editor.default\">\n\t\t\t\t<div class=\"elementor-widget-container\">\n\t\t\t\t\t\t\t<!-- wp:gallery {\"linkTo\":\"none\"} -->\n<figure class=\"wp-block-gallery has-nested-images columns-default is-cropped\"><\/figure>\n<!-- \/wp:gallery -->\t\t\t\t\t\t<\/div>\n\t\t\t\t<\/div>\n\t\t\t\t\t<\/div>\n\t\t<\/div>\n\t\t\t\t\t<\/div>\n\t\t<\/section>\n\t\t\t\t<section class=\"elementor-section elementor-top-section elementor-element elementor-element-bf245f8 elementor-section-boxed elementor-section-height-default elementor-section-height-default\" data-id=\"bf245f8\" data-element_type=\"section\">\n\t\t\t\t\t\t<div class=\"elementor-container elementor-column-gap-default\">\n\t\t\t\t\t<div class=\"elementor-column elementor-col-100 elementor-top-column elementor-element elementor-element-7f6b3ca\" data-id=\"7f6b3ca\" data-element_type=\"column\">\n\t\t\t<div class=\"elementor-widget-wrap elementor-element-populated\">\n\t\t\t\t\t\t<div class=\"elementor-element elementor-element-250b7c6 elementor-widget elementor-widget-image\" data-id=\"250b7c6\" data-element_type=\"widget\" data-widget_type=\"image.default\">\n\t\t\t\t<div class=\"elementor-widget-container\">\n\t\t\t\t\t\t\t\t\t\t\t\t\t<img fetchpriority=\"high\" decoding=\"async\" width=\"1024\" height=\"683\" src=\"http:\/\/parafiakrywald.pl\/wp-content\/uploads\/2024\/05\/R3A0152-1024x683.jpg\" class=\"attachment-large size-large wp-image-2726\" alt=\"\" srcset=\"http:\/\/parafiakrywald.pl\/wp-content\/uploads\/2024\/05\/R3A0152-1024x683.jpg 1024w, http:\/\/parafiakrywald.pl\/wp-content\/uploads\/2024\/05\/R3A0152-300x200.jpg 300w, http:\/\/parafiakrywald.pl\/wp-content\/uploads\/2024\/05\/R3A0152-768x512.jpg 768w, http:\/\/parafiakrywald.pl\/wp-content\/uploads\/2024\/05\/R3A0152-1536x1024.jpg 1536w, http:\/\/parafiakrywald.pl\/wp-content\/uploads\/2024\/05\/R3A0152-2048x1366.jpg 2048w\" sizes=\"(max-width: 1024px) 100vw, 1024px\" \/>\t\t\t\t\t\t\t\t\t\t\t\t\t<\/div>\n\t\t\t\t<\/div>\n\t\t\t\t<div class=\"elementor-element elementor-element-aa7b42d elementor-widget elementor-widget-text-editor\" data-id=\"aa7b42d\" data-element_type=\"widget\" data-widget_type=\"text-editor.default\">\n\t\t\t\t<div class=\"elementor-widget-container\">\n\t\t\t\t\t\t\t<h1 style=\"text-align: center;\"><span style=\"color: #333399;\"><strong>Uroczysto\u015b\u0107 Pierwszej Komunii \u015awi\u0119tej<\/strong><br \/><\/span><\/h1>\n<h2 style=\"text-align: center;\"><span style=\"color: #333399;\">W niedziel\u0119 12 maja w Uroczysto\u015b\u0107 Wniebowst\u0105pienia Pa\u0144skiego <br \/>o godzinie 10:00 grupa 19 dzieci przyst\u0105pi\u0142a do Wczesnej i Pierwszej Komunii \u015awi\u0119tej. <br \/>Po Mszy \u015awi\u0119tej odby\u0142o si\u0119 nabo\u017ce\u0144stwo uwielbieniowe za dar Eucharystii. <br \/>Dzieci pragn\u0119\u0142y podzi\u0119kowa\u0107 Panu Jezusowi za \u0142ask\u0119 pierwszej Komunii \u015awi\u0119tej.\u00a0<\/span><\/h2>\t\t\t\t\t\t<\/div>\n\t\t\t\t<\/div>\n\t\t\t\t\t<\/div>\n\t\t<\/div>\n\t\t\t\t\t<\/div>\n\t\t<\/section>\n\t\t\t\t<section class=\"elementor-section elementor-top-section elementor-element elementor-element-1a2889e elementor-section-boxed elementor-section-height-default elementor-section-height-default\" data-id=\"1a2889e\" data-element_type=\"section\">\n\t\t\t\t\t\t<div class=\"elementor-container elementor-column-gap-default\">\n\t\t\t\t\t<div class=\"elementor-column elementor-col-100 elementor-top-column elementor-element elementor-element-79074ab\" data-id=\"79074ab\" data-element_type=\"column\">\n\t\t\t<div class=\"elementor-widget-wrap elementor-element-populated\">\n\t\t\t\t\t\t<div class=\"elementor-element elementor-element-043e777 elementor-widget elementor-widget-image\" data-id=\"043e777\" data-element_type=\"widget\" data-widget_type=\"image.default\">\n\t\t\t\t<div class=\"elementor-widget-container\">\n\t\t\t\t\t\t\t\t\t\t\t\t\t<img decoding=\"async\" width=\"1024\" height=\"683\" src=\"http:\/\/parafiakrywald.pl\/wp-content\/uploads\/2024\/05\/R3A0238-1024x683.jpg\" class=\"attachment-large size-large wp-image-2730\" alt=\"\" srcset=\"http:\/\/parafiakrywald.pl\/wp-content\/uploads\/2024\/05\/R3A0238-1024x683.jpg 1024w, http:\/\/parafiakrywald.pl\/wp-content\/uploads\/2024\/05\/R3A0238-300x200.jpg 300w, http:\/\/parafiakrywald.pl\/wp-content\/uploads\/2024\/05\/R3A0238-768x512.jpg 768w, http:\/\/parafiakrywald.pl\/wp-content\/uploads\/2024\/05\/R3A0238-1536x1024.jpg 1536w, http:\/\/parafiakrywald.pl\/wp-content\/uploads\/2024\/05\/R3A0238-2048x1366.jpg 2048w\" sizes=\"(max-width: 1024px) 100vw, 1024px\" \/>\t\t\t\t\t\t\t\t\t\t\t\t\t<\/div>\n\t\t\t\t<\/div>\n\t\t\t\t<div class=\"elementor-element elementor-element-1f91765 elementor-widget elementor-widget-text-editor\" data-id=\"1f91765\" data-element_type=\"widget\" data-widget_type=\"text-editor.default\">\n\t\t\t\t<div class=\"elementor-widget-container\">\n\t\t\t\t\t\t\t<h2 style=\"text-align: center;\"><span style=\"color: #333399;\">Modlitwa:<br \/>Panie Jezu Chryste,\u00a0 przyjd\u017a dzi\u015b do mojego serca, <br \/>nakarm mnie pokarmem z Twojej r\u0119ki,<br \/>nape\u0142nij mnie swoj\u0105 Mi\u0142o\u015bci\u0105 i pokojem, <br \/>bym w Twoich r\u0119kach czu\u0142 si\u0119 zawsze pewny i bezpieczny.<br \/>Zosta\u0144 \u00a0moim Najlepszym Przyjacielem na zawsze.<br \/>Kt\u00f3ry \u017cyjesz i kr\u00f3lujesz na wieki wiek\u00f3w. Amen.<\/span><\/h2>\t\t\t\t\t\t<\/div>\n\t\t\t\t<\/div>\n\t\t\t\t\t<\/div>\n\t\t<\/div>\n\t\t\t\t\t<\/div>\n\t\t<\/section>\n\t\t\t\t<section class=\"elementor-section elementor-top-section elementor-element elementor-element-ed3f436 elementor-section-boxed elementor-section-height-default elementor-section-height-default\" data-id=\"ed3f436\" data-element_type=\"section\">\n\t\t\t\t\t\t<div class=\"elementor-container elementor-column-gap-default\">\n\t\t\t\t\t<div class=\"elementor-column elementor-col-100 elementor-top-column elementor-element elementor-element-3b49f3a\" data-id=\"3b49f3a\" data-element_type=\"column\">\n\t\t\t<div class=\"elementor-widget-wrap elementor-element-populated\">\n\t\t\t\t\t\t<div class=\"elementor-element elementor-element-07e4e49 elementor-widget elementor-widget-image\" data-id=\"07e4e49\" data-element_type=\"widget\" data-widget_type=\"image.default\">\n\t\t\t\t<div class=\"elementor-widget-container\">\n\t\t\t\t\t\t\t\t\t\t\t\t\t<img decoding=\"async\" width=\"1024\" height=\"683\" src=\"http:\/\/parafiakrywald.pl\/wp-content\/uploads\/2024\/05\/R3A0150-1024x683.jpg\" class=\"attachment-large size-large wp-image-2724\" alt=\"\" srcset=\"http:\/\/parafiakrywald.pl\/wp-content\/uploads\/2024\/05\/R3A0150-1024x683.jpg 1024w, http:\/\/parafiakrywald.pl\/wp-content\/uploads\/2024\/05\/R3A0150-300x200.jpg 300w, http:\/\/parafiakrywald.pl\/wp-content\/uploads\/2024\/05\/R3A0150-768x512.jpg 768w, http:\/\/parafiakrywald.pl\/wp-content\/uploads\/2024\/05\/R3A0150-1536x1024.jpg 1536w, http:\/\/parafiakrywald.pl\/wp-content\/uploads\/2024\/05\/R3A0150-2048x1366.jpg 2048w\" sizes=\"(max-width: 1024px) 100vw, 1024px\" \/>\t\t\t\t\t\t\t\t\t\t\t\t\t<\/div>\n\t\t\t\t<\/div>\n\t\t\t\t<div class=\"elementor-element elementor-element-8566d0b elementor-widget elementor-widget-image\" data-id=\"8566d0b\" data-element_type=\"widget\" data-widget_type=\"image.default\">\n\t\t\t\t<div class=\"elementor-widget-container\">\n\t\t\t\t\t\t\t\t\t\t\t\t\t<img loading=\"lazy\" decoding=\"async\" width=\"1024\" height=\"683\" src=\"http:\/\/parafiakrywald.pl\/wp-content\/uploads\/2024\/05\/R3A0882-1024x683.jpg\" class=\"attachment-large size-large wp-image-2732\" alt=\"\" srcset=\"http:\/\/parafiakrywald.pl\/wp-content\/uploads\/2024\/05\/R3A0882-1024x683.jpg 1024w, http:\/\/parafiakrywald.pl\/wp-content\/uploads\/2024\/05\/R3A0882-300x200.jpg 300w, http:\/\/parafiakrywald.pl\/wp-content\/uploads\/2024\/05\/R3A0882-768x512.jpg 768w, http:\/\/parafiakrywald.pl\/wp-content\/uploads\/2024\/05\/R3A0882-1536x1024.jpg 1536w, http:\/\/parafiakrywald.pl\/wp-content\/uploads\/2024\/05\/R3A0882-2048x1366.jpg 2048w\" sizes=\"(max-width: 1024px) 100vw, 1024px\" \/>\t\t\t\t\t\t\t\t\t\t\t\t\t<\/div>\n\t\t\t\t<\/div>\n\t\t\t\t\t<\/div>\n\t\t<\/div>\n\t\t\t\t\t<\/div>\n\t\t<\/section>\n\t\t\t\t<\/div>\n\t\t","protected":false},"excerpt":{"rendered":"<p>Uroczysto\u015b\u0107 Pierwszej Komunii \u015awi\u0119tej W niedziel\u0119 12 maja w Uroczysto\u015b\u0107 Wniebowst\u0105pienia Pa\u0144skiego o godzinie 10:00 grupa 19 dzieci przyst\u0105pi\u0142a do Wczesnej i Pierwszej Komunii \u015awi\u0119tej. Po Mszy \u015awi\u0119tej odby\u0142o si\u0119 nabo\u017ce\u0144stwo uwielbieniowe za dar Eucharystii. Dzieci pragn\u0119\u0142y podzi\u0119kowa\u0107 Panu Jezusowi za \u0142ask\u0119 pierwszej Komunii \u015awi\u0119tej.\u00a0 Modlitwa:Panie Jezu Chryste,\u00a0 przyjd\u017a dzi\u015b do mojego serca, nakarm mnie [&hellip;]<\/p>\n","protected":false},"author":1,"featured_media":2726,"comment_status":"open","ping_status":"open","sticky":false,"template":"","format":"gallery","meta":{"site-sidebar-layout":"default","site-content-layout":"","ast-site-content-layout":"default","site-content-style":"default","site-sidebar-style":"default","ast-global-header-display":"","ast-banner-title-visibility":"","ast-main-header-display":"","ast-hfb-above-header-display":"","ast-hfb-below-header-display":"","ast-hfb-mobile-header-display":"","site-post-title":"","ast-breadcrumbs-content":"","ast-featured-img":"","footer-sml-layout":"","theme-transparent-header-meta":"","adv-header-id-meta":"","stick-header-meta":"","header-above-stick-meta":"","header-main-stick-meta":"","header-below-stick-meta":"","astra-migrate-meta-layouts":"set","ast-page-background-enabled":"default","ast-page-background-meta":{"desktop":{"background-color":"","background-image":"","background-repeat":"repeat","background-position":"center center","background-size":"auto","background-attachment":"scroll","background-type":"","background-media":"","overlay-type":"","overlay-color":"","overlay-opacity":"","overlay-gradient":""},"tablet":{"background-color":"","background-image":"","background-repeat":"repeat","background-position":"center center","background-size":"auto","background-attachment":"scroll","background-type":"","background-media":"","overlay-type":"","overlay-color":"","overlay-opacity":"","overlay-gradient":""},"mobile":{"background-color":"","background-image":"","background-repeat":"repeat","background-position":"center center","background-size":"auto","background-attachment":"scroll","background-type":"","background-media":"","overlay-type":"","overlay-color":"","overlay-opacity":"","overlay-gradient":""}},"ast-content-background-meta":{"desktop":{"background-color":"var(--ast-global-color-5)","background-image":"","background-repeat":"repeat","background-position":"center center","background-size":"auto","background-attachment":"scroll","background-type":"","background-media":"","overlay-type":"","overlay-color":"","overlay-opacity":"","overlay-gradient":""},"tablet":{"background-color":"var(--ast-global-color-5)","background-image":"","background-repeat":"repeat","background-position":"center center","background-size":"auto","background-attachment":"scroll","background-type":"","background-media":"","overlay-type":"","overlay-color":"","overlay-opacity":"","overlay-gradient":""},"mobile":{"background-color":"var(--ast-global-color-5)","background-image":"","background-repeat":"repeat","background-position":"center center","background-size":"auto","background-attachment":"scroll","background-type":"","background-media":"","overlay-type":"","overlay-color":"","overlay-opacity":"","overlay-gradient":""}},"footnotes":""},"categories":[1],"tags":[],"class_list":["post-2633","post","type-post","status-publish","format-gallery","has-post-thumbnail","hentry","category-bez-kategorii","post_format-post-format-gallery"],"_links":{"self":[{"href":"http:\/\/parafiakrywald.pl\/index.php?rest_route=\/wp\/v2\/posts\/2633","targetHints":{"allow":["GET"]}}],"collection":[{"href":"http:\/\/parafiakrywald.pl\/index.php?rest_route=\/wp\/v2\/posts"}],"about":[{"href":"http:\/\/parafiakrywald.pl\/index.php?rest_route=\/wp\/v2\/types\/post"}],"author":[{"embeddable":true,"href":"http:\/\/parafiakrywald.pl\/index.php?rest_route=\/wp\/v2\/users\/1"}],"replies":[{"embeddable":true,"href":"http:\/\/parafiakrywald.pl\/index.php?rest_route=%2Fwp%2Fv2%2Fcomments&post=2633"}],"version-history":[{"count":17,"href":"http:\/\/parafiakrywald.pl\/index.php?rest_route=\/wp\/v2\/posts\/2633\/revisions"}],"predecessor-version":[{"id":2748,"href":"http:\/\/parafiakrywald.pl\/index.php?rest_route=\/wp\/v2\/posts\/2633\/revisions\/2748"}],"wp:featuredmedia":[{"embeddable":true,"href":"http:\/\/parafiakrywald.pl\/index.php?rest_route=\/wp\/v2\/media\/2726"}],"wp:attachment":[{"href":"http:\/\/parafiakrywald.pl\/index.php?rest_route=%2Fwp%2Fv2%2Fmedia&parent=2633"}],"wp:term":[{"taxonomy":"category","embeddable":true,"href":"http:\/\/parafiakrywald.pl\/index.php?rest_route=%2Fwp%2Fv2%2Fcategories&post=2633"},{"taxonomy":"post_tag","embeddable":true,"href":"http:\/\/parafiakrywald.pl\/index.php?rest_route=%2Fwp%2Fv2%2Ftags&post=2633"}],"curies":[{"name":"wp","href":"https:\/\/api.w.org\/{rel}","templated":true}]}}