{"id":2640,"date":"2024-05-25T13:38:18","date_gmt":"2024-05-25T11:38:18","guid":{"rendered":"https:\/\/parafiakrywald.pl\/?p=2640"},"modified":"2024-06-02T18:03:09","modified_gmt":"2024-06-02T16:03:09","slug":"nabozenstwo-majowe-na-feliksowce","status":"publish","type":"post","link":"http:\/\/parafiakrywald.pl\/?p=2640","title":{"rendered":"25 V 2024r. &#8211; Nabo\u017ce\u0144stwo majowe na Feliks\u00f3wce"},"content":{"rendered":"\t\t<div data-elementor-type=\"wp-post\" data-elementor-id=\"2640\" class=\"elementor elementor-2640\">\n\t\t\t\t\t\t<section class=\"elementor-section elementor-top-section elementor-element elementor-element-a4b5756 elementor-section-boxed elementor-section-height-default elementor-section-height-default\" data-id=\"a4b5756\" data-element_type=\"section\">\n\t\t\t\t\t\t<div class=\"elementor-container elementor-column-gap-default\">\n\t\t\t\t\t<div class=\"elementor-column elementor-col-100 elementor-top-column elementor-element elementor-element-5f6e6383\" data-id=\"5f6e6383\" data-element_type=\"column\">\n\t\t\t<div class=\"elementor-widget-wrap elementor-element-populated\">\n\t\t\t\t\t\t<div class=\"elementor-element elementor-element-64ab2272 elementor-widget elementor-widget-text-editor\" data-id=\"64ab2272\" data-element_type=\"widget\" data-widget_type=\"text-editor.default\">\n\t\t\t\t<div class=\"elementor-widget-container\">\n\t\t\t\t\t\t\t<!-- wp:gallery {\"linkTo\":\"none\"} -->\n<figure class=\"wp-block-gallery has-nested-images columns-default is-cropped\"><\/figure>\n<!-- \/wp:gallery -->\t\t\t\t\t\t<\/div>\n\t\t\t\t<\/div>\n\t\t\t\t\t<\/div>\n\t\t<\/div>\n\t\t\t\t\t<\/div>\n\t\t<\/section>\n\t\t\t\t<section class=\"elementor-section elementor-top-section elementor-element elementor-element-057e034 elementor-section-boxed elementor-section-height-default elementor-section-height-default\" data-id=\"057e034\" data-element_type=\"section\">\n\t\t\t\t\t\t<div class=\"elementor-container elementor-column-gap-default\">\n\t\t\t\t\t<div class=\"elementor-column elementor-col-100 elementor-top-column elementor-element elementor-element-c3998df\" data-id=\"c3998df\" data-element_type=\"column\">\n\t\t\t<div class=\"elementor-widget-wrap elementor-element-populated\">\n\t\t\t\t\t\t<div class=\"elementor-element elementor-element-285b442 elementor-widget elementor-widget-text-editor\" data-id=\"285b442\" data-element_type=\"widget\" data-widget_type=\"text-editor.default\">\n\t\t\t\t<div class=\"elementor-widget-container\">\n\t\t\t\t\t\t\t<h1 style=\"text-align: center;\"><span style=\"text-decoration: underline; color: #800080;\">Nabo\u017ce\u0144stwo majowe na Feliks\u00f3wce<\/span><\/h1>\n<h3 style=\"text-align: center;\"><span style=\"color: #800080;\">W wigili\u0119 Uroczysto\u015bci Tr\u00f3jcy \u015awi\u0119tej <\/span><br \/><span style=\"color: #800080;\">oraz tradycyjnej pielgrzymki do Piekar \u015al\u0105skich <\/span><br \/><span style=\"color: #800080;\">25 maja 2024r. o godzinie 19:30\u00a0 <\/span><span style=\"color: #800080;\">odby\u0142o si\u0119 uroczyste nabo\u017ce\u0144stwo majowe<br \/>do Matki Boskiej Piekarskiej.<\/span><\/h3>\n<h3 style=\"text-align: center;\"><span style=\"color: #800080;\">\u00a0 <\/span><span style=\"color: #800080;\">Okoliczno\u015bciow\u0105 homili\u0119 wyg\u0142osi\u0142 ojciec Metody, franciszkanin.\u00a0<\/span><\/h3>\n<h3 style=\"text-align: center;\"><span style=\"color: #800080;\">Po nabo\u017ce\u0144stwie przy o\u0142tarzu polowym \u015bw. Franciszka<\/span><br \/><span style=\"color: #800080;\"> by\u0142o ognisko i agapa pod wiat\u0105.<\/span><\/h3>\t\t\t\t\t\t<\/div>\n\t\t\t\t<\/div>\n\t\t\t\t\t<\/div>\n\t\t<\/div>\n\t\t\t\t\t<\/div>\n\t\t<\/section>\n\t\t\t\t<section class=\"elementor-section elementor-top-section elementor-element elementor-element-86571ee elementor-section-boxed elementor-section-height-default elementor-section-height-default\" data-id=\"86571ee\" data-element_type=\"section\">\n\t\t\t\t\t\t<div class=\"elementor-container elementor-column-gap-default\">\n\t\t\t\t\t<div class=\"elementor-column elementor-col-100 elementor-top-column elementor-element elementor-element-7bfaa07\" data-id=\"7bfaa07\" data-element_type=\"column\">\n\t\t\t<div class=\"elementor-widget-wrap elementor-element-populated\">\n\t\t\t\t\t\t<div class=\"elementor-element elementor-element-d5e3306 elementor-widget elementor-widget-image\" data-id=\"d5e3306\" data-element_type=\"widget\" data-widget_type=\"image.default\">\n\t\t\t\t<div class=\"elementor-widget-container\">\n\t\t\t\t\t\t\t\t\t\t\t\t\t<img fetchpriority=\"high\" decoding=\"async\" width=\"768\" height=\"576\" src=\"http:\/\/parafiakrywald.pl\/wp-content\/uploads\/2024\/05\/IMG_5112-768x576.jpeg\" class=\"attachment-medium_large size-medium_large wp-image-2720\" alt=\"\" srcset=\"http:\/\/parafiakrywald.pl\/wp-content\/uploads\/2024\/05\/IMG_5112-768x576.jpeg 768w, http:\/\/parafiakrywald.pl\/wp-content\/uploads\/2024\/05\/IMG_5112-300x225.jpeg 300w, http:\/\/parafiakrywald.pl\/wp-content\/uploads\/2024\/05\/IMG_5112-1024x768.jpeg 1024w, http:\/\/parafiakrywald.pl\/wp-content\/uploads\/2024\/05\/IMG_5112-1536x1152.jpeg 1536w, http:\/\/parafiakrywald.pl\/wp-content\/uploads\/2024\/05\/IMG_5112.jpeg 2048w\" sizes=\"(max-width: 768px) 100vw, 768px\" \/>\t\t\t\t\t\t\t\t\t\t\t\t\t<\/div>\n\t\t\t\t<\/div>\n\t\t\t\t\t<\/div>\n\t\t<\/div>\n\t\t\t\t\t<\/div>\n\t\t<\/section>\n\t\t\t\t<section class=\"elementor-section elementor-top-section elementor-element elementor-element-a7e47df elementor-section-boxed elementor-section-height-default elementor-section-height-default\" data-id=\"a7e47df\" data-element_type=\"section\">\n\t\t\t\t\t\t<div class=\"elementor-container elementor-column-gap-default\">\n\t\t\t\t\t<div class=\"elementor-column elementor-col-100 elementor-top-column elementor-element elementor-element-3467e5c\" data-id=\"3467e5c\" data-element_type=\"column\">\n\t\t\t<div class=\"elementor-widget-wrap elementor-element-populated\">\n\t\t\t\t\t\t<div class=\"elementor-element elementor-element-6971b01 gallery-spacing-custom elementor-widget elementor-widget-image-gallery\" data-id=\"6971b01\" data-element_type=\"widget\" data-widget_type=\"image-gallery.default\">\n\t\t\t\t<div class=\"elementor-widget-container\">\n\t\t\t\t\t<div class=\"elementor-image-gallery\">\n\t\t\t<div id='gallery-1' class='gallery galleryid-2640 gallery-columns-3 gallery-size-medium'><figure class='gallery-item'>\n\t\t\t<div class='gallery-icon landscape'>\n\t\t\t\t<a data-elementor-open-lightbox=\"yes\" data-elementor-lightbox-slideshow=\"6971b01\" data-elementor-lightbox-title=\"IMG_5101\" data-e-action-hash=\"#elementor-action%3Aaction%3Dlightbox%26settings%3DeyJpZCI6MjcxMywidXJsIjoiaHR0cDpcL1wvcGFyYWZpYWtyeXdhbGQucGxcL3dwLWNvbnRlbnRcL3VwbG9hZHNcLzIwMjRcLzA1XC9JTUdfNTEwMS5qcGVnIiwic2xpZGVzaG93IjoiNjk3MWIwMSJ9\" href='http:\/\/parafiakrywald.pl\/wp-content\/uploads\/2024\/05\/IMG_5101.jpeg'><img decoding=\"async\" width=\"300\" height=\"225\" src=\"http:\/\/parafiakrywald.pl\/wp-content\/uploads\/2024\/05\/IMG_5101-300x225.jpeg\" class=\"attachment-medium size-medium\" alt=\"\" srcset=\"http:\/\/parafiakrywald.pl\/wp-content\/uploads\/2024\/05\/IMG_5101-300x225.jpeg 300w, http:\/\/parafiakrywald.pl\/wp-content\/uploads\/2024\/05\/IMG_5101-1024x768.jpeg 1024w, http:\/\/parafiakrywald.pl\/wp-content\/uploads\/2024\/05\/IMG_5101-768x576.jpeg 768w, http:\/\/parafiakrywald.pl\/wp-content\/uploads\/2024\/05\/IMG_5101-1536x1152.jpeg 1536w, http:\/\/parafiakrywald.pl\/wp-content\/uploads\/2024\/05\/IMG_5101.jpeg 2048w\" sizes=\"(max-width: 300px) 100vw, 300px\" \/><\/a>\n\t\t\t<\/div><\/figure><figure class='gallery-item'>\n\t\t\t<div class='gallery-icon landscape'>\n\t\t\t\t<a data-elementor-open-lightbox=\"yes\" data-elementor-lightbox-slideshow=\"6971b01\" data-elementor-lightbox-title=\"IMG_5111\" data-e-action-hash=\"#elementor-action%3Aaction%3Dlightbox%26settings%3DeyJpZCI6MjcxNCwidXJsIjoiaHR0cDpcL1wvcGFyYWZpYWtyeXdhbGQucGxcL3dwLWNvbnRlbnRcL3VwbG9hZHNcLzIwMjRcLzA1XC9JTUdfNTExMS5qcGVnIiwic2xpZGVzaG93IjoiNjk3MWIwMSJ9\" href='http:\/\/parafiakrywald.pl\/wp-content\/uploads\/2024\/05\/IMG_5111.jpeg'><img decoding=\"async\" width=\"300\" height=\"225\" src=\"http:\/\/parafiakrywald.pl\/wp-content\/uploads\/2024\/05\/IMG_5111-300x225.jpeg\" class=\"attachment-medium size-medium\" alt=\"\" srcset=\"http:\/\/parafiakrywald.pl\/wp-content\/uploads\/2024\/05\/IMG_5111-300x225.jpeg 300w, http:\/\/parafiakrywald.pl\/wp-content\/uploads\/2024\/05\/IMG_5111-1024x768.jpeg 1024w, http:\/\/parafiakrywald.pl\/wp-content\/uploads\/2024\/05\/IMG_5111-768x576.jpeg 768w, http:\/\/parafiakrywald.pl\/wp-content\/uploads\/2024\/05\/IMG_5111-1536x1152.jpeg 1536w, http:\/\/parafiakrywald.pl\/wp-content\/uploads\/2024\/05\/IMG_5111.jpeg 2048w\" sizes=\"(max-width: 300px) 100vw, 300px\" \/><\/a>\n\t\t\t<\/div><\/figure><figure class='gallery-item'>\n\t\t\t<div class='gallery-icon landscape'>\n\t\t\t\t<a data-elementor-open-lightbox=\"yes\" data-elementor-lightbox-slideshow=\"6971b01\" data-elementor-lightbox-title=\"IMG_5107\" data-e-action-hash=\"#elementor-action%3Aaction%3Dlightbox%26settings%3DeyJpZCI6MjcxNSwidXJsIjoiaHR0cDpcL1wvcGFyYWZpYWtyeXdhbGQucGxcL3dwLWNvbnRlbnRcL3VwbG9hZHNcLzIwMjRcLzA1XC9JTUdfNTEwNy5qcGVnIiwic2xpZGVzaG93IjoiNjk3MWIwMSJ9\" href='http:\/\/parafiakrywald.pl\/wp-content\/uploads\/2024\/05\/IMG_5107.jpeg'><img loading=\"lazy\" decoding=\"async\" width=\"300\" height=\"225\" src=\"http:\/\/parafiakrywald.pl\/wp-content\/uploads\/2024\/05\/IMG_5107-300x225.jpeg\" class=\"attachment-medium size-medium\" alt=\"\" srcset=\"http:\/\/parafiakrywald.pl\/wp-content\/uploads\/2024\/05\/IMG_5107-300x225.jpeg 300w, http:\/\/parafiakrywald.pl\/wp-content\/uploads\/2024\/05\/IMG_5107-1024x768.jpeg 1024w, http:\/\/parafiakrywald.pl\/wp-content\/uploads\/2024\/05\/IMG_5107-768x576.jpeg 768w, http:\/\/parafiakrywald.pl\/wp-content\/uploads\/2024\/05\/IMG_5107-1536x1152.jpeg 1536w, http:\/\/parafiakrywald.pl\/wp-content\/uploads\/2024\/05\/IMG_5107.jpeg 2048w\" sizes=\"(max-width: 300px) 100vw, 300px\" \/><\/a>\n\t\t\t<\/div><\/figure><figure class='gallery-item'>\n\t\t\t<div class='gallery-icon landscape'>\n\t\t\t\t<a data-elementor-open-lightbox=\"yes\" data-elementor-lightbox-slideshow=\"6971b01\" data-elementor-lightbox-title=\"IMG_5105\" data-e-action-hash=\"#elementor-action%3Aaction%3Dlightbox%26settings%3DeyJpZCI6MjcxNiwidXJsIjoiaHR0cDpcL1wvcGFyYWZpYWtyeXdhbGQucGxcL3dwLWNvbnRlbnRcL3VwbG9hZHNcLzIwMjRcLzA1XC9JTUdfNTEwNS5qcGVnIiwic2xpZGVzaG93IjoiNjk3MWIwMSJ9\" href='http:\/\/parafiakrywald.pl\/wp-content\/uploads\/2024\/05\/IMG_5105.jpeg'><img loading=\"lazy\" decoding=\"async\" width=\"300\" height=\"225\" src=\"http:\/\/parafiakrywald.pl\/wp-content\/uploads\/2024\/05\/IMG_5105-300x225.jpeg\" class=\"attachment-medium size-medium\" alt=\"\" srcset=\"http:\/\/parafiakrywald.pl\/wp-content\/uploads\/2024\/05\/IMG_5105-300x225.jpeg 300w, http:\/\/parafiakrywald.pl\/wp-content\/uploads\/2024\/05\/IMG_5105-1024x768.jpeg 1024w, http:\/\/parafiakrywald.pl\/wp-content\/uploads\/2024\/05\/IMG_5105-768x576.jpeg 768w, http:\/\/parafiakrywald.pl\/wp-content\/uploads\/2024\/05\/IMG_5105-1536x1152.jpeg 1536w, http:\/\/parafiakrywald.pl\/wp-content\/uploads\/2024\/05\/IMG_5105.jpeg 2048w\" sizes=\"(max-width: 300px) 100vw, 300px\" \/><\/a>\n\t\t\t<\/div><\/figure><figure class='gallery-item'>\n\t\t\t<div class='gallery-icon landscape'>\n\t\t\t\t<a data-elementor-open-lightbox=\"yes\" data-elementor-lightbox-slideshow=\"6971b01\" data-elementor-lightbox-title=\"IMG_5100\" data-e-action-hash=\"#elementor-action%3Aaction%3Dlightbox%26settings%3DeyJpZCI6MjcxNywidXJsIjoiaHR0cDpcL1wvcGFyYWZpYWtyeXdhbGQucGxcL3dwLWNvbnRlbnRcL3VwbG9hZHNcLzIwMjRcLzA1XC9JTUdfNTEwMC5qcGVnIiwic2xpZGVzaG93IjoiNjk3MWIwMSJ9\" href='http:\/\/parafiakrywald.pl\/wp-content\/uploads\/2024\/05\/IMG_5100.jpeg'><img loading=\"lazy\" decoding=\"async\" width=\"300\" height=\"225\" src=\"http:\/\/parafiakrywald.pl\/wp-content\/uploads\/2024\/05\/IMG_5100-300x225.jpeg\" class=\"attachment-medium size-medium\" alt=\"\" srcset=\"http:\/\/parafiakrywald.pl\/wp-content\/uploads\/2024\/05\/IMG_5100-300x225.jpeg 300w, http:\/\/parafiakrywald.pl\/wp-content\/uploads\/2024\/05\/IMG_5100-1024x768.jpeg 1024w, http:\/\/parafiakrywald.pl\/wp-content\/uploads\/2024\/05\/IMG_5100-768x576.jpeg 768w, http:\/\/parafiakrywald.pl\/wp-content\/uploads\/2024\/05\/IMG_5100-1536x1152.jpeg 1536w, http:\/\/parafiakrywald.pl\/wp-content\/uploads\/2024\/05\/IMG_5100.jpeg 2048w\" sizes=\"(max-width: 300px) 100vw, 300px\" \/><\/a>\n\t\t\t<\/div><\/figure><figure class='gallery-item'>\n\t\t\t<div class='gallery-icon landscape'>\n\t\t\t\t<a data-elementor-open-lightbox=\"yes\" data-elementor-lightbox-slideshow=\"6971b01\" data-elementor-lightbox-title=\"IMG_5102\" data-e-action-hash=\"#elementor-action%3Aaction%3Dlightbox%26settings%3DeyJpZCI6MjcxOCwidXJsIjoiaHR0cDpcL1wvcGFyYWZpYWtyeXdhbGQucGxcL3dwLWNvbnRlbnRcL3VwbG9hZHNcLzIwMjRcLzA1XC9JTUdfNTEwMi5qcGVnIiwic2xpZGVzaG93IjoiNjk3MWIwMSJ9\" href='http:\/\/parafiakrywald.pl\/wp-content\/uploads\/2024\/05\/IMG_5102.jpeg'><img loading=\"lazy\" decoding=\"async\" width=\"300\" height=\"225\" src=\"http:\/\/parafiakrywald.pl\/wp-content\/uploads\/2024\/05\/IMG_5102-300x225.jpeg\" class=\"attachment-medium size-medium\" alt=\"\" srcset=\"http:\/\/parafiakrywald.pl\/wp-content\/uploads\/2024\/05\/IMG_5102-300x225.jpeg 300w, http:\/\/parafiakrywald.pl\/wp-content\/uploads\/2024\/05\/IMG_5102-1024x768.jpeg 1024w, http:\/\/parafiakrywald.pl\/wp-content\/uploads\/2024\/05\/IMG_5102-768x576.jpeg 768w, http:\/\/parafiakrywald.pl\/wp-content\/uploads\/2024\/05\/IMG_5102-1536x1152.jpeg 1536w, http:\/\/parafiakrywald.pl\/wp-content\/uploads\/2024\/05\/IMG_5102.jpeg 2048w\" sizes=\"(max-width: 300px) 100vw, 300px\" \/><\/a>\n\t\t\t<\/div><\/figure>\n\t\t<\/div>\n\t\t<\/div>\n\t\t\t\t<\/div>\n\t\t\t\t<\/div>\n\t\t\t\t\t<\/div>\n\t\t<\/div>\n\t\t\t\t\t<\/div>\n\t\t<\/section>\n\t\t\t\t<\/div>\n\t\t","protected":false},"excerpt":{"rendered":"<p>Nabo\u017ce\u0144stwo majowe na Feliks\u00f3wce W wigili\u0119 Uroczysto\u015bci Tr\u00f3jcy \u015awi\u0119tej oraz tradycyjnej pielgrzymki do Piekar \u015al\u0105skich 25 maja 2024r. o godzinie 19:30\u00a0 odby\u0142o si\u0119 uroczyste nabo\u017ce\u0144stwo majowedo Matki Boskiej Piekarskiej. \u00a0 Okoliczno\u015bciow\u0105 homili\u0119 wyg\u0142osi\u0142 ojciec Metody, franciszkanin.\u00a0 Po nabo\u017ce\u0144stwie przy o\u0142tarzu polowym \u015bw. Franciszka by\u0142o ognisko i agapa pod wiat\u0105.<\/p>\n","protected":false},"author":1,"featured_media":1683,"comment_status":"open","ping_status":"open","sticky":false,"template":"","format":"gallery","meta":{"site-sidebar-layout":"default","site-content-layout":"","ast-site-content-layout":"default","site-content-style":"default","site-sidebar-style":"default","ast-global-header-display":"","ast-banner-title-visibility":"","ast-main-header-display":"","ast-hfb-above-header-display":"","ast-hfb-below-header-display":"","ast-hfb-mobile-header-display":"","site-post-title":"","ast-breadcrumbs-content":"","ast-featured-img":"","footer-sml-layout":"","theme-transparent-header-meta":"","adv-header-id-meta":"","stick-header-meta":"","header-above-stick-meta":"","header-main-stick-meta":"","header-below-stick-meta":"","astra-migrate-meta-layouts":"set","ast-page-background-enabled":"default","ast-page-background-meta":{"desktop":{"background-color":"","background-image":"","background-repeat":"repeat","background-position":"center center","background-size":"auto","background-attachment":"scroll","background-type":"","background-media":"","overlay-type":"","overlay-color":"","overlay-opacity":"","overlay-gradient":""},"tablet":{"background-color":"","background-image":"","background-repeat":"repeat","background-position":"center center","background-size":"auto","background-attachment":"scroll","background-type":"","background-media":"","overlay-type":"","overlay-color":"","overlay-opacity":"","overlay-gradient":""},"mobile":{"background-color":"","background-image":"","background-repeat":"repeat","background-position":"center center","background-size":"auto","background-attachment":"scroll","background-type":"","background-media":"","overlay-type":"","overlay-color":"","overlay-opacity":"","overlay-gradient":""}},"ast-content-background-meta":{"desktop":{"background-color":"var(--ast-global-color-5)","background-image":"","background-repeat":"repeat","background-position":"center center","background-size":"auto","background-attachment":"scroll","background-type":"","background-media":"","overlay-type":"","overlay-color":"","overlay-opacity":"","overlay-gradient":""},"tablet":{"background-color":"var(--ast-global-color-5)","background-image":"","background-repeat":"repeat","background-position":"center center","background-size":"auto","background-attachment":"scroll","background-type":"","background-media":"","overlay-type":"","overlay-color":"","overlay-opacity":"","overlay-gradient":""},"mobile":{"background-color":"var(--ast-global-color-5)","background-image":"","background-repeat":"repeat","background-position":"center center","background-size":"auto","background-attachment":"scroll","background-type":"","background-media":"","overlay-type":"","overlay-color":"","overlay-opacity":"","overlay-gradient":""}},"footnotes":""},"categories":[1],"tags":[],"class_list":["post-2640","post","type-post","status-publish","format-gallery","has-post-thumbnail","hentry","category-bez-kategorii","post_format-post-format-gallery"],"_links":{"self":[{"href":"http:\/\/parafiakrywald.pl\/index.php?rest_route=\/wp\/v2\/posts\/2640","targetHints":{"allow":["GET"]}}],"collection":[{"href":"http:\/\/parafiakrywald.pl\/index.php?rest_route=\/wp\/v2\/posts"}],"about":[{"href":"http:\/\/parafiakrywald.pl\/index.php?rest_route=\/wp\/v2\/types\/post"}],"author":[{"embeddable":true,"href":"http:\/\/parafiakrywald.pl\/index.php?rest_route=\/wp\/v2\/users\/1"}],"replies":[{"embeddable":true,"href":"http:\/\/parafiakrywald.pl\/index.php?rest_route=%2Fwp%2Fv2%2Fcomments&post=2640"}],"version-history":[{"count":26,"href":"http:\/\/parafiakrywald.pl\/index.php?rest_route=\/wp\/v2\/posts\/2640\/revisions"}],"predecessor-version":[{"id":2723,"href":"http:\/\/parafiakrywald.pl\/index.php?rest_route=\/wp\/v2\/posts\/2640\/revisions\/2723"}],"wp:featuredmedia":[{"embeddable":true,"href":"http:\/\/parafiakrywald.pl\/index.php?rest_route=\/wp\/v2\/media\/1683"}],"wp:attachment":[{"href":"http:\/\/parafiakrywald.pl\/index.php?rest_route=%2Fwp%2Fv2%2Fmedia&parent=2640"}],"wp:term":[{"taxonomy":"category","embeddable":true,"href":"http:\/\/parafiakrywald.pl\/index.php?rest_route=%2Fwp%2Fv2%2Fcategories&post=2640"},{"taxonomy":"post_tag","embeddable":true,"href":"http:\/\/parafiakrywald.pl\/index.php?rest_route=%2Fwp%2Fv2%2Ftags&post=2640"}],"curies":[{"name":"wp","href":"https:\/\/api.w.org\/{rel}","templated":true}]}}