{"id":2676,"date":"2024-05-25T15:38:53","date_gmt":"2024-05-25T13:38:53","guid":{"rendered":"https:\/\/parafiakrywald.pl\/?p=2676"},"modified":"2024-05-30T18:41:24","modified_gmt":"2024-05-30T16:41:24","slug":"uroczystosc-najswietszego-ciala-i-krwi-chrystusa","status":"publish","type":"post","link":"http:\/\/parafiakrywald.pl\/?p=2676","title":{"rendered":"30 V 2024r. &#8211; Uroczysto\u015b\u0107 Naj\u015bwi\u0119tszego Cia\u0142a i Krwi Chrystusa"},"content":{"rendered":"\t\t<div data-elementor-type=\"wp-post\" data-elementor-id=\"2676\" class=\"elementor elementor-2676\">\n\t\t\t\t\t\t<section class=\"elementor-section elementor-top-section elementor-element elementor-element-d2e72fa elementor-section-boxed elementor-section-height-default elementor-section-height-default\" data-id=\"d2e72fa\" data-element_type=\"section\">\n\t\t\t\t\t\t<div class=\"elementor-container elementor-column-gap-default\">\n\t\t\t\t\t<div class=\"elementor-column elementor-col-100 elementor-top-column elementor-element elementor-element-3ed1dad\" data-id=\"3ed1dad\" data-element_type=\"column\">\n\t\t\t<div class=\"elementor-widget-wrap elementor-element-populated\">\n\t\t\t\t\t\t<div class=\"elementor-element elementor-element-3f7b91bc elementor-widget elementor-widget-text-editor\" data-id=\"3f7b91bc\" data-element_type=\"widget\" data-widget_type=\"text-editor.default\">\n\t\t\t\t<div class=\"elementor-widget-container\">\n\t\t\t\t\t\t\t<!-- wp:gallery {\"linkTo\":\"none\"} -->\n<figure class=\"wp-block-gallery has-nested-images columns-default is-cropped\"><\/figure>\n<!-- \/wp:gallery -->\t\t\t\t\t\t<\/div>\n\t\t\t\t<\/div>\n\t\t\t\t\t<\/div>\n\t\t<\/div>\n\t\t\t\t\t<\/div>\n\t\t<\/section>\n\t\t\t\t<section class=\"elementor-section elementor-top-section elementor-element elementor-element-e063e19 elementor-section-boxed elementor-section-height-default elementor-section-height-default\" data-id=\"e063e19\" data-element_type=\"section\">\n\t\t\t\t\t\t<div class=\"elementor-container elementor-column-gap-default\">\n\t\t\t\t\t<div class=\"elementor-column elementor-col-100 elementor-top-column elementor-element elementor-element-d8956b1\" data-id=\"d8956b1\" data-element_type=\"column\">\n\t\t\t<div class=\"elementor-widget-wrap elementor-element-populated\">\n\t\t\t\t\t\t<div class=\"elementor-element elementor-element-046ef69 elementor-widget elementor-widget-text-editor\" data-id=\"046ef69\" data-element_type=\"widget\" data-widget_type=\"text-editor.default\">\n\t\t\t\t<div class=\"elementor-widget-container\">\n\t\t\t\t\t\t\t<h2 style=\"text-align: left;\"><span style=\"color: #000000;\">W czwartek 30 maja 2024r. obchodzili\u015bmy <strong><span style=\"color: #ff0000;\">Uroczysto\u015b\u0107 Naj\u015bwi\u0119tszego Cia\u0142a i Krwi Chrystusa<\/span><\/strong>, kt\u00f3ra przynagla\u0142a nas do z\u0142o\u017cenia publicznego \u015bwiadectwa wiary i pobo\u017cno\u015bci wobec Naj\u015bwi\u0119tszego Sakramentu.<br \/><\/span><\/h2>\n<h2 style=\"text-align: left;\"><span style=\"color: #000000;\">Bo\u017ce Cia\u0142o, kieruje nasze spojrzenie i my\u015bli ku Eucharystii jako uczcie i trwa\u0142ej obecno\u015bci Jezusa w Naj\u015bwi\u0119tszym Sakramencie. Uroczysto\u015b\u0107 stanowi wspania\u0142\u0105 okazj\u0119 do rozwa\u017cenia tajemnicy Eucharystii i jest okazj\u0105 do publicznego zamanifestowania naszej wiary wobec Naj\u015bwi\u0119tszego Sakramentu. <\/span><\/h2>\n<h2 style=\"text-align: left;\"><span style=\"color: #000000;\">W tym roku tematyka o\u0142tarzy zwi\u0105zana by\u0142a z has\u0142em programu duszpasterskiego<br \/><strong><span style=\"color: #0000ff;\">\u201eUczestnicz\u0119 we wsp\u00f3lnocie ko\u015bcio\u0142a\u201d.<\/span> <br \/><\/strong><\/span><\/h2>\n<h2 style=\"text-align: left;\"><span style=\"color: #000000;\">O godzinie 8:00 odprawiona zosta\u0142a uroczysta Msza \u015awi\u0119ta za Parafian, po kt\u00f3rej udali\u015bmy si\u0119 w procesji teoforycznej.<\/span><\/h2>\n<h2 style=\"text-align: left;\"><span style=\"color: #000000;\">Krywa\u0142dzcy Parafianie przygotowali cztery o\u0142tarze:<\/span><\/h2>\n<h2 style=\"text-align: left;\"><span style=\"color: #000000;\">I \u00a0o\u0142tarz na ulicy Ko\u015bcielnej \u201eAby\u015bmy stanowili jedno\u2026\u201d<\/span><\/h2>\n<h2 style=\"text-align: left;\"><span style=\"color: #000000;\">II o\u0142tarz na ulicy Michalskiego przy kaplicy \u015bw. Barbary \u201eUczestnicz\u0119 we wsp\u00f3lnocie Ko\u015bcio\u0142a\u201d<\/span><\/h2>\n<h2 style=\"text-align: left;\"><span style=\"color: #000000;\">III o\u0142tarz na ulicy Stawowej \u201eKo\u015bci\u00f3\u0142 \u017cyje Eucharysti\u0105\u201d<\/span><\/h2>\n<h2 style=\"text-align: left;\"><span style=\"color: #000000;\">IV o\u0142tarz na placu ko\u015bcielnym \u201ePan jest pasterzem moim, niczego mi nie braknie\u201d<\/span><\/h2>\n<h2 style=\"text-align: left;\"><span style=\"color: #000000;\">Przy ka\u017cdym z nich modlili\u015bmy si\u0119 o o\u017cywienie naszej pobo\u017cno\u015bci eucharystycznej. \u00a0<\/span><\/h2>\n<h2 style=\"text-align: left;\"><span style=\"color: #000000;\">Uroczysto\u015b\u0107 Naj\u015bwi\u0119tszego Cia\u0142a i Krwi Chrystusa by\u0142a dla nas wielkim dzi\u0119kczynieniem za dar Eucharystii. Procesj\u0119 zako\u0144czyli\u015bmy w ko\u015bciele uroczystym Te Deum Laudamus.<\/span><br \/><br \/><\/h2>\t\t\t\t\t\t<\/div>\n\t\t\t\t<\/div>\n\t\t\t\t\t<\/div>\n\t\t<\/div>\n\t\t\t\t\t<\/div>\n\t\t<\/section>\n\t\t\t\t<section class=\"elementor-section elementor-top-section elementor-element elementor-element-729833b elementor-section-boxed elementor-section-height-default elementor-section-height-default\" data-id=\"729833b\" data-element_type=\"section\">\n\t\t\t\t\t\t<div class=\"elementor-container elementor-column-gap-default\">\n\t\t\t\t\t<div class=\"elementor-column elementor-col-100 elementor-top-column elementor-element elementor-element-6fd6c5f\" data-id=\"6fd6c5f\" data-element_type=\"column\">\n\t\t\t<div class=\"elementor-widget-wrap elementor-element-populated\">\n\t\t\t\t\t\t<div class=\"elementor-element elementor-element-be37285 gallery-spacing-custom elementor-widget elementor-widget-image-gallery\" data-id=\"be37285\" data-element_type=\"widget\" data-widget_type=\"image-gallery.default\">\n\t\t\t\t<div class=\"elementor-widget-container\">\n\t\t\t\t\t<div class=\"elementor-image-gallery\">\n\t\t\t<div id='gallery-1' class='gallery galleryid-2676 gallery-columns-5 gallery-size-medium'><figure class='gallery-item'>\n\t\t\t<div class='gallery-icon portrait'>\n\t\t\t\t<a data-elementor-open-lightbox=\"yes\" data-elementor-lightbox-slideshow=\"be37285\" data-elementor-lightbox-title=\"IMG_5137\" data-e-action-hash=\"#elementor-action%3Aaction%3Dlightbox%26settings%3DeyJpZCI6MjY4OSwidXJsIjoiaHR0cDpcL1wvcGFyYWZpYWtyeXdhbGQucGxcL3dwLWNvbnRlbnRcL3VwbG9hZHNcLzIwMjRcLzA1XC9JTUdfNTEzNy5qcGVnIiwic2xpZGVzaG93IjoiYmUzNzI4NSJ9\" href='http:\/\/parafiakrywald.pl\/wp-content\/uploads\/2024\/05\/IMG_5137.jpeg'><img fetchpriority=\"high\" decoding=\"async\" width=\"225\" height=\"300\" src=\"http:\/\/parafiakrywald.pl\/wp-content\/uploads\/2024\/05\/IMG_5137-225x300.jpeg\" class=\"attachment-medium size-medium\" alt=\"\" srcset=\"http:\/\/parafiakrywald.pl\/wp-content\/uploads\/2024\/05\/IMG_5137-225x300.jpeg 225w, http:\/\/parafiakrywald.pl\/wp-content\/uploads\/2024\/05\/IMG_5137-768x1024.jpeg 768w, http:\/\/parafiakrywald.pl\/wp-content\/uploads\/2024\/05\/IMG_5137-1152x1536.jpeg 1152w, http:\/\/parafiakrywald.pl\/wp-content\/uploads\/2024\/05\/IMG_5137.jpeg 1536w\" sizes=\"(max-width: 225px) 100vw, 225px\" \/><\/a>\n\t\t\t<\/div><\/figure><figure class='gallery-item'>\n\t\t\t<div class='gallery-icon portrait'>\n\t\t\t\t<a data-elementor-open-lightbox=\"yes\" data-elementor-lightbox-slideshow=\"be37285\" data-elementor-lightbox-title=\"IMG_5144\" data-e-action-hash=\"#elementor-action%3Aaction%3Dlightbox%26settings%3DeyJpZCI6MjY5MCwidXJsIjoiaHR0cDpcL1wvcGFyYWZpYWtyeXdhbGQucGxcL3dwLWNvbnRlbnRcL3VwbG9hZHNcLzIwMjRcLzA1XC9JTUdfNTE0NC5qcGVnIiwic2xpZGVzaG93IjoiYmUzNzI4NSJ9\" href='http:\/\/parafiakrywald.pl\/wp-content\/uploads\/2024\/05\/IMG_5144.jpeg'><img decoding=\"async\" width=\"225\" height=\"300\" src=\"http:\/\/parafiakrywald.pl\/wp-content\/uploads\/2024\/05\/IMG_5144-225x300.jpeg\" class=\"attachment-medium size-medium\" alt=\"\" srcset=\"http:\/\/parafiakrywald.pl\/wp-content\/uploads\/2024\/05\/IMG_5144-225x300.jpeg 225w, http:\/\/parafiakrywald.pl\/wp-content\/uploads\/2024\/05\/IMG_5144-768x1024.jpeg 768w, http:\/\/parafiakrywald.pl\/wp-content\/uploads\/2024\/05\/IMG_5144-1152x1536.jpeg 1152w, http:\/\/parafiakrywald.pl\/wp-content\/uploads\/2024\/05\/IMG_5144.jpeg 1536w\" sizes=\"(max-width: 225px) 100vw, 225px\" \/><\/a>\n\t\t\t<\/div><\/figure><figure class='gallery-item'>\n\t\t\t<div class='gallery-icon portrait'>\n\t\t\t\t<a data-elementor-open-lightbox=\"yes\" data-elementor-lightbox-slideshow=\"be37285\" data-elementor-lightbox-title=\"IMG_5154\" data-e-action-hash=\"#elementor-action%3Aaction%3Dlightbox%26settings%3DeyJpZCI6MjY5MSwidXJsIjoiaHR0cDpcL1wvcGFyYWZpYWtyeXdhbGQucGxcL3dwLWNvbnRlbnRcL3VwbG9hZHNcLzIwMjRcLzA1XC9JTUdfNTE1NC5qcGVnIiwic2xpZGVzaG93IjoiYmUzNzI4NSJ9\" href='http:\/\/parafiakrywald.pl\/wp-content\/uploads\/2024\/05\/IMG_5154.jpeg'><img decoding=\"async\" width=\"225\" height=\"300\" src=\"http:\/\/parafiakrywald.pl\/wp-content\/uploads\/2024\/05\/IMG_5154-225x300.jpeg\" class=\"attachment-medium size-medium\" alt=\"\" srcset=\"http:\/\/parafiakrywald.pl\/wp-content\/uploads\/2024\/05\/IMG_5154-225x300.jpeg 225w, http:\/\/parafiakrywald.pl\/wp-content\/uploads\/2024\/05\/IMG_5154-768x1024.jpeg 768w, http:\/\/parafiakrywald.pl\/wp-content\/uploads\/2024\/05\/IMG_5154-1152x1536.jpeg 1152w, http:\/\/parafiakrywald.pl\/wp-content\/uploads\/2024\/05\/IMG_5154.jpeg 1536w\" sizes=\"(max-width: 225px) 100vw, 225px\" \/><\/a>\n\t\t\t<\/div><\/figure><figure class='gallery-item'>\n\t\t\t<div class='gallery-icon portrait'>\n\t\t\t\t<a data-elementor-open-lightbox=\"yes\" data-elementor-lightbox-slideshow=\"be37285\" data-elementor-lightbox-title=\"IMG_5161\" data-e-action-hash=\"#elementor-action%3Aaction%3Dlightbox%26settings%3DeyJpZCI6MjY5MiwidXJsIjoiaHR0cDpcL1wvcGFyYWZpYWtyeXdhbGQucGxcL3dwLWNvbnRlbnRcL3VwbG9hZHNcLzIwMjRcLzA1XC9JTUdfNTE2MS5qcGVnIiwic2xpZGVzaG93IjoiYmUzNzI4NSJ9\" href='http:\/\/parafiakrywald.pl\/wp-content\/uploads\/2024\/05\/IMG_5161.jpeg'><img loading=\"lazy\" decoding=\"async\" width=\"225\" height=\"300\" src=\"http:\/\/parafiakrywald.pl\/wp-content\/uploads\/2024\/05\/IMG_5161-225x300.jpeg\" class=\"attachment-medium size-medium\" alt=\"\" srcset=\"http:\/\/parafiakrywald.pl\/wp-content\/uploads\/2024\/05\/IMG_5161-225x300.jpeg 225w, http:\/\/parafiakrywald.pl\/wp-content\/uploads\/2024\/05\/IMG_5161-768x1024.jpeg 768w, http:\/\/parafiakrywald.pl\/wp-content\/uploads\/2024\/05\/IMG_5161-1152x1536.jpeg 1152w, http:\/\/parafiakrywald.pl\/wp-content\/uploads\/2024\/05\/IMG_5161.jpeg 1536w\" sizes=\"(max-width: 225px) 100vw, 225px\" \/><\/a>\n\t\t\t<\/div><\/figure><figure class='gallery-item'>\n\t\t\t<div class='gallery-icon portrait'>\n\t\t\t\t<a data-elementor-open-lightbox=\"yes\" data-elementor-lightbox-slideshow=\"be37285\" data-elementor-lightbox-title=\"IMG_5172\" data-e-action-hash=\"#elementor-action%3Aaction%3Dlightbox%26settings%3DeyJpZCI6MjY5MywidXJsIjoiaHR0cDpcL1wvcGFyYWZpYWtyeXdhbGQucGxcL3dwLWNvbnRlbnRcL3VwbG9hZHNcLzIwMjRcLzA1XC9JTUdfNTE3Mi5qcGVnIiwic2xpZGVzaG93IjoiYmUzNzI4NSJ9\" href='http:\/\/parafiakrywald.pl\/wp-content\/uploads\/2024\/05\/IMG_5172.jpeg'><img loading=\"lazy\" decoding=\"async\" width=\"225\" height=\"300\" src=\"http:\/\/parafiakrywald.pl\/wp-content\/uploads\/2024\/05\/IMG_5172-225x300.jpeg\" class=\"attachment-medium size-medium\" alt=\"\" srcset=\"http:\/\/parafiakrywald.pl\/wp-content\/uploads\/2024\/05\/IMG_5172-225x300.jpeg 225w, http:\/\/parafiakrywald.pl\/wp-content\/uploads\/2024\/05\/IMG_5172-768x1024.jpeg 768w, http:\/\/parafiakrywald.pl\/wp-content\/uploads\/2024\/05\/IMG_5172-1152x1536.jpeg 1152w, http:\/\/parafiakrywald.pl\/wp-content\/uploads\/2024\/05\/IMG_5172.jpeg 1536w\" sizes=\"(max-width: 225px) 100vw, 225px\" \/><\/a>\n\t\t\t<\/div><\/figure><figure class='gallery-item'>\n\t\t\t<div class='gallery-icon portrait'>\n\t\t\t\t<a data-elementor-open-lightbox=\"yes\" data-elementor-lightbox-slideshow=\"be37285\" data-elementor-lightbox-title=\"IMG_5173\" data-e-action-hash=\"#elementor-action%3Aaction%3Dlightbox%26settings%3DeyJpZCI6MjY5NCwidXJsIjoiaHR0cDpcL1wvcGFyYWZpYWtyeXdhbGQucGxcL3dwLWNvbnRlbnRcL3VwbG9hZHNcLzIwMjRcLzA1XC9JTUdfNTE3My5qcGVnIiwic2xpZGVzaG93IjoiYmUzNzI4NSJ9\" href='http:\/\/parafiakrywald.pl\/wp-content\/uploads\/2024\/05\/IMG_5173.jpeg'><img loading=\"lazy\" decoding=\"async\" width=\"225\" height=\"300\" src=\"http:\/\/parafiakrywald.pl\/wp-content\/uploads\/2024\/05\/IMG_5173-225x300.jpeg\" class=\"attachment-medium size-medium\" alt=\"\" srcset=\"http:\/\/parafiakrywald.pl\/wp-content\/uploads\/2024\/05\/IMG_5173-225x300.jpeg 225w, http:\/\/parafiakrywald.pl\/wp-content\/uploads\/2024\/05\/IMG_5173-768x1024.jpeg 768w, http:\/\/parafiakrywald.pl\/wp-content\/uploads\/2024\/05\/IMG_5173-1152x1536.jpeg 1152w, http:\/\/parafiakrywald.pl\/wp-content\/uploads\/2024\/05\/IMG_5173.jpeg 1536w\" sizes=\"(max-width: 225px) 100vw, 225px\" \/><\/a>\n\t\t\t<\/div><\/figure><figure class='gallery-item'>\n\t\t\t<div class='gallery-icon portrait'>\n\t\t\t\t<a data-elementor-open-lightbox=\"yes\" data-elementor-lightbox-slideshow=\"be37285\" data-elementor-lightbox-title=\"IMG_5184\" data-e-action-hash=\"#elementor-action%3Aaction%3Dlightbox%26settings%3DeyJpZCI6MjY5NSwidXJsIjoiaHR0cDpcL1wvcGFyYWZpYWtyeXdhbGQucGxcL3dwLWNvbnRlbnRcL3VwbG9hZHNcLzIwMjRcLzA1XC9JTUdfNTE4NC5qcGVnIiwic2xpZGVzaG93IjoiYmUzNzI4NSJ9\" href='http:\/\/parafiakrywald.pl\/wp-content\/uploads\/2024\/05\/IMG_5184.jpeg'><img loading=\"lazy\" decoding=\"async\" width=\"225\" height=\"300\" src=\"http:\/\/parafiakrywald.pl\/wp-content\/uploads\/2024\/05\/IMG_5184-225x300.jpeg\" class=\"attachment-medium size-medium\" alt=\"\" srcset=\"http:\/\/parafiakrywald.pl\/wp-content\/uploads\/2024\/05\/IMG_5184-225x300.jpeg 225w, http:\/\/parafiakrywald.pl\/wp-content\/uploads\/2024\/05\/IMG_5184-768x1024.jpeg 768w, http:\/\/parafiakrywald.pl\/wp-content\/uploads\/2024\/05\/IMG_5184-1152x1536.jpeg 1152w, http:\/\/parafiakrywald.pl\/wp-content\/uploads\/2024\/05\/IMG_5184.jpeg 1536w\" sizes=\"(max-width: 225px) 100vw, 225px\" \/><\/a>\n\t\t\t<\/div><\/figure><figure class='gallery-item'>\n\t\t\t<div class='gallery-icon portrait'>\n\t\t\t\t<a data-elementor-open-lightbox=\"yes\" data-elementor-lightbox-slideshow=\"be37285\" data-elementor-lightbox-title=\"IMG_5133\" data-e-action-hash=\"#elementor-action%3Aaction%3Dlightbox%26settings%3DeyJpZCI6MjY4OCwidXJsIjoiaHR0cDpcL1wvcGFyYWZpYWtyeXdhbGQucGxcL3dwLWNvbnRlbnRcL3VwbG9hZHNcLzIwMjRcLzA1XC9JTUdfNTEzMy5qcGVnIiwic2xpZGVzaG93IjoiYmUzNzI4NSJ9\" href='http:\/\/parafiakrywald.pl\/wp-content\/uploads\/2024\/05\/IMG_5133.jpeg'><img loading=\"lazy\" decoding=\"async\" width=\"225\" height=\"300\" src=\"http:\/\/parafiakrywald.pl\/wp-content\/uploads\/2024\/05\/IMG_5133-225x300.jpeg\" class=\"attachment-medium size-medium\" alt=\"\" srcset=\"http:\/\/parafiakrywald.pl\/wp-content\/uploads\/2024\/05\/IMG_5133-225x300.jpeg 225w, http:\/\/parafiakrywald.pl\/wp-content\/uploads\/2024\/05\/IMG_5133-768x1024.jpeg 768w, http:\/\/parafiakrywald.pl\/wp-content\/uploads\/2024\/05\/IMG_5133-1152x1536.jpeg 1152w, http:\/\/parafiakrywald.pl\/wp-content\/uploads\/2024\/05\/IMG_5133.jpeg 1536w\" sizes=\"(max-width: 225px) 100vw, 225px\" \/><\/a>\n\t\t\t<\/div><\/figure><figure class='gallery-item'>\n\t\t\t<div class='gallery-icon portrait'>\n\t\t\t\t<a data-elementor-open-lightbox=\"yes\" data-elementor-lightbox-slideshow=\"be37285\" data-elementor-lightbox-title=\"IMG_5156\" data-e-action-hash=\"#elementor-action%3Aaction%3Dlightbox%26settings%3DeyJpZCI6MjY5NiwidXJsIjoiaHR0cDpcL1wvcGFyYWZpYWtyeXdhbGQucGxcL3dwLWNvbnRlbnRcL3VwbG9hZHNcLzIwMjRcLzA1XC9JTUdfNTE1Ni5qcGVnIiwic2xpZGVzaG93IjoiYmUzNzI4NSJ9\" href='http:\/\/parafiakrywald.pl\/wp-content\/uploads\/2024\/05\/IMG_5156.jpeg'><img loading=\"lazy\" decoding=\"async\" width=\"225\" height=\"300\" src=\"http:\/\/parafiakrywald.pl\/wp-content\/uploads\/2024\/05\/IMG_5156-225x300.jpeg\" class=\"attachment-medium size-medium\" alt=\"\" srcset=\"http:\/\/parafiakrywald.pl\/wp-content\/uploads\/2024\/05\/IMG_5156-225x300.jpeg 225w, http:\/\/parafiakrywald.pl\/wp-content\/uploads\/2024\/05\/IMG_5156-768x1024.jpeg 768w, http:\/\/parafiakrywald.pl\/wp-content\/uploads\/2024\/05\/IMG_5156-1152x1536.jpeg 1152w, http:\/\/parafiakrywald.pl\/wp-content\/uploads\/2024\/05\/IMG_5156.jpeg 1536w\" sizes=\"(max-width: 225px) 100vw, 225px\" \/><\/a>\n\t\t\t<\/div><\/figure><figure class='gallery-item'>\n\t\t\t<div class='gallery-icon portrait'>\n\t\t\t\t<a data-elementor-open-lightbox=\"yes\" data-elementor-lightbox-slideshow=\"be37285\" data-elementor-lightbox-title=\"IMG_5160\" data-e-action-hash=\"#elementor-action%3Aaction%3Dlightbox%26settings%3DeyJpZCI6MjY5OCwidXJsIjoiaHR0cDpcL1wvcGFyYWZpYWtyeXdhbGQucGxcL3dwLWNvbnRlbnRcL3VwbG9hZHNcLzIwMjRcLzA1XC9JTUdfNTE2MC5qcGVnIiwic2xpZGVzaG93IjoiYmUzNzI4NSJ9\" href='http:\/\/parafiakrywald.pl\/wp-content\/uploads\/2024\/05\/IMG_5160.jpeg'><img loading=\"lazy\" decoding=\"async\" width=\"225\" height=\"300\" src=\"http:\/\/parafiakrywald.pl\/wp-content\/uploads\/2024\/05\/IMG_5160-225x300.jpeg\" class=\"attachment-medium size-medium\" alt=\"\" srcset=\"http:\/\/parafiakrywald.pl\/wp-content\/uploads\/2024\/05\/IMG_5160-225x300.jpeg 225w, http:\/\/parafiakrywald.pl\/wp-content\/uploads\/2024\/05\/IMG_5160-768x1024.jpeg 768w, http:\/\/parafiakrywald.pl\/wp-content\/uploads\/2024\/05\/IMG_5160-1152x1536.jpeg 1152w, http:\/\/parafiakrywald.pl\/wp-content\/uploads\/2024\/05\/IMG_5160.jpeg 1536w\" sizes=\"(max-width: 225px) 100vw, 225px\" \/><\/a>\n\t\t\t<\/div><\/figure><figure class='gallery-item'>\n\t\t\t<div class='gallery-icon landscape'>\n\t\t\t\t<a data-elementor-open-lightbox=\"yes\" data-elementor-lightbox-slideshow=\"be37285\" data-elementor-lightbox-title=\"IMG_5141\" data-e-action-hash=\"#elementor-action%3Aaction%3Dlightbox%26settings%3DeyJpZCI6MjY5OSwidXJsIjoiaHR0cDpcL1wvcGFyYWZpYWtyeXdhbGQucGxcL3dwLWNvbnRlbnRcL3VwbG9hZHNcLzIwMjRcLzA1XC9JTUdfNTE0MS5qcGVnIiwic2xpZGVzaG93IjoiYmUzNzI4NSJ9\" href='http:\/\/parafiakrywald.pl\/wp-content\/uploads\/2024\/05\/IMG_5141.jpeg'><img loading=\"lazy\" decoding=\"async\" width=\"300\" height=\"225\" src=\"http:\/\/parafiakrywald.pl\/wp-content\/uploads\/2024\/05\/IMG_5141-300x225.jpeg\" class=\"attachment-medium size-medium\" alt=\"\" srcset=\"http:\/\/parafiakrywald.pl\/wp-content\/uploads\/2024\/05\/IMG_5141-300x225.jpeg 300w, http:\/\/parafiakrywald.pl\/wp-content\/uploads\/2024\/05\/IMG_5141-1024x768.jpeg 1024w, http:\/\/parafiakrywald.pl\/wp-content\/uploads\/2024\/05\/IMG_5141-768x576.jpeg 768w, http:\/\/parafiakrywald.pl\/wp-content\/uploads\/2024\/05\/IMG_5141-1536x1152.jpeg 1536w, http:\/\/parafiakrywald.pl\/wp-content\/uploads\/2024\/05\/IMG_5141.jpeg 2048w\" sizes=\"(max-width: 300px) 100vw, 300px\" \/><\/a>\n\t\t\t<\/div><\/figure><figure class='gallery-item'>\n\t\t\t<div class='gallery-icon landscape'>\n\t\t\t\t<a data-elementor-open-lightbox=\"yes\" data-elementor-lightbox-slideshow=\"be37285\" data-elementor-lightbox-title=\"IMG_5179\" data-e-action-hash=\"#elementor-action%3Aaction%3Dlightbox%26settings%3DeyJpZCI6MjcwMCwidXJsIjoiaHR0cDpcL1wvcGFyYWZpYWtyeXdhbGQucGxcL3dwLWNvbnRlbnRcL3VwbG9hZHNcLzIwMjRcLzA1XC9JTUdfNTE3OS5qcGVnIiwic2xpZGVzaG93IjoiYmUzNzI4NSJ9\" href='http:\/\/parafiakrywald.pl\/wp-content\/uploads\/2024\/05\/IMG_5179.jpeg'><img loading=\"lazy\" decoding=\"async\" width=\"300\" height=\"225\" src=\"http:\/\/parafiakrywald.pl\/wp-content\/uploads\/2024\/05\/IMG_5179-300x225.jpeg\" class=\"attachment-medium size-medium\" alt=\"\" srcset=\"http:\/\/parafiakrywald.pl\/wp-content\/uploads\/2024\/05\/IMG_5179-300x225.jpeg 300w, http:\/\/parafiakrywald.pl\/wp-content\/uploads\/2024\/05\/IMG_5179-1024x768.jpeg 1024w, http:\/\/parafiakrywald.pl\/wp-content\/uploads\/2024\/05\/IMG_5179-768x576.jpeg 768w, http:\/\/parafiakrywald.pl\/wp-content\/uploads\/2024\/05\/IMG_5179-1536x1152.jpeg 1536w, http:\/\/parafiakrywald.pl\/wp-content\/uploads\/2024\/05\/IMG_5179.jpeg 2048w\" sizes=\"(max-width: 300px) 100vw, 300px\" \/><\/a>\n\t\t\t<\/div><\/figure><figure class='gallery-item'>\n\t\t\t<div class='gallery-icon landscape'>\n\t\t\t\t<a data-elementor-open-lightbox=\"yes\" data-elementor-lightbox-slideshow=\"be37285\" data-elementor-lightbox-title=\"IMG_5169\" data-e-action-hash=\"#elementor-action%3Aaction%3Dlightbox%26settings%3DeyJpZCI6MjcwMSwidXJsIjoiaHR0cDpcL1wvcGFyYWZpYWtyeXdhbGQucGxcL3dwLWNvbnRlbnRcL3VwbG9hZHNcLzIwMjRcLzA1XC9JTUdfNTE2OS5qcGVnIiwic2xpZGVzaG93IjoiYmUzNzI4NSJ9\" href='http:\/\/parafiakrywald.pl\/wp-content\/uploads\/2024\/05\/IMG_5169.jpeg'><img loading=\"lazy\" decoding=\"async\" width=\"300\" height=\"225\" src=\"http:\/\/parafiakrywald.pl\/wp-content\/uploads\/2024\/05\/IMG_5169-300x225.jpeg\" class=\"attachment-medium size-medium\" alt=\"\" srcset=\"http:\/\/parafiakrywald.pl\/wp-content\/uploads\/2024\/05\/IMG_5169-300x225.jpeg 300w, http:\/\/parafiakrywald.pl\/wp-content\/uploads\/2024\/05\/IMG_5169-1024x768.jpeg 1024w, http:\/\/parafiakrywald.pl\/wp-content\/uploads\/2024\/05\/IMG_5169-768x576.jpeg 768w, http:\/\/parafiakrywald.pl\/wp-content\/uploads\/2024\/05\/IMG_5169-1536x1152.jpeg 1536w, http:\/\/parafiakrywald.pl\/wp-content\/uploads\/2024\/05\/IMG_5169.jpeg 2048w\" sizes=\"(max-width: 300px) 100vw, 300px\" \/><\/a>\n\t\t\t<\/div><\/figure><figure class='gallery-item'>\n\t\t\t<div class='gallery-icon landscape'>\n\t\t\t\t<a data-elementor-open-lightbox=\"yes\" data-elementor-lightbox-slideshow=\"be37285\" data-elementor-lightbox-title=\"IMG_5181\" data-e-action-hash=\"#elementor-action%3Aaction%3Dlightbox%26settings%3DeyJpZCI6MjcwMywidXJsIjoiaHR0cDpcL1wvcGFyYWZpYWtyeXdhbGQucGxcL3dwLWNvbnRlbnRcL3VwbG9hZHNcLzIwMjRcLzA1XC9JTUdfNTE4MS5qcGVnIiwic2xpZGVzaG93IjoiYmUzNzI4NSJ9\" href='http:\/\/parafiakrywald.pl\/wp-content\/uploads\/2024\/05\/IMG_5181.jpeg'><img loading=\"lazy\" decoding=\"async\" width=\"300\" height=\"225\" src=\"http:\/\/parafiakrywald.pl\/wp-content\/uploads\/2024\/05\/IMG_5181-300x225.jpeg\" class=\"attachment-medium size-medium\" alt=\"\" srcset=\"http:\/\/parafiakrywald.pl\/wp-content\/uploads\/2024\/05\/IMG_5181-300x225.jpeg 300w, http:\/\/parafiakrywald.pl\/wp-content\/uploads\/2024\/05\/IMG_5181-1024x768.jpeg 1024w, http:\/\/parafiakrywald.pl\/wp-content\/uploads\/2024\/05\/IMG_5181-768x576.jpeg 768w, http:\/\/parafiakrywald.pl\/wp-content\/uploads\/2024\/05\/IMG_5181-1536x1152.jpeg 1536w, http:\/\/parafiakrywald.pl\/wp-content\/uploads\/2024\/05\/IMG_5181.jpeg 2048w\" sizes=\"(max-width: 300px) 100vw, 300px\" \/><\/a>\n\t\t\t<\/div><\/figure><figure class='gallery-item'>\n\t\t\t<div class='gallery-icon landscape'>\n\t\t\t\t<a data-elementor-open-lightbox=\"yes\" data-elementor-lightbox-slideshow=\"be37285\" data-elementor-lightbox-title=\"IMG_5147\" data-e-action-hash=\"#elementor-action%3Aaction%3Dlightbox%26settings%3DeyJpZCI6MjcwNiwidXJsIjoiaHR0cDpcL1wvcGFyYWZpYWtyeXdhbGQucGxcL3dwLWNvbnRlbnRcL3VwbG9hZHNcLzIwMjRcLzA1XC9JTUdfNTE0Ny5qcGVnIiwic2xpZGVzaG93IjoiYmUzNzI4NSJ9\" href='http:\/\/parafiakrywald.pl\/wp-content\/uploads\/2024\/05\/IMG_5147.jpeg'><img loading=\"lazy\" decoding=\"async\" width=\"300\" height=\"225\" src=\"http:\/\/parafiakrywald.pl\/wp-content\/uploads\/2024\/05\/IMG_5147-300x225.jpeg\" class=\"attachment-medium size-medium\" alt=\"\" srcset=\"http:\/\/parafiakrywald.pl\/wp-content\/uploads\/2024\/05\/IMG_5147-300x225.jpeg 300w, http:\/\/parafiakrywald.pl\/wp-content\/uploads\/2024\/05\/IMG_5147-1024x768.jpeg 1024w, http:\/\/parafiakrywald.pl\/wp-content\/uploads\/2024\/05\/IMG_5147-768x576.jpeg 768w, http:\/\/parafiakrywald.pl\/wp-content\/uploads\/2024\/05\/IMG_5147-1536x1152.jpeg 1536w, http:\/\/parafiakrywald.pl\/wp-content\/uploads\/2024\/05\/IMG_5147.jpeg 2048w\" sizes=\"(max-width: 300px) 100vw, 300px\" \/><\/a>\n\t\t\t<\/div><\/figure>\n\t\t<\/div>\n\t\t<\/div>\n\t\t\t\t<\/div>\n\t\t\t\t<\/div>\n\t\t\t\t\t<\/div>\n\t\t<\/div>\n\t\t\t\t\t<\/div>\n\t\t<\/section>\n\t\t\t\t<\/div>\n\t\t","protected":false},"excerpt":{"rendered":"<p>W czwartek 30 maja 2024r. obchodzili\u015bmy Uroczysto\u015b\u0107 Naj\u015bwi\u0119tszego Cia\u0142a i Krwi Chrystusa, kt\u00f3ra przynagla\u0142a nas do z\u0142o\u017cenia publicznego \u015bwiadectwa wiary i pobo\u017cno\u015bci wobec Naj\u015bwi\u0119tszego Sakramentu. Bo\u017ce Cia\u0142o, kieruje nasze spojrzenie i my\u015bli ku Eucharystii jako uczcie i trwa\u0142ej obecno\u015bci Jezusa w Naj\u015bwi\u0119tszym Sakramencie. Uroczysto\u015b\u0107 stanowi wspania\u0142\u0105 okazj\u0119 do rozwa\u017cenia tajemnicy Eucharystii i jest okazj\u0105 do [&hellip;]<\/p>\n","protected":false},"author":1,"featured_media":2701,"comment_status":"open","ping_status":"open","sticky":false,"template":"","format":"gallery","meta":{"site-sidebar-layout":"default","site-content-layout":"","ast-site-content-layout":"default","site-content-style":"default","site-sidebar-style":"default","ast-global-header-display":"","ast-banner-title-visibility":"","ast-main-header-display":"","ast-hfb-above-header-display":"","ast-hfb-below-header-display":"","ast-hfb-mobile-header-display":"","site-post-title":"","ast-breadcrumbs-content":"","ast-featured-img":"","footer-sml-layout":"","theme-transparent-header-meta":"","adv-header-id-meta":"","stick-header-meta":"","header-above-stick-meta":"","header-main-stick-meta":"","header-below-stick-meta":"","astra-migrate-meta-layouts":"set","ast-page-background-enabled":"default","ast-page-background-meta":{"desktop":{"background-color":"","background-image":"","background-repeat":"repeat","background-position":"center center","background-size":"auto","background-attachment":"scroll","background-type":"","background-media":"","overlay-type":"","overlay-color":"","overlay-opacity":"","overlay-gradient":""},"tablet":{"background-color":"","background-image":"","background-repeat":"repeat","background-position":"center center","background-size":"auto","background-attachment":"scroll","background-type":"","background-media":"","overlay-type":"","overlay-color":"","overlay-opacity":"","overlay-gradient":""},"mobile":{"background-color":"","background-image":"","background-repeat":"repeat","background-position":"center center","background-size":"auto","background-attachment":"scroll","background-type":"","background-media":"","overlay-type":"","overlay-color":"","overlay-opacity":"","overlay-gradient":""}},"ast-content-background-meta":{"desktop":{"background-color":"var(--ast-global-color-5)","background-image":"","background-repeat":"repeat","background-position":"center center","background-size":"auto","background-attachment":"scroll","background-type":"","background-media":"","overlay-type":"","overlay-color":"","overlay-opacity":"","overlay-gradient":""},"tablet":{"background-color":"var(--ast-global-color-5)","background-image":"","background-repeat":"repeat","background-position":"center center","background-size":"auto","background-attachment":"scroll","background-type":"","background-media":"","overlay-type":"","overlay-color":"","overlay-opacity":"","overlay-gradient":""},"mobile":{"background-color":"var(--ast-global-color-5)","background-image":"","background-repeat":"repeat","background-position":"center center","background-size":"auto","background-attachment":"scroll","background-type":"","background-media":"","overlay-type":"","overlay-color":"","overlay-opacity":"","overlay-gradient":""}},"footnotes":""},"categories":[1],"tags":[],"class_list":["post-2676","post","type-post","status-publish","format-gallery","has-post-thumbnail","hentry","category-bez-kategorii","post_format-post-format-gallery"],"_links":{"self":[{"href":"http:\/\/parafiakrywald.pl\/index.php?rest_route=\/wp\/v2\/posts\/2676","targetHints":{"allow":["GET"]}}],"collection":[{"href":"http:\/\/parafiakrywald.pl\/index.php?rest_route=\/wp\/v2\/posts"}],"about":[{"href":"http:\/\/parafiakrywald.pl\/index.php?rest_route=\/wp\/v2\/types\/post"}],"author":[{"embeddable":true,"href":"http:\/\/parafiakrywald.pl\/index.php?rest_route=\/wp\/v2\/users\/1"}],"replies":[{"embeddable":true,"href":"http:\/\/parafiakrywald.pl\/index.php?rest_route=%2Fwp%2Fv2%2Fcomments&post=2676"}],"version-history":[{"count":11,"href":"http:\/\/parafiakrywald.pl\/index.php?rest_route=\/wp\/v2\/posts\/2676\/revisions"}],"predecessor-version":[{"id":2709,"href":"http:\/\/parafiakrywald.pl\/index.php?rest_route=\/wp\/v2\/posts\/2676\/revisions\/2709"}],"wp:featuredmedia":[{"embeddable":true,"href":"http:\/\/parafiakrywald.pl\/index.php?rest_route=\/wp\/v2\/media\/2701"}],"wp:attachment":[{"href":"http:\/\/parafiakrywald.pl\/index.php?rest_route=%2Fwp%2Fv2%2Fmedia&parent=2676"}],"wp:term":[{"taxonomy":"category","embeddable":true,"href":"http:\/\/parafiakrywald.pl\/index.php?rest_route=%2Fwp%2Fv2%2Fcategories&post=2676"},{"taxonomy":"post_tag","embeddable":true,"href":"http:\/\/parafiakrywald.pl\/index.php?rest_route=%2Fwp%2Fv2%2Ftags&post=2676"}],"curies":[{"name":"wp","href":"https:\/\/api.w.org\/{rel}","templated":true}]}}