{"id":2751,"date":"2024-06-09T17:54:15","date_gmt":"2024-06-09T15:54:15","guid":{"rendered":"https:\/\/parafiakrywald.pl\/?p=2751"},"modified":"2024-07-21T13:17:29","modified_gmt":"2024-07-21T11:17:29","slug":"parafialny-odpust-18-czerwca-2023r-copy","status":"publish","type":"post","link":"http:\/\/parafiakrywald.pl\/?p=2751","title":{"rendered":"16 czerwca 2024r. &#8211; Zaproszenie na Odpust"},"content":{"rendered":"\t\t<div data-elementor-type=\"wp-post\" data-elementor-id=\"2751\" class=\"elementor elementor-2751\">\n\t\t\t\t\t\t<section class=\"elementor-section elementor-top-section elementor-element elementor-element-512e2c9b elementor-section-boxed elementor-section-height-default elementor-section-height-default\" data-id=\"512e2c9b\" data-element_type=\"section\">\n\t\t\t\t\t\t<div class=\"elementor-container elementor-column-gap-default\">\n\t\t\t\t\t<div class=\"elementor-column elementor-col-100 elementor-top-column elementor-element elementor-element-560c775c\" data-id=\"560c775c\" data-element_type=\"column\">\n\t\t\t<div class=\"elementor-widget-wrap elementor-element-populated\">\n\t\t\t\t\t\t<div class=\"elementor-element elementor-element-1aa1426f elementor-widget elementor-widget-text-editor\" data-id=\"1aa1426f\" data-element_type=\"widget\" data-widget_type=\"text-editor.default\">\n\t\t\t\t<div class=\"elementor-widget-container\">\n\t\t\t\t\t\t\t<!-- wp:gallery {\"linkTo\":\"none\"} -->\n<figure class=\"wp-block-gallery has-nested-images columns-default is-cropped\"><\/figure>\n<!-- \/wp:gallery -->\t\t\t\t\t\t<\/div>\n\t\t\t\t<\/div>\n\t\t\t\t<div class=\"elementor-element elementor-element-fc4927d elementor-widget elementor-widget-image\" data-id=\"fc4927d\" data-element_type=\"widget\" data-widget_type=\"image.default\">\n\t\t\t\t<div class=\"elementor-widget-container\">\n\t\t\t\t\t\t\t\t\t\t\t\t\t<img fetchpriority=\"high\" decoding=\"async\" width=\"300\" height=\"300\" src=\"http:\/\/parafiakrywald.pl\/wp-content\/uploads\/2021\/06\/cropped-IKONA-300x300.jpg\" class=\"attachment-medium size-medium wp-image-1076\" alt=\"\" srcset=\"http:\/\/parafiakrywald.pl\/wp-content\/uploads\/2021\/06\/cropped-IKONA-300x300.jpg 300w, http:\/\/parafiakrywald.pl\/wp-content\/uploads\/2021\/06\/cropped-IKONA-150x150.jpg 150w, http:\/\/parafiakrywald.pl\/wp-content\/uploads\/2021\/06\/cropped-IKONA-270x270.jpg 270w, http:\/\/parafiakrywald.pl\/wp-content\/uploads\/2021\/06\/cropped-IKONA-192x192.jpg 192w, http:\/\/parafiakrywald.pl\/wp-content\/uploads\/2021\/06\/cropped-IKONA-180x180.jpg 180w, http:\/\/parafiakrywald.pl\/wp-content\/uploads\/2021\/06\/cropped-IKONA-32x32.jpg 32w, http:\/\/parafiakrywald.pl\/wp-content\/uploads\/2021\/06\/cropped-IKONA.jpg 512w\" sizes=\"(max-width: 300px) 100vw, 300px\" \/>\t\t\t\t\t\t\t\t\t\t\t\t\t<\/div>\n\t\t\t\t<\/div>\n\t\t\t\t\t<\/div>\n\t\t<\/div>\n\t\t\t\t\t<\/div>\n\t\t<\/section>\n\t\t\t\t<section class=\"elementor-section elementor-top-section elementor-element elementor-element-e63daac elementor-section-boxed elementor-section-height-default elementor-section-height-default\" data-id=\"e63daac\" data-element_type=\"section\">\n\t\t\t\t\t\t<div class=\"elementor-container elementor-column-gap-default\">\n\t\t\t\t\t<div class=\"elementor-column elementor-col-100 elementor-top-column elementor-element elementor-element-18efe45\" data-id=\"18efe45\" data-element_type=\"column\">\n\t\t\t<div class=\"elementor-widget-wrap elementor-element-populated\">\n\t\t\t\t\t\t<div class=\"elementor-element elementor-element-88400cc elementor-widget elementor-widget-text-editor\" data-id=\"88400cc\" data-element_type=\"widget\" data-widget_type=\"text-editor.default\">\n\t\t\t\t<div class=\"elementor-widget-container\">\n\t\t\t\t\t\t\t<h1 style=\"text-align: center;\"><span style=\"color: #000080;\"><strong>&nbsp;Odpust ku czci \u015bwi\u0119tego Antoniego&nbsp;<\/strong><\/span><\/h1>\n<h4>&nbsp;<\/h4>\n<h2 style=\"text-align: center;\"><span style=\"color: #333399;\">13 czerwca przypada wspomnienie \u015bwi\u0119tego Antoniego z Padwy.&nbsp;<\/span><\/h2>\n<h2 style=\"text-align: center;\"><span style=\"color: #333399;\">W niedziel\u0119 16 czerwca 2024r. obchodzi\u0107 b\u0119dziemy nasz parafialny odpust. <\/span><\/h2>\n<h1 style=\"text-align: center;\"><strong><span style=\"color: #333399;\">Suma odpustowa o godzinie 11:00<\/span><\/strong><\/h1>\n<h1 style=\"text-align: center;\"><strong><span style=\"color: #333399;\">Nieszpory odpustowe o godzinie 15:30<\/span><\/strong><\/h1>\n<h2 style=\"text-align: center;\"><strong><span style=\"color: #333399;\">Kazania odpustowe wyg\u0142osi ks. Grzegorz Wieczorek<\/span><\/strong><\/h2>\n<h2 style=\"text-align: center;\"><span style=\"color: #333399;\"> Do udzia\u0142u w sumie odpustowej zapraszamy m\u0142odzie\u017c oraz dzieci, kt\u00f3re przyst\u0105pi\u0142y <br>do Wczesnej i Pierwszej Komunii \u015awi\u0119tej.<\/span><\/h2>\n<h2 style=\"text-align: center;\"><span style=\"color: #333399;\"> Zach\u0119camy wszystkich Parafian oraz czcicieli \u015bwi\u0119tego Antoniego do uzyskania odpustu zupe\u0142nego pod zwyk\u0142ymi warunkami.&nbsp;<\/span><\/h2>\n<h2 style=\"text-align: center;\"><span style=\"color: #333399;\">W sobot\u0119 15 czerwca o godzinie 16:30 nabo\u017ce\u0144stwo do Pi\u0119knej Madonny, <br>po kt\u00f3rym zostanie odprawiona ju\u017c pierwsza Msza \u015awi\u0119ta odpustowa.<br><\/span><\/h2>\n<h2 style=\"text-align: center;\"><span style=\"color: #333399;\">Po wszystkich Mszach \u015awi\u0119tych&nbsp; uczcimy relikwie \u015bwi\u0119tego Antoniego z Padwy.&nbsp;<\/span><\/h2>\n<p><\/p>\n<div>\n<h3 style=\"text-align: center;\"><em><span style=\"color: #333399;\">Wszystkim Parafianom i Go\u015bciom \u017cyczymy&nbsp; g\u0142\u0119bokich prze\u017cy\u0107 religijnych<\/span><\/em><\/h3>\n<h3 style=\"text-align: center;\"><em><span style=\"color: #333399;\"> zwi\u0105zanych z tak licznymi obchodami liturgicznymi<\/span><\/em><\/h3>\n<h3 style=\"text-align: center;\"><em><span style=\"color: #333399;\"> oraz obfitych \u0142ask za wstawiennictwem \u015bw. Antoniego.<\/span><\/em><\/h3>\n<h3 style=\"text-align: center;\"><strong><em><span style=\"color: #333399;\">Proboszcz parafii&nbsp;<\/span><\/em><\/strong><\/h3>\n<\/div>\t\t\t\t\t\t<\/div>\n\t\t\t\t<\/div>\n\t\t\t\t<div class=\"elementor-element elementor-element-d12c8c9 elementor-widget elementor-widget-image\" data-id=\"d12c8c9\" data-element_type=\"widget\" data-widget_type=\"image.default\">\n\t\t\t\t<div class=\"elementor-widget-container\">\n\t\t\t\t\t\t\t\t\t\t\t\t\t<img decoding=\"async\" width=\"1024\" height=\"575\" src=\"http:\/\/parafiakrywald.pl\/wp-content\/uploads\/2021\/06\/49-1024x575.jpg\" class=\"attachment-large size-large wp-image-988\" alt=\"\" srcset=\"http:\/\/parafiakrywald.pl\/wp-content\/uploads\/2021\/06\/49-1024x575.jpg 1024w, http:\/\/parafiakrywald.pl\/wp-content\/uploads\/2021\/06\/49-300x169.jpg 300w, http:\/\/parafiakrywald.pl\/wp-content\/uploads\/2021\/06\/49-768x431.jpg 768w, http:\/\/parafiakrywald.pl\/wp-content\/uploads\/2021\/06\/49-1536x863.jpg 1536w, http:\/\/parafiakrywald.pl\/wp-content\/uploads\/2021\/06\/49-2048x1150.jpg 2048w\" sizes=\"(max-width: 1024px) 100vw, 1024px\" \/>\t\t\t\t\t\t\t\t\t\t\t\t\t<\/div>\n\t\t\t\t<\/div>\n\t\t\t\t\t<\/div>\n\t\t<\/div>\n\t\t\t\t\t<\/div>\n\t\t<\/section>\n\t\t\t\t<\/div>\n\t\t","protected":false},"excerpt":{"rendered":"<p>&nbsp;Odpust ku czci \u015bwi\u0119tego Antoniego&nbsp; &nbsp; 13 czerwca przypada wspomnienie \u015bwi\u0119tego Antoniego z Padwy.&nbsp; W niedziel\u0119 16 czerwca 2024r. obchodzi\u0107 b\u0119dziemy nasz parafialny odpust. Suma odpustowa o godzinie 11:00 Nieszpory odpustowe o godzinie 15:30 Kazania odpustowe wyg\u0142osi ks. Grzegorz Wieczorek Do udzia\u0142u w sumie odpustowej zapraszamy m\u0142odzie\u017c oraz dzieci, kt\u00f3re przyst\u0105pi\u0142y do Wczesnej i Pierwszej [&hellip;]<\/p>\n","protected":false},"author":1,"featured_media":995,"comment_status":"open","ping_status":"open","sticky":false,"template":"","format":"gallery","meta":{"site-sidebar-layout":"default","site-content-layout":"","ast-site-content-layout":"default","site-content-style":"default","site-sidebar-style":"default","ast-global-header-display":"","ast-banner-title-visibility":"","ast-main-header-display":"","ast-hfb-above-header-display":"","ast-hfb-below-header-display":"","ast-hfb-mobile-header-display":"","site-post-title":"","ast-breadcrumbs-content":"","ast-featured-img":"","footer-sml-layout":"","theme-transparent-header-meta":"","adv-header-id-meta":"","stick-header-meta":"","header-above-stick-meta":"","header-main-stick-meta":"","header-below-stick-meta":"","astra-migrate-meta-layouts":"set","ast-page-background-enabled":"default","ast-page-background-meta":{"desktop":{"background-color":"","background-image":"","background-repeat":"repeat","background-position":"center center","background-size":"auto","background-attachment":"scroll","background-type":"","background-media":"","overlay-type":"","overlay-color":"","overlay-opacity":"","overlay-gradient":""},"tablet":{"background-color":"","background-image":"","background-repeat":"repeat","background-position":"center center","background-size":"auto","background-attachment":"scroll","background-type":"","background-media":"","overlay-type":"","overlay-color":"","overlay-opacity":"","overlay-gradient":""},"mobile":{"background-color":"","background-image":"","background-repeat":"repeat","background-position":"center center","background-size":"auto","background-attachment":"scroll","background-type":"","background-media":"","overlay-type":"","overlay-color":"","overlay-opacity":"","overlay-gradient":""}},"ast-content-background-meta":{"desktop":{"background-color":"var(--ast-global-color-5)","background-image":"","background-repeat":"repeat","background-position":"center center","background-size":"auto","background-attachment":"scroll","background-type":"","background-media":"","overlay-type":"","overlay-color":"","overlay-opacity":"","overlay-gradient":""},"tablet":{"background-color":"var(--ast-global-color-5)","background-image":"","background-repeat":"repeat","background-position":"center center","background-size":"auto","background-attachment":"scroll","background-type":"","background-media":"","overlay-type":"","overlay-color":"","overlay-opacity":"","overlay-gradient":""},"mobile":{"background-color":"var(--ast-global-color-5)","background-image":"","background-repeat":"repeat","background-position":"center center","background-size":"auto","background-attachment":"scroll","background-type":"","background-media":"","overlay-type":"","overlay-color":"","overlay-opacity":"","overlay-gradient":""}},"footnotes":""},"categories":[1],"tags":[],"class_list":["post-2751","post","type-post","status-publish","format-gallery","has-post-thumbnail","hentry","category-bez-kategorii","post_format-post-format-gallery"],"_links":{"self":[{"href":"http:\/\/parafiakrywald.pl\/index.php?rest_route=\/wp\/v2\/posts\/2751","targetHints":{"allow":["GET"]}}],"collection":[{"href":"http:\/\/parafiakrywald.pl\/index.php?rest_route=\/wp\/v2\/posts"}],"about":[{"href":"http:\/\/parafiakrywald.pl\/index.php?rest_route=\/wp\/v2\/types\/post"}],"author":[{"embeddable":true,"href":"http:\/\/parafiakrywald.pl\/index.php?rest_route=\/wp\/v2\/users\/1"}],"replies":[{"embeddable":true,"href":"http:\/\/parafiakrywald.pl\/index.php?rest_route=%2Fwp%2Fv2%2Fcomments&post=2751"}],"version-history":[{"count":9,"href":"http:\/\/parafiakrywald.pl\/index.php?rest_route=\/wp\/v2\/posts\/2751\/revisions"}],"predecessor-version":[{"id":2773,"href":"http:\/\/parafiakrywald.pl\/index.php?rest_route=\/wp\/v2\/posts\/2751\/revisions\/2773"}],"wp:featuredmedia":[{"embeddable":true,"href":"http:\/\/parafiakrywald.pl\/index.php?rest_route=\/wp\/v2\/media\/995"}],"wp:attachment":[{"href":"http:\/\/parafiakrywald.pl\/index.php?rest_route=%2Fwp%2Fv2%2Fmedia&parent=2751"}],"wp:term":[{"taxonomy":"category","embeddable":true,"href":"http:\/\/parafiakrywald.pl\/index.php?rest_route=%2Fwp%2Fv2%2Fcategories&post=2751"},{"taxonomy":"post_tag","embeddable":true,"href":"http:\/\/parafiakrywald.pl\/index.php?rest_route=%2Fwp%2Fv2%2Ftags&post=2751"}],"curies":[{"name":"wp","href":"https:\/\/api.w.org\/{rel}","templated":true}]}}