{"id":2766,"date":"2024-07-21T13:10:05","date_gmt":"2024-07-21T11:10:05","guid":{"rendered":"https:\/\/parafiakrywald.pl\/?p=2766"},"modified":"2024-07-21T13:16:58","modified_gmt":"2024-07-21T11:16:58","slug":"elementor-2766","status":"publish","type":"post","link":"http:\/\/parafiakrywald.pl\/?p=2766","title":{"rendered":"16 czerwca 2024r. Odpust \u015bw. Antoniego z Padwy"},"content":{"rendered":"\t\t<div data-elementor-type=\"wp-post\" data-elementor-id=\"2766\" class=\"elementor elementor-2766\">\n\t\t\t\t\t\t<section class=\"elementor-section elementor-top-section elementor-element elementor-element-441c5d4d elementor-section-boxed elementor-section-height-default elementor-section-height-default\" data-id=\"441c5d4d\" data-element_type=\"section\">\n\t\t\t\t\t\t<div class=\"elementor-container elementor-column-gap-default\">\n\t\t\t\t\t<div class=\"elementor-column elementor-col-100 elementor-top-column elementor-element elementor-element-47e95140\" data-id=\"47e95140\" data-element_type=\"column\">\n\t\t\t<div class=\"elementor-widget-wrap elementor-element-populated\">\n\t\t\t\t\t\t<div class=\"elementor-element elementor-element-6928c2ff elementor-widget elementor-widget-text-editor\" data-id=\"6928c2ff\" data-element_type=\"widget\" data-widget_type=\"text-editor.default\">\n\t\t\t\t<div class=\"elementor-widget-container\">\n\t\t\t\t\t\t\t<!-- wp:gallery {\"linkTo\":\"none\"} -->\n<figure class=\"wp-block-gallery has-nested-images columns-default is-cropped\"><\/figure>\n<!-- \/wp:gallery -->\t\t\t\t\t\t<\/div>\n\t\t\t\t<\/div>\n\t\t\t\t\t<\/div>\n\t\t<\/div>\n\t\t\t\t\t<\/div>\n\t\t<\/section>\n\t\t\t\t<section class=\"elementor-section elementor-top-section elementor-element elementor-element-3d1d489 elementor-section-boxed elementor-section-height-default elementor-section-height-default\" data-id=\"3d1d489\" data-element_type=\"section\">\n\t\t\t\t\t\t<div class=\"elementor-container elementor-column-gap-default\">\n\t\t\t\t\t<div class=\"elementor-column elementor-col-100 elementor-top-column elementor-element elementor-element-90cbe12\" data-id=\"90cbe12\" data-element_type=\"column\">\n\t\t\t<div class=\"elementor-widget-wrap elementor-element-populated\">\n\t\t\t\t\t\t<div class=\"elementor-element elementor-element-feececa elementor-widget elementor-widget-text-editor\" data-id=\"feececa\" data-element_type=\"widget\" data-widget_type=\"text-editor.default\">\n\t\t\t\t<div class=\"elementor-widget-container\">\n\t\t\t\t\t\t\t<h1 style=\"text-align: center;\"><span style=\"color: #000000;\"><strong>\u00a0Odpust ku czci \u015bwi\u0119tego Antoniego\u00a0<\/strong><\/span><\/h1>\n<h6>\u00a0<\/h6>\n<h2 style=\"text-align: center;\"><span style=\"color: #000000;\">13 czerwca przypada\u0142o wspomnienie \u015bwi\u0119tego Antoniego z Padwy.\u00a0<\/span><\/h2>\n<h2 style=\"text-align: center;\"><span style=\"color: #000000;\">W niedziel\u0119 16 czerwca 2024r. obchodzili\u015bmy nasz parafialny odpust. <br \/>Suma odpustowa zosta\u0142a odprawiona o godzinie 11:00, o 15:30 nieszpory odpustowe.\u00a0<\/span><\/h2>\n<h2 style=\"text-align: center;\"><span style=\"color: #000000;\">Kazania odpustowe wyg\u0142osi\u0142 ks. Grzegorz Wieczorek<\/span><\/h2>\n<h2 style=\"text-align: center;\"><span style=\"color: #000000;\">W sobot\u0119 odprawione zosta\u0142o nabo\u017ce\u0144stwo do Pi\u0119knej Madonny.<\/span><\/h2>\n<h2 style=\"text-align: center;\"><span style=\"color: #000000;\">Po wszystkich Mszach \u015awi\u0119tych wierni mieli mo\u017cliwo\u015b\u0107 uczczenia<br \/>relikwii \u015bwi\u0119tego Antoniego z Padwy.\u00a0<\/span><\/h2>\t\t\t\t\t\t<\/div>\n\t\t\t\t<\/div>\n\t\t\t\t<div class=\"elementor-element elementor-element-5581f28 elementor-widget elementor-widget-image\" data-id=\"5581f28\" data-element_type=\"widget\" data-widget_type=\"image.default\">\n\t\t\t\t<div class=\"elementor-widget-container\">\n\t\t\t\t\t\t\t\t\t\t\t\t\t<img fetchpriority=\"high\" decoding=\"async\" width=\"1024\" height=\"768\" src=\"http:\/\/parafiakrywald.pl\/wp-content\/uploads\/2024\/07\/suma24-1024x768.jpg\" class=\"attachment-large size-large wp-image-2768\" alt=\"\" srcset=\"http:\/\/parafiakrywald.pl\/wp-content\/uploads\/2024\/07\/suma24-1024x768.jpg 1024w, http:\/\/parafiakrywald.pl\/wp-content\/uploads\/2024\/07\/suma24-300x225.jpg 300w, http:\/\/parafiakrywald.pl\/wp-content\/uploads\/2024\/07\/suma24-768x576.jpg 768w, http:\/\/parafiakrywald.pl\/wp-content\/uploads\/2024\/07\/suma24-1536x1152.jpg 1536w, http:\/\/parafiakrywald.pl\/wp-content\/uploads\/2024\/07\/suma24.jpg 2048w\" sizes=\"(max-width: 1024px) 100vw, 1024px\" \/>\t\t\t\t\t\t\t\t\t\t\t\t\t<\/div>\n\t\t\t\t<\/div>\n\t\t\t\t\t<\/div>\n\t\t<\/div>\n\t\t\t\t\t<\/div>\n\t\t<\/section>\n\t\t\t\t<\/div>\n\t\t","protected":false},"excerpt":{"rendered":"<p>\u00a0Odpust ku czci \u015bwi\u0119tego Antoniego\u00a0 \u00a0 13 czerwca przypada\u0142o wspomnienie \u015bwi\u0119tego Antoniego z Padwy.\u00a0 W niedziel\u0119 16 czerwca 2024r. obchodzili\u015bmy nasz parafialny odpust. Suma odpustowa zosta\u0142a odprawiona o godzinie 11:00, o 15:30 nieszpory odpustowe.\u00a0 Kazania odpustowe wyg\u0142osi\u0142 ks. Grzegorz Wieczorek W sobot\u0119 odprawione zosta\u0142o nabo\u017ce\u0144stwo do Pi\u0119knej Madonny. Po wszystkich Mszach \u015awi\u0119tych wierni mieli mo\u017cliwo\u015b\u0107 [&hellip;]<\/p>\n","protected":false},"author":1,"featured_media":2768,"comment_status":"open","ping_status":"open","sticky":false,"template":"","format":"gallery","meta":{"site-sidebar-layout":"default","site-content-layout":"","ast-site-content-layout":"default","site-content-style":"default","site-sidebar-style":"default","ast-global-header-display":"","ast-banner-title-visibility":"","ast-main-header-display":"","ast-hfb-above-header-display":"","ast-hfb-below-header-display":"","ast-hfb-mobile-header-display":"","site-post-title":"","ast-breadcrumbs-content":"","ast-featured-img":"","footer-sml-layout":"","theme-transparent-header-meta":"","adv-header-id-meta":"","stick-header-meta":"","header-above-stick-meta":"","header-main-stick-meta":"","header-below-stick-meta":"","astra-migrate-meta-layouts":"set","ast-page-background-enabled":"default","ast-page-background-meta":{"desktop":{"background-color":"","background-image":"","background-repeat":"repeat","background-position":"center center","background-size":"auto","background-attachment":"scroll","background-type":"","background-media":"","overlay-type":"","overlay-color":"","overlay-opacity":"","overlay-gradient":""},"tablet":{"background-color":"","background-image":"","background-repeat":"repeat","background-position":"center center","background-size":"auto","background-attachment":"scroll","background-type":"","background-media":"","overlay-type":"","overlay-color":"","overlay-opacity":"","overlay-gradient":""},"mobile":{"background-color":"","background-image":"","background-repeat":"repeat","background-position":"center center","background-size":"auto","background-attachment":"scroll","background-type":"","background-media":"","overlay-type":"","overlay-color":"","overlay-opacity":"","overlay-gradient":""}},"ast-content-background-meta":{"desktop":{"background-color":"var(--ast-global-color-5)","background-image":"","background-repeat":"repeat","background-position":"center center","background-size":"auto","background-attachment":"scroll","background-type":"","background-media":"","overlay-type":"","overlay-color":"","overlay-opacity":"","overlay-gradient":""},"tablet":{"background-color":"var(--ast-global-color-5)","background-image":"","background-repeat":"repeat","background-position":"center center","background-size":"auto","background-attachment":"scroll","background-type":"","background-media":"","overlay-type":"","overlay-color":"","overlay-opacity":"","overlay-gradient":""},"mobile":{"background-color":"var(--ast-global-color-5)","background-image":"","background-repeat":"repeat","background-position":"center center","background-size":"auto","background-attachment":"scroll","background-type":"","background-media":"","overlay-type":"","overlay-color":"","overlay-opacity":"","overlay-gradient":""}},"footnotes":""},"categories":[1],"tags":[],"class_list":["post-2766","post","type-post","status-publish","format-gallery","has-post-thumbnail","hentry","category-bez-kategorii","post_format-post-format-gallery"],"_links":{"self":[{"href":"http:\/\/parafiakrywald.pl\/index.php?rest_route=\/wp\/v2\/posts\/2766","targetHints":{"allow":["GET"]}}],"collection":[{"href":"http:\/\/parafiakrywald.pl\/index.php?rest_route=\/wp\/v2\/posts"}],"about":[{"href":"http:\/\/parafiakrywald.pl\/index.php?rest_route=\/wp\/v2\/types\/post"}],"author":[{"embeddable":true,"href":"http:\/\/parafiakrywald.pl\/index.php?rest_route=\/wp\/v2\/users\/1"}],"replies":[{"embeddable":true,"href":"http:\/\/parafiakrywald.pl\/index.php?rest_route=%2Fwp%2Fv2%2Fcomments&post=2766"}],"version-history":[{"count":5,"href":"http:\/\/parafiakrywald.pl\/index.php?rest_route=\/wp\/v2\/posts\/2766\/revisions"}],"predecessor-version":[{"id":2772,"href":"http:\/\/parafiakrywald.pl\/index.php?rest_route=\/wp\/v2\/posts\/2766\/revisions\/2772"}],"wp:featuredmedia":[{"embeddable":true,"href":"http:\/\/parafiakrywald.pl\/index.php?rest_route=\/wp\/v2\/media\/2768"}],"wp:attachment":[{"href":"http:\/\/parafiakrywald.pl\/index.php?rest_route=%2Fwp%2Fv2%2Fmedia&parent=2766"}],"wp:term":[{"taxonomy":"category","embeddable":true,"href":"http:\/\/parafiakrywald.pl\/index.php?rest_route=%2Fwp%2Fv2%2Fcategories&post=2766"},{"taxonomy":"post_tag","embeddable":true,"href":"http:\/\/parafiakrywald.pl\/index.php?rest_route=%2Fwp%2Fv2%2Ftags&post=2766"}],"curies":[{"name":"wp","href":"https:\/\/api.w.org\/{rel}","templated":true}]}}