{"id":2784,"date":"2024-08-17T13:20:11","date_gmt":"2024-08-17T11:20:11","guid":{"rendered":"https:\/\/parafiakrywald.pl\/?p=2784"},"modified":"2024-08-17T13:21:56","modified_gmt":"2024-08-17T11:21:56","slug":"1-ix-2024r-dozynki-parafialne","status":"publish","type":"post","link":"http:\/\/parafiakrywald.pl\/?p=2784","title":{"rendered":"1 IX 2024r. Do\u017cynki Parafialne"},"content":{"rendered":"\t\t<div data-elementor-type=\"wp-post\" data-elementor-id=\"2784\" class=\"elementor elementor-2784\">\n\t\t\t\t\t\t<section class=\"elementor-section elementor-top-section elementor-element elementor-element-78b9832 elementor-section-boxed elementor-section-height-default elementor-section-height-default\" data-id=\"78b9832\" data-element_type=\"section\">\n\t\t\t\t\t\t<div class=\"elementor-container elementor-column-gap-default\">\n\t\t\t\t\t<div class=\"elementor-column elementor-col-100 elementor-top-column elementor-element elementor-element-37200a9\" data-id=\"37200a9\" data-element_type=\"column\">\n\t\t\t<div class=\"elementor-widget-wrap elementor-element-populated\">\n\t\t\t\t\t\t<div class=\"elementor-element elementor-element-6e0f3580 elementor-widget elementor-widget-text-editor\" data-id=\"6e0f3580\" data-element_type=\"widget\" data-widget_type=\"text-editor.default\">\n\t\t\t\t<div class=\"elementor-widget-container\">\n\t\t\t\t\t\t\t<!-- wp:gallery {\"linkTo\":\"none\"} -->\n<figure class=\"wp-block-gallery has-nested-images columns-default is-cropped\"><\/figure>\n<!-- \/wp:gallery -->\t\t\t\t\t\t<\/div>\n\t\t\t\t<\/div>\n\t\t\t\t\t<\/div>\n\t\t<\/div>\n\t\t\t\t\t<\/div>\n\t\t<\/section>\n\t\t\t\t<section class=\"elementor-section elementor-top-section elementor-element elementor-element-ce3bdad elementor-section-boxed elementor-section-height-default elementor-section-height-default\" data-id=\"ce3bdad\" data-element_type=\"section\">\n\t\t\t\t\t\t<div class=\"elementor-container elementor-column-gap-default\">\n\t\t\t\t\t<div class=\"elementor-column elementor-col-100 elementor-top-column elementor-element elementor-element-876298d\" data-id=\"876298d\" data-element_type=\"column\">\n\t\t\t<div class=\"elementor-widget-wrap elementor-element-populated\">\n\t\t\t\t\t\t<div class=\"elementor-element elementor-element-ba9034f elementor-widget elementor-widget-text-editor\" data-id=\"ba9034f\" data-element_type=\"widget\" data-widget_type=\"text-editor.default\">\n\t\t\t\t<div class=\"elementor-widget-container\">\n\t\t\t\t\t\t\t<h2 style=\"text-align: center;\"><span style=\"color: #000080;\">W niedziel\u0119 1 wrze\u015bnia dzi\u0119kowa\u0107 b\u0119dziemy za tegoroczne plony.<\/span><br \/><span style=\"color: #000080;\">Z tej okazji zapraszamy na uroczyst\u0105 Msz\u0119 \u015awi\u0119t\u0105 o godz. 10:00, w kt\u00f3rej \u0142\u0105czy\u0107 si\u0119<\/span><br \/><span style=\"color: #000080;\">b\u0119dziemy z dzia\u0142kowcami i Parafianami uprawiaj\u0105cymi ziemi\u0119.\u00a0<\/span><\/h2>\t\t\t\t\t\t<\/div>\n\t\t\t\t<\/div>\n\t\t\t\t\t<\/div>\n\t\t<\/div>\n\t\t\t\t\t<\/div>\n\t\t<\/section>\n\t\t\t\t<section class=\"elementor-section elementor-top-section elementor-element elementor-element-a7e9748 elementor-section-boxed elementor-section-height-default elementor-section-height-default\" data-id=\"a7e9748\" data-element_type=\"section\">\n\t\t\t\t\t\t<div class=\"elementor-container elementor-column-gap-default\">\n\t\t\t\t\t<div class=\"elementor-column elementor-col-100 elementor-top-column elementor-element elementor-element-f45e059\" data-id=\"f45e059\" data-element_type=\"column\">\n\t\t\t<div class=\"elementor-widget-wrap elementor-element-populated\">\n\t\t\t\t\t\t<div class=\"elementor-element elementor-element-8c44050 elementor-widget elementor-widget-image\" data-id=\"8c44050\" data-element_type=\"widget\" data-widget_type=\"image.default\">\n\t\t\t\t<div class=\"elementor-widget-container\">\n\t\t\t\t\t\t\t\t\t\t\t\t\t<img fetchpriority=\"high\" decoding=\"async\" width=\"768\" height=\"570\" src=\"http:\/\/parafiakrywald.pl\/wp-content\/uploads\/2021\/06\/ant-768x570.jpg\" class=\"attachment-medium_large size-medium_large wp-image-1086\" alt=\"\" srcset=\"http:\/\/parafiakrywald.pl\/wp-content\/uploads\/2021\/06\/ant-768x570.jpg 768w, http:\/\/parafiakrywald.pl\/wp-content\/uploads\/2021\/06\/ant-300x223.jpg 300w, http:\/\/parafiakrywald.pl\/wp-content\/uploads\/2021\/06\/ant-1024x761.jpg 1024w, http:\/\/parafiakrywald.pl\/wp-content\/uploads\/2021\/06\/ant-1536x1141.jpg 1536w, http:\/\/parafiakrywald.pl\/wp-content\/uploads\/2021\/06\/ant.jpg 1924w\" sizes=\"(max-width: 768px) 100vw, 768px\" \/>\t\t\t\t\t\t\t\t\t\t\t\t\t<\/div>\n\t\t\t\t<\/div>\n\t\t\t\t\t<\/div>\n\t\t<\/div>\n\t\t\t\t\t<\/div>\n\t\t<\/section>\n\t\t\t\t<\/div>\n\t\t","protected":false},"excerpt":{"rendered":"<p>W niedziel\u0119 1 wrze\u015bnia dzi\u0119kowa\u0107 b\u0119dziemy za tegoroczne plony.Z tej okazji zapraszamy na uroczyst\u0105 Msz\u0119 \u015awi\u0119t\u0105 o godz. 10:00, w kt\u00f3rej \u0142\u0105czy\u0107 si\u0119b\u0119dziemy z dzia\u0142kowcami i Parafianami uprawiaj\u0105cymi ziemi\u0119.\u00a0<\/p>\n","protected":false},"author":1,"featured_media":1843,"comment_status":"open","ping_status":"open","sticky":false,"template":"","format":"gallery","meta":{"site-sidebar-layout":"default","site-content-layout":"","ast-site-content-layout":"default","site-content-style":"default","site-sidebar-style":"default","ast-global-header-display":"","ast-banner-title-visibility":"","ast-main-header-display":"","ast-hfb-above-header-display":"","ast-hfb-below-header-display":"","ast-hfb-mobile-header-display":"","site-post-title":"","ast-breadcrumbs-content":"","ast-featured-img":"","footer-sml-layout":"","theme-transparent-header-meta":"","adv-header-id-meta":"","stick-header-meta":"","header-above-stick-meta":"","header-main-stick-meta":"","header-below-stick-meta":"","astra-migrate-meta-layouts":"set","ast-page-background-enabled":"default","ast-page-background-meta":{"desktop":{"background-color":"","background-image":"","background-repeat":"repeat","background-position":"center center","background-size":"auto","background-attachment":"scroll","background-type":"","background-media":"","overlay-type":"","overlay-color":"","overlay-opacity":"","overlay-gradient":""},"tablet":{"background-color":"","background-image":"","background-repeat":"repeat","background-position":"center center","background-size":"auto","background-attachment":"scroll","background-type":"","background-media":"","overlay-type":"","overlay-color":"","overlay-opacity":"","overlay-gradient":""},"mobile":{"background-color":"","background-image":"","background-repeat":"repeat","background-position":"center center","background-size":"auto","background-attachment":"scroll","background-type":"","background-media":"","overlay-type":"","overlay-color":"","overlay-opacity":"","overlay-gradient":""}},"ast-content-background-meta":{"desktop":{"background-color":"var(--ast-global-color-5)","background-image":"","background-repeat":"repeat","background-position":"center center","background-size":"auto","background-attachment":"scroll","background-type":"","background-media":"","overlay-type":"","overlay-color":"","overlay-opacity":"","overlay-gradient":""},"tablet":{"background-color":"var(--ast-global-color-5)","background-image":"","background-repeat":"repeat","background-position":"center center","background-size":"auto","background-attachment":"scroll","background-type":"","background-media":"","overlay-type":"","overlay-color":"","overlay-opacity":"","overlay-gradient":""},"mobile":{"background-color":"var(--ast-global-color-5)","background-image":"","background-repeat":"repeat","background-position":"center center","background-size":"auto","background-attachment":"scroll","background-type":"","background-media":"","overlay-type":"","overlay-color":"","overlay-opacity":"","overlay-gradient":""}},"footnotes":""},"categories":[1],"tags":[],"class_list":["post-2784","post","type-post","status-publish","format-gallery","has-post-thumbnail","hentry","category-bez-kategorii","post_format-post-format-gallery"],"_links":{"self":[{"href":"http:\/\/parafiakrywald.pl\/index.php?rest_route=\/wp\/v2\/posts\/2784","targetHints":{"allow":["GET"]}}],"collection":[{"href":"http:\/\/parafiakrywald.pl\/index.php?rest_route=\/wp\/v2\/posts"}],"about":[{"href":"http:\/\/parafiakrywald.pl\/index.php?rest_route=\/wp\/v2\/types\/post"}],"author":[{"embeddable":true,"href":"http:\/\/parafiakrywald.pl\/index.php?rest_route=\/wp\/v2\/users\/1"}],"replies":[{"embeddable":true,"href":"http:\/\/parafiakrywald.pl\/index.php?rest_route=%2Fwp%2Fv2%2Fcomments&post=2784"}],"version-history":[{"count":4,"href":"http:\/\/parafiakrywald.pl\/index.php?rest_route=\/wp\/v2\/posts\/2784\/revisions"}],"predecessor-version":[{"id":2788,"href":"http:\/\/parafiakrywald.pl\/index.php?rest_route=\/wp\/v2\/posts\/2784\/revisions\/2788"}],"wp:featuredmedia":[{"embeddable":true,"href":"http:\/\/parafiakrywald.pl\/index.php?rest_route=\/wp\/v2\/media\/1843"}],"wp:attachment":[{"href":"http:\/\/parafiakrywald.pl\/index.php?rest_route=%2Fwp%2Fv2%2Fmedia&parent=2784"}],"wp:term":[{"taxonomy":"category","embeddable":true,"href":"http:\/\/parafiakrywald.pl\/index.php?rest_route=%2Fwp%2Fv2%2Fcategories&post=2784"},{"taxonomy":"post_tag","embeddable":true,"href":"http:\/\/parafiakrywald.pl\/index.php?rest_route=%2Fwp%2Fv2%2Ftags&post=2784"}],"curies":[{"name":"wp","href":"https:\/\/api.w.org\/{rel}","templated":true}]}}