{"id":2978,"date":"2024-12-21T11:56:32","date_gmt":"2024-12-21T10:56:32","guid":{"rendered":"https:\/\/parafiakrywald.pl\/?p=2978"},"modified":"2024-12-21T12:00:30","modified_gmt":"2024-12-21T11:00:30","slug":"uroczystosc-bozego-narodzenia-2024r","status":"publish","type":"post","link":"http:\/\/parafiakrywald.pl\/?p=2978","title":{"rendered":"Uroczysto\u015b\u0107 Bo\u017cego Narodzenia 2024r."},"content":{"rendered":"\t\t<div data-elementor-type=\"wp-post\" data-elementor-id=\"2978\" class=\"elementor elementor-2978\">\n\t\t\t\t\t\t<section class=\"elementor-section elementor-top-section elementor-element elementor-element-723a7cbe elementor-section-boxed elementor-section-height-default elementor-section-height-default\" data-id=\"723a7cbe\" data-element_type=\"section\">\n\t\t\t\t\t\t<div class=\"elementor-container elementor-column-gap-default\">\n\t\t\t\t\t<div class=\"elementor-column elementor-col-100 elementor-top-column elementor-element elementor-element-58b0069c\" data-id=\"58b0069c\" data-element_type=\"column\">\n\t\t\t<div class=\"elementor-widget-wrap elementor-element-populated\">\n\t\t\t\t\t\t<div class=\"elementor-element elementor-element-2327becd elementor-widget elementor-widget-text-editor\" data-id=\"2327becd\" data-element_type=\"widget\" data-widget_type=\"text-editor.default\">\n\t\t\t\t<div class=\"elementor-widget-container\">\n\t\t\t\t\t\t\t<!-- wp:gallery {\"linkTo\":\"none\"} -->\n<figure class=\"wp-block-gallery has-nested-images columns-default is-cropped\"><\/figure>\n<!-- \/wp:gallery -->\t\t\t\t\t\t<\/div>\n\t\t\t\t<\/div>\n\t\t\t\t\t<\/div>\n\t\t<\/div>\n\t\t\t\t\t<\/div>\n\t\t<\/section>\n\t\t\t\t<section class=\"elementor-section elementor-top-section elementor-element elementor-element-4958652 elementor-section-boxed elementor-section-height-default elementor-section-height-default\" data-id=\"4958652\" data-element_type=\"section\">\n\t\t\t\t\t\t<div class=\"elementor-container elementor-column-gap-default\">\n\t\t\t\t\t<div class=\"elementor-column elementor-col-100 elementor-top-column elementor-element elementor-element-f24702c\" data-id=\"f24702c\" data-element_type=\"column\">\n\t\t\t<div class=\"elementor-widget-wrap elementor-element-populated\">\n\t\t\t\t\t\t<div class=\"elementor-element elementor-element-b8ae8a4 elementor-widget elementor-widget-text-editor\" data-id=\"b8ae8a4\" data-element_type=\"widget\" data-widget_type=\"text-editor.default\">\n\t\t\t\t<div class=\"elementor-widget-container\">\n\t\t\t\t\t\t\t<h2 style=\"text-align: center;\"><span style=\"color: #000080;\"><strong><em>W \u015brod\u0119 25 grudnia Uroczysto\u015b\u0107 Bo\u017cego Narodzenia <\/em><\/strong><\/span><\/h2>\n<h2 style=\"text-align: center;\"><span style=\"color: #000080;\"><strong><em>Zapraszamy na uroczyst\u0105 Pasterk\u0119 o p\u00f3\u0142nocy. <br \/><\/em><\/strong><\/span><span style=\"color: #000080;\"><strong><em>Poprzedzi j\u0105 modlitewne czuwanie o 23:40.<br \/><\/em><\/strong><\/span><span style=\"color: #000080;\"><strong><em>\u00a0Msze \u015awi\u0119te o godzinie 7:30 i 10:00<\/em><\/strong><\/span><\/h2>\n<h2 style=\"text-align: center;\"><span style=\"color: #000080;\"><strong><em><br \/>W czwartek 26.12. \u2013 \u015awi\u0119to \u015bw. Szczepana<br \/><\/em><\/strong><\/span><span style=\"color: #000080;\"><strong><em>Msze \u015awi\u0119te o 7:30, 10:00 i 16:00<\/em><\/strong><\/span><\/h2>\n<h2 style=\"text-align: center;\"><span style=\"color: #000080;\"><strong><em><br \/>W niedziel\u0119 29 grudnia \u2013 \u015awi\u0119to \u015awi\u0119tej Rodziny.<br \/>Msze \u015awi\u0119te o 7:30, 10:00 i 16:00<\/em><\/strong><\/span><\/h2>\n<p>\u00a0<\/p>\n<h2 style=\"text-align: center;\"><span style=\"color: #000080;\"><strong><em>We wtorek 31 grudnia w ostatni dzie\u0144 roku kalendarzowego<br \/>zapraszamy na uroczyst\u0105 Msz\u0119 \u015awi\u0119t\u0105 dzi\u0119kczynn\u0105<br \/>oraz okoliczno\u015bciowe nabo\u017ce\u0144stwo<\/em><\/strong> <strong><em>dzi\u0119kczynno \u2013 b\u0142agalne.<\/em><\/strong><\/span><span style=\"color: #000080;\"><strong>\u00a0<\/strong><\/span><\/h2>\n<p>\u00a0<\/p>\n<h2 style=\"text-align: center;\"><span style=\"color: #000080;\"><strong><em>1 stycznia 2025r. Nowy Rok<br \/>Uroczysto\u015b\u0107 \u015awi\u0119tej Bo\u017cej Rodzicielki Maryi<br \/><\/em><\/strong><\/span><span style=\"color: #000080;\"><strong><em>Msze \u015awi\u0119te o godzinie 10:00 i 16:00<br \/><br \/>Plan Mszy \u015awi\u0119tych Kol\u0119dowych<br \/>oraz odwiedzin duszpasterskich w zak\u0142adce <a href=\"https:\/\/parafiakrywald.pl\/?page_id=1957\">Kol\u0119da<\/a>.\u00a0<\/em><\/strong><\/span><\/h2>\n<h2 style=\"text-align: center;\">\u00a0<\/h2>\t\t\t\t\t\t<\/div>\n\t\t\t\t<\/div>\n\t\t\t\t\t<\/div>\n\t\t<\/div>\n\t\t\t\t\t<\/div>\n\t\t<\/section>\n\t\t\t\t<\/div>\n\t\t","protected":false},"excerpt":{"rendered":"<p>W \u015brod\u0119 25 grudnia Uroczysto\u015b\u0107 Bo\u017cego Narodzenia Zapraszamy na uroczyst\u0105 Pasterk\u0119 o p\u00f3\u0142nocy. Poprzedzi j\u0105 modlitewne czuwanie o 23:40.\u00a0Msze \u015awi\u0119te o godzinie 7:30 i 10:00 W czwartek 26.12. \u2013 \u015awi\u0119to \u015bw. SzczepanaMsze \u015awi\u0119te o 7:30, 10:00 i 16:00 W niedziel\u0119 29 grudnia \u2013 \u015awi\u0119to \u015awi\u0119tej Rodziny.Msze \u015awi\u0119te o 7:30, 10:00 i 16:00 \u00a0 We wtorek [&hellip;]<\/p>\n","protected":false},"author":1,"featured_media":2005,"comment_status":"open","ping_status":"open","sticky":false,"template":"","format":"gallery","meta":{"site-sidebar-layout":"default","site-content-layout":"","ast-site-content-layout":"default","site-content-style":"default","site-sidebar-style":"default","ast-global-header-display":"","ast-banner-title-visibility":"","ast-main-header-display":"","ast-hfb-above-header-display":"","ast-hfb-below-header-display":"","ast-hfb-mobile-header-display":"","site-post-title":"","ast-breadcrumbs-content":"","ast-featured-img":"","footer-sml-layout":"","theme-transparent-header-meta":"","adv-header-id-meta":"","stick-header-meta":"","header-above-stick-meta":"","header-main-stick-meta":"","header-below-stick-meta":"","astra-migrate-meta-layouts":"set","ast-page-background-enabled":"default","ast-page-background-meta":{"desktop":{"background-color":"","background-image":"","background-repeat":"repeat","background-position":"center center","background-size":"auto","background-attachment":"scroll","background-type":"","background-media":"","overlay-type":"","overlay-color":"","overlay-opacity":"","overlay-gradient":""},"tablet":{"background-color":"","background-image":"","background-repeat":"repeat","background-position":"center center","background-size":"auto","background-attachment":"scroll","background-type":"","background-media":"","overlay-type":"","overlay-color":"","overlay-opacity":"","overlay-gradient":""},"mobile":{"background-color":"","background-image":"","background-repeat":"repeat","background-position":"center center","background-size":"auto","background-attachment":"scroll","background-type":"","background-media":"","overlay-type":"","overlay-color":"","overlay-opacity":"","overlay-gradient":""}},"ast-content-background-meta":{"desktop":{"background-color":"var(--ast-global-color-5)","background-image":"","background-repeat":"repeat","background-position":"center center","background-size":"auto","background-attachment":"scroll","background-type":"","background-media":"","overlay-type":"","overlay-color":"","overlay-opacity":"","overlay-gradient":""},"tablet":{"background-color":"var(--ast-global-color-5)","background-image":"","background-repeat":"repeat","background-position":"center center","background-size":"auto","background-attachment":"scroll","background-type":"","background-media":"","overlay-type":"","overlay-color":"","overlay-opacity":"","overlay-gradient":""},"mobile":{"background-color":"var(--ast-global-color-5)","background-image":"","background-repeat":"repeat","background-position":"center center","background-size":"auto","background-attachment":"scroll","background-type":"","background-media":"","overlay-type":"","overlay-color":"","overlay-opacity":"","overlay-gradient":""}},"footnotes":""},"categories":[1],"tags":[],"class_list":["post-2978","post","type-post","status-publish","format-gallery","has-post-thumbnail","hentry","category-bez-kategorii","post_format-post-format-gallery"],"_links":{"self":[{"href":"http:\/\/parafiakrywald.pl\/index.php?rest_route=\/wp\/v2\/posts\/2978","targetHints":{"allow":["GET"]}}],"collection":[{"href":"http:\/\/parafiakrywald.pl\/index.php?rest_route=\/wp\/v2\/posts"}],"about":[{"href":"http:\/\/parafiakrywald.pl\/index.php?rest_route=\/wp\/v2\/types\/post"}],"author":[{"embeddable":true,"href":"http:\/\/parafiakrywald.pl\/index.php?rest_route=\/wp\/v2\/users\/1"}],"replies":[{"embeddable":true,"href":"http:\/\/parafiakrywald.pl\/index.php?rest_route=%2Fwp%2Fv2%2Fcomments&post=2978"}],"version-history":[{"count":10,"href":"http:\/\/parafiakrywald.pl\/index.php?rest_route=\/wp\/v2\/posts\/2978\/revisions"}],"predecessor-version":[{"id":2988,"href":"http:\/\/parafiakrywald.pl\/index.php?rest_route=\/wp\/v2\/posts\/2978\/revisions\/2988"}],"wp:featuredmedia":[{"embeddable":true,"href":"http:\/\/parafiakrywald.pl\/index.php?rest_route=\/wp\/v2\/media\/2005"}],"wp:attachment":[{"href":"http:\/\/parafiakrywald.pl\/index.php?rest_route=%2Fwp%2Fv2%2Fmedia&parent=2978"}],"wp:term":[{"taxonomy":"category","embeddable":true,"href":"http:\/\/parafiakrywald.pl\/index.php?rest_route=%2Fwp%2Fv2%2Fcategories&post=2978"},{"taxonomy":"post_tag","embeddable":true,"href":"http:\/\/parafiakrywald.pl\/index.php?rest_route=%2Fwp%2Fv2%2Ftags&post=2978"}],"curies":[{"name":"wp","href":"https:\/\/api.w.org\/{rel}","templated":true}]}}