{"id":3016,"date":"2025-01-12T12:08:35","date_gmt":"2025-01-12T11:08:35","guid":{"rendered":"https:\/\/parafiakrywald.pl\/?p=3016"},"modified":"2025-01-12T12:18:23","modified_gmt":"2025-01-12T11:18:23","slug":"sto-na-sto","status":"publish","type":"post","link":"http:\/\/parafiakrywald.pl\/?p=3016","title":{"rendered":"Sto na sto!"},"content":{"rendered":"\t\t<div data-elementor-type=\"wp-post\" data-elementor-id=\"3016\" class=\"elementor elementor-3016\">\n\t\t\t\t\t\t<section class=\"elementor-section elementor-top-section elementor-element elementor-element-2fcee81c elementor-section-boxed elementor-section-height-default elementor-section-height-default\" data-id=\"2fcee81c\" data-element_type=\"section\">\n\t\t\t\t\t\t<div class=\"elementor-container elementor-column-gap-default\">\n\t\t\t\t\t<div class=\"elementor-column elementor-col-100 elementor-top-column elementor-element elementor-element-283f060c\" data-id=\"283f060c\" data-element_type=\"column\">\n\t\t\t<div class=\"elementor-widget-wrap elementor-element-populated\">\n\t\t\t\t\t\t<div class=\"elementor-element elementor-element-5726c6b elementor-widget elementor-widget-text-editor\" data-id=\"5726c6b\" data-element_type=\"widget\" data-widget_type=\"text-editor.default\">\n\t\t\t\t<div class=\"elementor-widget-container\">\n\t\t\t\t\t\t\t<!-- wp:gallery {\"linkTo\":\"none\"} -->\n<figure class=\"wp-block-gallery has-nested-images columns-default is-cropped\"><\/figure>\n<!-- \/wp:gallery -->\t\t\t\t\t\t<\/div>\n\t\t\t\t<\/div>\n\t\t\t\t\t<\/div>\n\t\t<\/div>\n\t\t\t\t\t<\/div>\n\t\t<\/section>\n\t\t\t\t<section class=\"elementor-section elementor-top-section elementor-element elementor-element-42b0ce8 elementor-section-boxed elementor-section-height-default elementor-section-height-default\" data-id=\"42b0ce8\" data-element_type=\"section\">\n\t\t\t\t\t\t<div class=\"elementor-container elementor-column-gap-default\">\n\t\t\t\t\t<div class=\"elementor-column elementor-col-100 elementor-top-column elementor-element elementor-element-854459b\" data-id=\"854459b\" data-element_type=\"column\">\n\t\t\t<div class=\"elementor-widget-wrap elementor-element-populated\">\n\t\t\t\t\t\t<div class=\"elementor-element elementor-element-f91ee18 elementor-widget elementor-widget-text-editor\" data-id=\"f91ee18\" data-element_type=\"widget\" data-widget_type=\"text-editor.default\">\n\t\t\t\t<div class=\"elementor-widget-container\">\n\t\t\t\t\t\t\t<h2><strong><span style=\"color: #000000;\">Sto na sto!<\/span><\/strong><\/h2>\n<h2><strong><span style=\"color: #000000;\">Dobrym sposobem na lepsze poznanie archidiecezji w Roku Jubileuszowym 100-lecia archidiecezji katowickiej jest mo\u017cliwo\u015b\u0107 nawiedzenia stu ciekawych miejsc.<br \/>Jednym z nich jest nasza parafia p.w. \u015bw. Antoniego z Padwy w Krywa\u0142dzie.<\/span><\/strong><\/h2>\n<h2><strong><span style=\"color: #000000;\">W Archidiecezji Katowickiej wyznaczono sto ciekawych miejsc. Pielgrzymi mog\u0105 zapozna\u0107 si\u0119 nie tylko z ich histori\u0105. Dla ka\u017cdego miejsca przygotowano kr\u00f3tki cytat z Pisma \u015awi\u0119tego, zaproponowano tak\u017ce intencj\u0119 modlitwy.<\/span><\/strong><\/h2>\n<h3><strong><span style=\"color: #800080;\">Zach\u0119camy do odwiedzenia stron jubileuszowych naszej archidiecezji:<\/span><\/strong><\/h3>\n<p><span style=\"color: #ff0000;\"><a style=\"color: #ff0000;\" href=\"https:\/\/katowice.gosc.pl\/Rok-jubileuszowy\">https:\/\/katowice.gosc.pl\/Rok-jubileuszowy<\/a><\/span><\/p>\n<p><span style=\"color: #ff0000;\"><a style=\"color: #ff0000;\" href=\"https:\/\/katowice.gosc.pl\/doc\/9076200.Sto-na-sto\">https:\/\/katowice.gosc.pl\/doc\/9076200.Sto-na-sto<\/a><\/span><\/p>\n<p><span style=\"color: #ff0000;\"><a style=\"color: #ff0000;\" href=\"https:\/\/katowice.gosc.pl\/doc\/9077591.Z-wizyta-u-pieknej-Slazaczki-W-Krywaldzie\">https:\/\/katowice.gosc.pl\/doc\/9077591.Z-wizyta-u-pieknej-Slazaczki-W-Krywaldzie<\/a><\/span><\/p>\n<h3><span style=\"color: #000000;\">Poni\u017cej artyku\u0142 z Go\u015bcia Niedzielnego o ko\u015bcio\u0142ach jubileuszowych naszej diecezji oraz 100 ciekawych miejscach, do kt\u00f3rych jeste\u015bmy zaproszeni.\u00a0<\/span><\/h3>\t\t\t\t\t\t<\/div>\n\t\t\t\t<\/div>\n\t\t\t\t\t<\/div>\n\t\t<\/div>\n\t\t\t\t\t<\/div>\n\t\t<\/section>\n\t\t\t\t<section class=\"elementor-section elementor-top-section elementor-element elementor-element-b444a36 elementor-section-boxed elementor-section-height-default elementor-section-height-default\" data-id=\"b444a36\" data-element_type=\"section\">\n\t\t\t\t\t\t<div class=\"elementor-container elementor-column-gap-default\">\n\t\t\t\t\t<div class=\"elementor-column elementor-col-100 elementor-top-column elementor-element elementor-element-7cec148\" data-id=\"7cec148\" data-element_type=\"column\">\n\t\t\t<div class=\"elementor-widget-wrap elementor-element-populated\">\n\t\t\t\t\t\t<div class=\"elementor-element elementor-element-e695a5a elementor-widget elementor-widget-image\" data-id=\"e695a5a\" data-element_type=\"widget\" data-widget_type=\"image.default\">\n\t\t\t\t<div class=\"elementor-widget-container\">\n\t\t\t\t\t\t\t\t\t\t\t\t\t\t<a href=\"http:\/\/parafiakrywald.pl\/wp-content\/uploads\/2025\/01\/Artykul-z-Goscia-Niedzielnego-scaled.jpg\" data-elementor-open-lightbox=\"yes\" data-elementor-lightbox-title=\"Artyku\u0142 z Go\u015bcia Niedzielnego\" data-e-action-hash=\"#elementor-action%3Aaction%3Dlightbox%26settings%3DeyJpZCI6MzAyNCwidXJsIjoiaHR0cDpcL1wvcGFyYWZpYWtyeXdhbGQucGxcL3dwLWNvbnRlbnRcL3VwbG9hZHNcLzIwMjVcLzAxXC9BcnR5a3VsLXotR29zY2lhLU5pZWR6aWVsbmVnby1zY2FsZWQuanBnIn0%3D\">\n\t\t\t\t\t\t\t<img fetchpriority=\"high\" decoding=\"async\" width=\"749\" height=\"1024\" src=\"http:\/\/parafiakrywald.pl\/wp-content\/uploads\/2025\/01\/Artykul-z-Goscia-Niedzielnego-749x1024.jpg\" class=\"attachment-large size-large wp-image-3024\" alt=\"\" srcset=\"http:\/\/parafiakrywald.pl\/wp-content\/uploads\/2025\/01\/Artykul-z-Goscia-Niedzielnego-749x1024.jpg 749w, http:\/\/parafiakrywald.pl\/wp-content\/uploads\/2025\/01\/Artykul-z-Goscia-Niedzielnego-220x300.jpg 220w, http:\/\/parafiakrywald.pl\/wp-content\/uploads\/2025\/01\/Artykul-z-Goscia-Niedzielnego-768x1049.jpg 768w, http:\/\/parafiakrywald.pl\/wp-content\/uploads\/2025\/01\/Artykul-z-Goscia-Niedzielnego-1124x1536.jpg 1124w, http:\/\/parafiakrywald.pl\/wp-content\/uploads\/2025\/01\/Artykul-z-Goscia-Niedzielnego-1499x2048.jpg 1499w, http:\/\/parafiakrywald.pl\/wp-content\/uploads\/2025\/01\/Artykul-z-Goscia-Niedzielnego-scaled.jpg 1874w\" sizes=\"(max-width: 749px) 100vw, 749px\" \/>\t\t\t\t\t\t\t\t<\/a>\n\t\t\t\t\t\t\t\t\t\t\t\t\t<\/div>\n\t\t\t\t<\/div>\n\t\t\t\t\t<\/div>\n\t\t<\/div>\n\t\t\t\t\t<\/div>\n\t\t<\/section>\n\t\t\t\t<\/div>\n\t\t","protected":false},"excerpt":{"rendered":"<p>Sto na sto! Dobrym sposobem na lepsze poznanie archidiecezji w Roku Jubileuszowym 100-lecia archidiecezji katowickiej jest mo\u017cliwo\u015b\u0107 nawiedzenia stu ciekawych miejsc.Jednym z nich jest nasza parafia p.w. \u015bw. Antoniego z Padwy w Krywa\u0142dzie. W Archidiecezji Katowickiej wyznaczono sto ciekawych miejsc. Pielgrzymi mog\u0105 zapozna\u0107 si\u0119 nie tylko z ich histori\u0105. Dla ka\u017cdego miejsca przygotowano kr\u00f3tki cytat [&hellip;]<\/p>\n","protected":false},"author":1,"featured_media":3019,"comment_status":"open","ping_status":"open","sticky":false,"template":"","format":"gallery","meta":{"site-sidebar-layout":"default","site-content-layout":"","ast-site-content-layout":"default","site-content-style":"default","site-sidebar-style":"default","ast-global-header-display":"","ast-banner-title-visibility":"","ast-main-header-display":"","ast-hfb-above-header-display":"","ast-hfb-below-header-display":"","ast-hfb-mobile-header-display":"","site-post-title":"","ast-breadcrumbs-content":"","ast-featured-img":"","footer-sml-layout":"","theme-transparent-header-meta":"","adv-header-id-meta":"","stick-header-meta":"","header-above-stick-meta":"","header-main-stick-meta":"","header-below-stick-meta":"","astra-migrate-meta-layouts":"set","ast-page-background-enabled":"default","ast-page-background-meta":{"desktop":{"background-color":"","background-image":"","background-repeat":"repeat","background-position":"center center","background-size":"auto","background-attachment":"scroll","background-type":"","background-media":"","overlay-type":"","overlay-color":"","overlay-opacity":"","overlay-gradient":""},"tablet":{"background-color":"","background-image":"","background-repeat":"repeat","background-position":"center center","background-size":"auto","background-attachment":"scroll","background-type":"","background-media":"","overlay-type":"","overlay-color":"","overlay-opacity":"","overlay-gradient":""},"mobile":{"background-color":"","background-image":"","background-repeat":"repeat","background-position":"center center","background-size":"auto","background-attachment":"scroll","background-type":"","background-media":"","overlay-type":"","overlay-color":"","overlay-opacity":"","overlay-gradient":""}},"ast-content-background-meta":{"desktop":{"background-color":"var(--ast-global-color-5)","background-image":"","background-repeat":"repeat","background-position":"center center","background-size":"auto","background-attachment":"scroll","background-type":"","background-media":"","overlay-type":"","overlay-color":"","overlay-opacity":"","overlay-gradient":""},"tablet":{"background-color":"var(--ast-global-color-5)","background-image":"","background-repeat":"repeat","background-position":"center center","background-size":"auto","background-attachment":"scroll","background-type":"","background-media":"","overlay-type":"","overlay-color":"","overlay-opacity":"","overlay-gradient":""},"mobile":{"background-color":"var(--ast-global-color-5)","background-image":"","background-repeat":"repeat","background-position":"center center","background-size":"auto","background-attachment":"scroll","background-type":"","background-media":"","overlay-type":"","overlay-color":"","overlay-opacity":"","overlay-gradient":""}},"footnotes":""},"categories":[1],"tags":[],"class_list":["post-3016","post","type-post","status-publish","format-gallery","has-post-thumbnail","hentry","category-bez-kategorii","post_format-post-format-gallery"],"_links":{"self":[{"href":"http:\/\/parafiakrywald.pl\/index.php?rest_route=\/wp\/v2\/posts\/3016","targetHints":{"allow":["GET"]}}],"collection":[{"href":"http:\/\/parafiakrywald.pl\/index.php?rest_route=\/wp\/v2\/posts"}],"about":[{"href":"http:\/\/parafiakrywald.pl\/index.php?rest_route=\/wp\/v2\/types\/post"}],"author":[{"embeddable":true,"href":"http:\/\/parafiakrywald.pl\/index.php?rest_route=\/wp\/v2\/users\/1"}],"replies":[{"embeddable":true,"href":"http:\/\/parafiakrywald.pl\/index.php?rest_route=%2Fwp%2Fv2%2Fcomments&post=3016"}],"version-history":[{"count":10,"href":"http:\/\/parafiakrywald.pl\/index.php?rest_route=\/wp\/v2\/posts\/3016\/revisions"}],"predecessor-version":[{"id":3030,"href":"http:\/\/parafiakrywald.pl\/index.php?rest_route=\/wp\/v2\/posts\/3016\/revisions\/3030"}],"wp:featuredmedia":[{"embeddable":true,"href":"http:\/\/parafiakrywald.pl\/index.php?rest_route=\/wp\/v2\/media\/3019"}],"wp:attachment":[{"href":"http:\/\/parafiakrywald.pl\/index.php?rest_route=%2Fwp%2Fv2%2Fmedia&parent=3016"}],"wp:term":[{"taxonomy":"category","embeddable":true,"href":"http:\/\/parafiakrywald.pl\/index.php?rest_route=%2Fwp%2Fv2%2Fcategories&post=3016"},{"taxonomy":"post_tag","embeddable":true,"href":"http:\/\/parafiakrywald.pl\/index.php?rest_route=%2Fwp%2Fv2%2Ftags&post=3016"}],"curies":[{"name":"wp","href":"https:\/\/api.w.org\/{rel}","templated":true}]}}