{"id":3046,"date":"2025-03-29T16:47:49","date_gmt":"2025-03-29T15:47:49","guid":{"rendered":"https:\/\/parafiakrywald.pl\/?p=3046"},"modified":"2025-03-29T16:50:27","modified_gmt":"2025-03-29T15:50:27","slug":"jubileuszowa-pielgrzymka-do-katedry-chrystusa-krola","status":"publish","type":"post","link":"http:\/\/parafiakrywald.pl\/?p=3046","title":{"rendered":"Jubileuszowa Pielgrzymka do katedry Chrystusa Kr\u00f3la"},"content":{"rendered":"\t\t<div data-elementor-type=\"wp-post\" data-elementor-id=\"3046\" class=\"elementor elementor-3046\">\n\t\t\t\t\t\t<section class=\"elementor-section elementor-top-section elementor-element elementor-element-2c7b20e5 elementor-section-boxed elementor-section-height-default elementor-section-height-default\" data-id=\"2c7b20e5\" data-element_type=\"section\">\n\t\t\t\t\t\t<div class=\"elementor-container elementor-column-gap-default\">\n\t\t\t\t\t<div class=\"elementor-column elementor-col-100 elementor-top-column elementor-element elementor-element-79fbbc01\" data-id=\"79fbbc01\" data-element_type=\"column\">\n\t\t\t<div class=\"elementor-widget-wrap elementor-element-populated\">\n\t\t\t\t\t\t<div class=\"elementor-element elementor-element-154ef436 elementor-widget elementor-widget-text-editor\" data-id=\"154ef436\" data-element_type=\"widget\" data-widget_type=\"text-editor.default\">\n\t\t\t\t<div class=\"elementor-widget-container\">\n\t\t\t\t\t\t\t<!-- wp:gallery {\"linkTo\":\"none\"} -->\n<figure class=\"wp-block-gallery has-nested-images columns-default is-cropped\"><\/figure>\n<!-- \/wp:gallery -->\t\t\t\t\t\t<\/div>\n\t\t\t\t<\/div>\n\t\t\t\t\t<\/div>\n\t\t<\/div>\n\t\t\t\t\t<\/div>\n\t\t<\/section>\n\t\t\t\t<section class=\"elementor-section elementor-top-section elementor-element elementor-element-2e288b3 elementor-section-boxed elementor-section-height-default elementor-section-height-default\" data-id=\"2e288b3\" data-element_type=\"section\">\n\t\t\t\t\t\t<div class=\"elementor-container elementor-column-gap-default\">\n\t\t\t\t\t<div class=\"elementor-column elementor-col-100 elementor-top-column elementor-element elementor-element-742adac\" data-id=\"742adac\" data-element_type=\"column\">\n\t\t\t<div class=\"elementor-widget-wrap elementor-element-populated\">\n\t\t\t\t\t\t<div class=\"elementor-element elementor-element-3ca0ba7 elementor-widget elementor-widget-text-editor\" data-id=\"3ca0ba7\" data-element_type=\"widget\" data-widget_type=\"text-editor.default\">\n\t\t\t\t<div class=\"elementor-widget-container\">\n\t\t\t\t\t\t\t<h2 style=\"text-align: center;\"><span style=\"color: #000000;\"><strong>W sobot\u0119 5 kwietnia w katowickiej katedrze Chrystusa Kr\u00f3la<br \/>odb\u0119dzie si\u0119 dekanalna pielgrzymka<\/strong><\/span><br \/><span style=\"color: #000000;\"><strong>zwi\u0105zana z Rokiem Jubileuszowym. <\/strong><\/span><br \/><span style=\"color: #000000;\"><strong>O godzinie 10:30 rozpocz\u0119cie i okazja do <\/strong><\/span><span style=\"color: #000000;\"><strong>spowiedzi \u015bwi\u0119tej, <\/strong><\/span><br \/><span style=\"color: #000000;\"><strong>o godz. 11:15 r\u00f3\u017caniec, <\/strong><\/span><br \/><span style=\"color: #000000;\"><strong>o godz. 12:00 Eucharystia<br \/>pod <\/strong><\/span><span style=\"color: #000000;\"><strong>przewodnictwem ks. Biskupa, <\/strong><\/span><br \/><span style=\"color: #000000;\"><strong>o godz. 13:15 okazja do zwiedzenia<br \/>tarasu <\/strong><\/span><span style=\"color: #000000;\"><strong>widokowego i Panteonu.<\/strong><\/span><\/h2>\t\t\t\t\t\t<\/div>\n\t\t\t\t<\/div>\n\t\t\t\t<div class=\"elementor-element elementor-element-7ed7a6c elementor-widget elementor-widget-image\" data-id=\"7ed7a6c\" data-element_type=\"widget\" data-widget_type=\"image.default\">\n\t\t\t\t<div class=\"elementor-widget-container\">\n\t\t\t\t\t\t\t\t\t\t\t\t\t<img fetchpriority=\"high\" decoding=\"async\" width=\"1024\" height=\"605\" src=\"http:\/\/parafiakrywald.pl\/wp-content\/uploads\/2024\/11\/jubileusz-1024x605.jpg\" class=\"attachment-large size-large wp-image-2916\" alt=\"\" srcset=\"http:\/\/parafiakrywald.pl\/wp-content\/uploads\/2024\/11\/jubileusz-1024x605.jpg 1024w, http:\/\/parafiakrywald.pl\/wp-content\/uploads\/2024\/11\/jubileusz-300x177.jpg 300w, http:\/\/parafiakrywald.pl\/wp-content\/uploads\/2024\/11\/jubileusz-768x454.jpg 768w, http:\/\/parafiakrywald.pl\/wp-content\/uploads\/2024\/11\/jubileusz.jpg 1490w\" sizes=\"(max-width: 1024px) 100vw, 1024px\" \/>\t\t\t\t\t\t\t\t\t\t\t\t\t<\/div>\n\t\t\t\t<\/div>\n\t\t\t\t\t<\/div>\n\t\t<\/div>\n\t\t\t\t\t<\/div>\n\t\t<\/section>\n\t\t\t\t<\/div>\n\t\t","protected":false},"excerpt":{"rendered":"<p>W sobot\u0119 5 kwietnia w katowickiej katedrze Chrystusa Kr\u00f3laodb\u0119dzie si\u0119 dekanalna pielgrzymkazwi\u0105zana z Rokiem Jubileuszowym. O godzinie 10:30 rozpocz\u0119cie i okazja do spowiedzi \u015bwi\u0119tej, o godz. 11:15 r\u00f3\u017caniec, o godz. 12:00 Eucharystiapod przewodnictwem ks. Biskupa, o godz. 13:15 okazja do zwiedzeniatarasu widokowego i Panteonu.<\/p>\n","protected":false},"author":1,"featured_media":2916,"comment_status":"open","ping_status":"open","sticky":false,"template":"","format":"gallery","meta":{"site-sidebar-layout":"default","site-content-layout":"","ast-site-content-layout":"default","site-content-style":"default","site-sidebar-style":"default","ast-global-header-display":"","ast-banner-title-visibility":"","ast-main-header-display":"","ast-hfb-above-header-display":"","ast-hfb-below-header-display":"","ast-hfb-mobile-header-display":"","site-post-title":"","ast-breadcrumbs-content":"","ast-featured-img":"","footer-sml-layout":"","theme-transparent-header-meta":"","adv-header-id-meta":"","stick-header-meta":"","header-above-stick-meta":"","header-main-stick-meta":"","header-below-stick-meta":"","astra-migrate-meta-layouts":"set","ast-page-background-enabled":"default","ast-page-background-meta":{"desktop":{"background-color":"","background-image":"","background-repeat":"repeat","background-position":"center center","background-size":"auto","background-attachment":"scroll","background-type":"","background-media":"","overlay-type":"","overlay-color":"","overlay-opacity":"","overlay-gradient":""},"tablet":{"background-color":"","background-image":"","background-repeat":"repeat","background-position":"center center","background-size":"auto","background-attachment":"scroll","background-type":"","background-media":"","overlay-type":"","overlay-color":"","overlay-opacity":"","overlay-gradient":""},"mobile":{"background-color":"","background-image":"","background-repeat":"repeat","background-position":"center center","background-size":"auto","background-attachment":"scroll","background-type":"","background-media":"","overlay-type":"","overlay-color":"","overlay-opacity":"","overlay-gradient":""}},"ast-content-background-meta":{"desktop":{"background-color":"var(--ast-global-color-5)","background-image":"","background-repeat":"repeat","background-position":"center center","background-size":"auto","background-attachment":"scroll","background-type":"","background-media":"","overlay-type":"","overlay-color":"","overlay-opacity":"","overlay-gradient":""},"tablet":{"background-color":"var(--ast-global-color-5)","background-image":"","background-repeat":"repeat","background-position":"center center","background-size":"auto","background-attachment":"scroll","background-type":"","background-media":"","overlay-type":"","overlay-color":"","overlay-opacity":"","overlay-gradient":""},"mobile":{"background-color":"var(--ast-global-color-5)","background-image":"","background-repeat":"repeat","background-position":"center center","background-size":"auto","background-attachment":"scroll","background-type":"","background-media":"","overlay-type":"","overlay-color":"","overlay-opacity":"","overlay-gradient":""}},"footnotes":""},"categories":[1],"tags":[],"class_list":["post-3046","post","type-post","status-publish","format-gallery","has-post-thumbnail","hentry","category-bez-kategorii","post_format-post-format-gallery"],"_links":{"self":[{"href":"http:\/\/parafiakrywald.pl\/index.php?rest_route=\/wp\/v2\/posts\/3046","targetHints":{"allow":["GET"]}}],"collection":[{"href":"http:\/\/parafiakrywald.pl\/index.php?rest_route=\/wp\/v2\/posts"}],"about":[{"href":"http:\/\/parafiakrywald.pl\/index.php?rest_route=\/wp\/v2\/types\/post"}],"author":[{"embeddable":true,"href":"http:\/\/parafiakrywald.pl\/index.php?rest_route=\/wp\/v2\/users\/1"}],"replies":[{"embeddable":true,"href":"http:\/\/parafiakrywald.pl\/index.php?rest_route=%2Fwp%2Fv2%2Fcomments&post=3046"}],"version-history":[{"count":7,"href":"http:\/\/parafiakrywald.pl\/index.php?rest_route=\/wp\/v2\/posts\/3046\/revisions"}],"predecessor-version":[{"id":3053,"href":"http:\/\/parafiakrywald.pl\/index.php?rest_route=\/wp\/v2\/posts\/3046\/revisions\/3053"}],"wp:featuredmedia":[{"embeddable":true,"href":"http:\/\/parafiakrywald.pl\/index.php?rest_route=\/wp\/v2\/media\/2916"}],"wp:attachment":[{"href":"http:\/\/parafiakrywald.pl\/index.php?rest_route=%2Fwp%2Fv2%2Fmedia&parent=3046"}],"wp:term":[{"taxonomy":"category","embeddable":true,"href":"http:\/\/parafiakrywald.pl\/index.php?rest_route=%2Fwp%2Fv2%2Fcategories&post=3046"},{"taxonomy":"post_tag","embeddable":true,"href":"http:\/\/parafiakrywald.pl\/index.php?rest_route=%2Fwp%2Fv2%2Ftags&post=3046"}],"curies":[{"name":"wp","href":"https:\/\/api.w.org\/{rel}","templated":true}]}}