{"id":3065,"date":"2025-04-12T15:39:36","date_gmt":"2025-04-12T13:39:36","guid":{"rendered":"https:\/\/parafiakrywald.pl\/?p=3065"},"modified":"2025-04-12T15:43:42","modified_gmt":"2025-04-12T13:43:42","slug":"swiete-triduum-paschalne-2025r","status":"publish","type":"post","link":"http:\/\/parafiakrywald.pl\/?p=3065","title":{"rendered":"\u015awi\u0119te Triduum Paschalne 2025r."},"content":{"rendered":"\t\t<div data-elementor-type=\"wp-post\" data-elementor-id=\"3065\" class=\"elementor elementor-3065\">\n\t\t\t\t\t\t<section class=\"elementor-section elementor-top-section elementor-element elementor-element-6a45cfbb elementor-section-boxed elementor-section-height-default elementor-section-height-default\" data-id=\"6a45cfbb\" data-element_type=\"section\">\n\t\t\t\t\t\t<div class=\"elementor-container elementor-column-gap-default\">\n\t\t\t\t\t<div class=\"elementor-column elementor-col-100 elementor-top-column elementor-element elementor-element-563d9bb1\" data-id=\"563d9bb1\" data-element_type=\"column\">\n\t\t\t<div class=\"elementor-widget-wrap elementor-element-populated\">\n\t\t\t\t\t\t<div class=\"elementor-element elementor-element-2dedaa71 elementor-widget elementor-widget-text-editor\" data-id=\"2dedaa71\" data-element_type=\"widget\" data-widget_type=\"text-editor.default\">\n\t\t\t\t<div class=\"elementor-widget-container\">\n\t\t\t\t\t\t\t<!-- wp:gallery {\"linkTo\":\"none\"} -->\n<figure class=\"wp-block-gallery has-nested-images columns-default is-cropped\"><\/figure>\n<!-- \/wp:gallery -->\t\t\t\t\t\t<\/div>\n\t\t\t\t<\/div>\n\t\t\t\t\t<\/div>\n\t\t<\/div>\n\t\t\t\t\t<\/div>\n\t\t<\/section>\n\t\t\t\t<section class=\"elementor-section elementor-top-section elementor-element elementor-element-809507e elementor-section-boxed elementor-section-height-default elementor-section-height-default\" data-id=\"809507e\" data-element_type=\"section\">\n\t\t\t\t\t\t<div class=\"elementor-container elementor-column-gap-default\">\n\t\t\t\t\t<div class=\"elementor-column elementor-col-100 elementor-top-column elementor-element elementor-element-5928ce0\" data-id=\"5928ce0\" data-element_type=\"column\">\n\t\t\t<div class=\"elementor-widget-wrap elementor-element-populated\">\n\t\t\t\t\t\t<div class=\"elementor-element elementor-element-764474c elementor-widget elementor-widget-text-editor\" data-id=\"764474c\" data-element_type=\"widget\" data-widget_type=\"text-editor.default\">\n\t\t\t\t<div class=\"elementor-widget-container\">\n\t\t\t\t\t\t\t<h1 style=\"text-align: center;\"><span style=\"color: #ff0000;\"><strong>\u015awi\u0119te Triduum Paschalne 2025r.<\/strong><\/span><\/h1>\n<p>\u00a0<\/p>\n<h2 style=\"text-align: center;\"><span style=\"color: #000080;\"><strong><u>Wielki Czwartek<\/u><br \/>O 18:00 Uroczysta Msza Wieczerzy Pa\u0144skiej<br \/>w intencji ks. Proboszcza z okazji 40 rocznicy \u015bwi\u0119ce\u0144 kap\u0142a\u0144skich <br \/>oraz o u\u015bwi\u0119cenie duchowie\u0144stwa i nowe powo\u0142ania do s\u0142u\u017cby Bo\u017cej.\u00a0<\/strong><\/span><\/h2>\n<h2 style=\"text-align: center;\"><strong><span style=\"color: #800080;\"><span style=\"color: #000080;\">Po Mszy \u015awi\u0119tej modlitewne czuwanie w ciemnicy.<\/span><br \/><br \/><\/span><\/strong><\/h2>\n<h2 style=\"text-align: center;\"><strong><span style=\"color: #ff0000;\"><u>Wielki Pi\u0105tek<\/u><\/span><\/strong><\/h2>\n<h2 style=\"text-align: center;\"><strong><span style=\"color: #ff0000;\">O 9:00 Droga Krzy\u017cowa<br \/><\/span><\/strong><\/h2>\n<h2 style=\"text-align: center;\"><strong><span style=\"color: #ff0000;\">O godzinie 18:00 Uroczysta Liturgia M\u0119ki Pa\u0144skiej.<\/span><\/strong><\/h2>\n<h2 style=\"text-align: center;\"><strong><span style=\"color: #ff0000;\">W Wielki Pi\u0105tek po uroczystej Liturgii adoracja przy Bo\u017cym Grobie:<\/span><\/strong><\/h2>\n<h2 style=\"text-align: center;\"><strong><span style=\"color: #ff0000;\">\u00a0do godz. 20:00 \u2013 kobiety i dziewcz\u0119ta; do 21:00 \u2013 m\u0119\u017cczy\u017ani i m\u0142odzie\u0144cy.<\/span><\/strong><\/h2>\n<h2 style=\"text-align: center;\"><strong><span style=\"color: #ff0000;\">\u2013 Spowied\u017a w Wielki Pi\u0105tek \u2013 od godz. 8:30 -10<br \/><br \/><\/span><\/strong><\/h2>\n<h2 style=\"text-align: center;\"><strong><span style=\"color: #000000;\"><u>Wielka Sobota<\/u><\/span><\/strong><\/h2>\n<h2 style=\"text-align: center;\"><strong><span style=\"color: #000000;\">W Wielk\u0105 Sobot\u0119\u00a0spowied\u017a od godz. 9-10 \u00a0oraz od godz. 12-13.<\/span><\/strong><\/h2>\n<h2 style=\"text-align: center;\"><strong><span style=\"color: #000000;\">\u015awi\u0119cenie potraw w Wielk\u0105 Sobot\u0119 o godz. 10, 12 i 15.<\/span><\/strong><\/h2>\n<h1 style=\"text-align: center;\"><span style=\"color: #ff0000;\"><strong>O godz. 20:00\u00a0Uroczysta Liturgia Wigilii Paschlanej.<\/strong><\/span><\/h1>\n<h2 style=\"text-align: center;\"><span style=\"color: #000000;\"><strong>\u00a0<\/strong><\/span><\/h2>\n<h2 style=\"text-align: center;\"><span style=\"color: #000000;\"><strong><u>Niedziela Zmartwychwstania Pa\u0144skiego<\/u><\/strong><strong><br \/><\/strong><\/span><\/h2>\n<h2 style=\"text-align: center;\"><span style=\"color: #000000;\"><strong>O godzinie 6:00 Uroczysta procesja rezurekcyjna<br \/>i Msza \u015awi\u0119ta.<\/strong><\/span><\/h2>\n<h2 style=\"text-align: center;\"><span style=\"color: #000000;\"><strong>O godzinie 10:00 Uroczysta suma \u015bwi\u0105teczna \u2013<br \/>w intencji Parafian.<\/strong><\/span><\/h2>\n<h2 style=\"text-align: center;\">\u00a0<\/h2>\t\t\t\t\t\t<\/div>\n\t\t\t\t<\/div>\n\t\t\t\t\t<\/div>\n\t\t<\/div>\n\t\t\t\t\t<\/div>\n\t\t<\/section>\n\t\t\t\t<\/div>\n\t\t","protected":false},"excerpt":{"rendered":"<p>\u015awi\u0119te Triduum Paschalne 2025r. \u00a0 Wielki CzwartekO 18:00 Uroczysta Msza Wieczerzy Pa\u0144skiejw intencji ks. Proboszcza z okazji 40 rocznicy \u015bwi\u0119ce\u0144 kap\u0142a\u0144skich oraz o u\u015bwi\u0119cenie duchowie\u0144stwa i nowe powo\u0142ania do s\u0142u\u017cby Bo\u017cej.\u00a0 Po Mszy \u015awi\u0119tej modlitewne czuwanie w ciemnicy. Wielki Pi\u0105tek O 9:00 Droga Krzy\u017cowa O godzinie 18:00 Uroczysta Liturgia M\u0119ki Pa\u0144skiej. W Wielki Pi\u0105tek po [&hellip;]<\/p>\n","protected":false},"author":1,"featured_media":2129,"comment_status":"open","ping_status":"open","sticky":false,"template":"","format":"gallery","meta":{"site-sidebar-layout":"default","site-content-layout":"","ast-site-content-layout":"default","site-content-style":"default","site-sidebar-style":"default","ast-global-header-display":"","ast-banner-title-visibility":"","ast-main-header-display":"","ast-hfb-above-header-display":"","ast-hfb-below-header-display":"","ast-hfb-mobile-header-display":"","site-post-title":"","ast-breadcrumbs-content":"","ast-featured-img":"","footer-sml-layout":"","theme-transparent-header-meta":"","adv-header-id-meta":"","stick-header-meta":"","header-above-stick-meta":"","header-main-stick-meta":"","header-below-stick-meta":"","astra-migrate-meta-layouts":"set","ast-page-background-enabled":"default","ast-page-background-meta":{"desktop":{"background-color":"","background-image":"","background-repeat":"repeat","background-position":"center center","background-size":"auto","background-attachment":"scroll","background-type":"","background-media":"","overlay-type":"","overlay-color":"","overlay-opacity":"","overlay-gradient":""},"tablet":{"background-color":"","background-image":"","background-repeat":"repeat","background-position":"center center","background-size":"auto","background-attachment":"scroll","background-type":"","background-media":"","overlay-type":"","overlay-color":"","overlay-opacity":"","overlay-gradient":""},"mobile":{"background-color":"","background-image":"","background-repeat":"repeat","background-position":"center center","background-size":"auto","background-attachment":"scroll","background-type":"","background-media":"","overlay-type":"","overlay-color":"","overlay-opacity":"","overlay-gradient":""}},"ast-content-background-meta":{"desktop":{"background-color":"var(--ast-global-color-5)","background-image":"","background-repeat":"repeat","background-position":"center center","background-size":"auto","background-attachment":"scroll","background-type":"","background-media":"","overlay-type":"","overlay-color":"","overlay-opacity":"","overlay-gradient":""},"tablet":{"background-color":"var(--ast-global-color-5)","background-image":"","background-repeat":"repeat","background-position":"center center","background-size":"auto","background-attachment":"scroll","background-type":"","background-media":"","overlay-type":"","overlay-color":"","overlay-opacity":"","overlay-gradient":""},"mobile":{"background-color":"var(--ast-global-color-5)","background-image":"","background-repeat":"repeat","background-position":"center center","background-size":"auto","background-attachment":"scroll","background-type":"","background-media":"","overlay-type":"","overlay-color":"","overlay-opacity":"","overlay-gradient":""}},"footnotes":""},"categories":[1],"tags":[],"class_list":["post-3065","post","type-post","status-publish","format-gallery","has-post-thumbnail","hentry","category-bez-kategorii","post_format-post-format-gallery"],"_links":{"self":[{"href":"http:\/\/parafiakrywald.pl\/index.php?rest_route=\/wp\/v2\/posts\/3065","targetHints":{"allow":["GET"]}}],"collection":[{"href":"http:\/\/parafiakrywald.pl\/index.php?rest_route=\/wp\/v2\/posts"}],"about":[{"href":"http:\/\/parafiakrywald.pl\/index.php?rest_route=\/wp\/v2\/types\/post"}],"author":[{"embeddable":true,"href":"http:\/\/parafiakrywald.pl\/index.php?rest_route=\/wp\/v2\/users\/1"}],"replies":[{"embeddable":true,"href":"http:\/\/parafiakrywald.pl\/index.php?rest_route=%2Fwp%2Fv2%2Fcomments&post=3065"}],"version-history":[{"count":4,"href":"http:\/\/parafiakrywald.pl\/index.php?rest_route=\/wp\/v2\/posts\/3065\/revisions"}],"predecessor-version":[{"id":3069,"href":"http:\/\/parafiakrywald.pl\/index.php?rest_route=\/wp\/v2\/posts\/3065\/revisions\/3069"}],"wp:featuredmedia":[{"embeddable":true,"href":"http:\/\/parafiakrywald.pl\/index.php?rest_route=\/wp\/v2\/media\/2129"}],"wp:attachment":[{"href":"http:\/\/parafiakrywald.pl\/index.php?rest_route=%2Fwp%2Fv2%2Fmedia&parent=3065"}],"wp:term":[{"taxonomy":"category","embeddable":true,"href":"http:\/\/parafiakrywald.pl\/index.php?rest_route=%2Fwp%2Fv2%2Fcategories&post=3065"},{"taxonomy":"post_tag","embeddable":true,"href":"http:\/\/parafiakrywald.pl\/index.php?rest_route=%2Fwp%2Fv2%2Ftags&post=3065"}],"curies":[{"name":"wp","href":"https:\/\/api.w.org\/{rel}","templated":true}]}}