{"id":3150,"date":"2025-06-07T19:34:25","date_gmt":"2025-06-07T17:34:25","guid":{"rendered":"https:\/\/parafiakrywald.pl\/?p=3150"},"modified":"2025-06-07T19:41:58","modified_gmt":"2025-06-07T17:41:58","slug":"19-czerwca-2025r-uroczystosc-najswietszego-ciala-i-krwi-chrystusa","status":"publish","type":"post","link":"http:\/\/parafiakrywald.pl\/?p=3150","title":{"rendered":"19 czerwca 2025r. &#8211; Uroczysto\u015b\u0107 Naj\u015bwi\u0119tszego Cia\u0142a i Krwi Chrystusa"},"content":{"rendered":"\t\t<div data-elementor-type=\"wp-post\" data-elementor-id=\"3150\" class=\"elementor elementor-3150\">\n\t\t\t\t\t\t<section class=\"elementor-section elementor-top-section elementor-element elementor-element-7d298bb0 elementor-section-boxed elementor-section-height-default elementor-section-height-default\" data-id=\"7d298bb0\" data-element_type=\"section\">\n\t\t\t\t\t\t<div class=\"elementor-container elementor-column-gap-default\">\n\t\t\t\t\t<div class=\"elementor-column elementor-col-100 elementor-top-column elementor-element elementor-element-334ccb3f\" data-id=\"334ccb3f\" data-element_type=\"column\">\n\t\t\t<div class=\"elementor-widget-wrap elementor-element-populated\">\n\t\t\t\t\t\t<div class=\"elementor-element elementor-element-284b8dc3 elementor-widget elementor-widget-text-editor\" data-id=\"284b8dc3\" data-element_type=\"widget\" data-widget_type=\"text-editor.default\">\n\t\t\t\t<div class=\"elementor-widget-container\">\n\t\t\t\t\t\t\t<!-- wp:gallery {\"linkTo\":\"none\"} -->\n<figure class=\"wp-block-gallery has-nested-images columns-default is-cropped\"><\/figure>\n<!-- \/wp:gallery -->\t\t\t\t\t\t<\/div>\n\t\t\t\t<\/div>\n\t\t\t\t\t<\/div>\n\t\t<\/div>\n\t\t\t\t\t<\/div>\n\t\t<\/section>\n\t\t\t\t<section class=\"elementor-section elementor-top-section elementor-element elementor-element-6b52680 elementor-section-boxed elementor-section-height-default elementor-section-height-default\" data-id=\"6b52680\" data-element_type=\"section\">\n\t\t\t\t\t\t<div class=\"elementor-container elementor-column-gap-default\">\n\t\t\t\t\t<div class=\"elementor-column elementor-col-100 elementor-top-column elementor-element elementor-element-b11229c\" data-id=\"b11229c\" data-element_type=\"column\">\n\t\t\t<div class=\"elementor-widget-wrap elementor-element-populated\">\n\t\t\t\t\t\t<div class=\"elementor-element elementor-element-2e76ac4 elementor-widget elementor-widget-text-editor\" data-id=\"2e76ac4\" data-element_type=\"widget\" data-widget_type=\"text-editor.default\">\n\t\t\t\t<div class=\"elementor-widget-container\">\n\t\t\t\t\t\t\t<h2 style=\"text-align: center;\"><span style=\"color: #000000;\"><strong>W czwartek 19 czerwca 2025r. obchodzimy Uroczysto\u015b\u0107 Naj\u015bwi\u0119tszego Cia\u0142a i Krwi Chrystusa, kt\u00f3ra przynagla nas do z\u0142o\u017cenia publicznego \u015bwiadectwa wiary i pobo\u017cno\u015bci wobec Naj\u015bwi\u0119tszego Sakramentu.<br \/>Do udzia\u0142u w procesji zapraszamy szczeg\u00f3lnie dzieci pierwszokomunijne i ich rodzic\u00f3w, ma\u0142e dzieci do sypania kwiat\u00f3w, m\u0119\u017cczyzn, kt\u00f3rzy ponios\u0105 baldachim, poczet sztandarowy. Bardzo prosz\u0119, aby w\u0142\u0105czy\u0107 si\u0119 i wesprze\u0107 osoby wykonuj\u0105ce cztery o\u0142tarze.\u00a0<br \/><br \/><span style=\"color: #0000ff;\">O godzinie 8:00 odprawiona zostanie uroczysta Msza \u015awi\u0119ta za Parafian,<\/span><br \/><span style=\"color: #0000ff;\"> po kt\u00f3rej wyruszy procesja sta\u0142\u0105 tras\u0105. <\/span><\/strong><\/span><\/h2>\n<h2 style=\"text-align: center;\"><span style=\"color: #0000ff;\"><strong>Po procesji r\u00f3wnie\u017c b\u0119dzie druga Msza \u015awi\u0119ta.<\/strong><\/span><\/h2>\n<h2 style=\"text-align: center;\"><span style=\"color: #000000;\"><strong>Bo\u017ce Cia\u0142o, kieruje nasze spojrzenie i my\u015bli ku Eucharystii jako uczcie i trwa\u0142ej obecno\u015bci Jezusa w Naj\u015bwi\u0119tszym Sakramencie. Uroczysto\u015b\u0107 stanowi wspania\u0142\u0105 okazj\u0119 do rozwa\u017cenia tajemnicy Eucharystii i jest okazj\u0105 do publicznego zamanifestowania naszej wiary wobec Naj\u015bwi\u0119tszego Sakramentu.<\/strong><\/span><\/h2>\t\t\t\t\t\t<\/div>\n\t\t\t\t<\/div>\n\t\t\t\t\t<\/div>\n\t\t<\/div>\n\t\t\t\t\t<\/div>\n\t\t<\/section>\n\t\t\t\t<\/div>\n\t\t","protected":false},"excerpt":{"rendered":"<p>W czwartek 19 czerwca 2025r. obchodzimy Uroczysto\u015b\u0107 Naj\u015bwi\u0119tszego Cia\u0142a i Krwi Chrystusa, kt\u00f3ra przynagla nas do z\u0142o\u017cenia publicznego \u015bwiadectwa wiary i pobo\u017cno\u015bci wobec Naj\u015bwi\u0119tszego Sakramentu.Do udzia\u0142u w procesji zapraszamy szczeg\u00f3lnie dzieci pierwszokomunijne i ich rodzic\u00f3w, ma\u0142e dzieci do sypania kwiat\u00f3w, m\u0119\u017cczyzn, kt\u00f3rzy ponios\u0105 baldachim, poczet sztandarowy. Bardzo prosz\u0119, aby w\u0142\u0105czy\u0107 si\u0119 i wesprze\u0107 osoby wykonuj\u0105ce [&hellip;]<\/p>\n","protected":false},"author":1,"featured_media":986,"comment_status":"open","ping_status":"open","sticky":false,"template":"","format":"gallery","meta":{"site-sidebar-layout":"default","site-content-layout":"","ast-site-content-layout":"default","site-content-style":"default","site-sidebar-style":"default","ast-global-header-display":"","ast-banner-title-visibility":"","ast-main-header-display":"","ast-hfb-above-header-display":"","ast-hfb-below-header-display":"","ast-hfb-mobile-header-display":"","site-post-title":"","ast-breadcrumbs-content":"","ast-featured-img":"","footer-sml-layout":"","theme-transparent-header-meta":"","adv-header-id-meta":"","stick-header-meta":"","header-above-stick-meta":"","header-main-stick-meta":"","header-below-stick-meta":"","astra-migrate-meta-layouts":"set","ast-page-background-enabled":"default","ast-page-background-meta":{"desktop":{"background-color":"","background-image":"","background-repeat":"repeat","background-position":"center center","background-size":"auto","background-attachment":"scroll","background-type":"","background-media":"","overlay-type":"","overlay-color":"","overlay-opacity":"","overlay-gradient":""},"tablet":{"background-color":"","background-image":"","background-repeat":"repeat","background-position":"center center","background-size":"auto","background-attachment":"scroll","background-type":"","background-media":"","overlay-type":"","overlay-color":"","overlay-opacity":"","overlay-gradient":""},"mobile":{"background-color":"","background-image":"","background-repeat":"repeat","background-position":"center center","background-size":"auto","background-attachment":"scroll","background-type":"","background-media":"","overlay-type":"","overlay-color":"","overlay-opacity":"","overlay-gradient":""}},"ast-content-background-meta":{"desktop":{"background-color":"var(--ast-global-color-5)","background-image":"","background-repeat":"repeat","background-position":"center center","background-size":"auto","background-attachment":"scroll","background-type":"","background-media":"","overlay-type":"","overlay-color":"","overlay-opacity":"","overlay-gradient":""},"tablet":{"background-color":"var(--ast-global-color-5)","background-image":"","background-repeat":"repeat","background-position":"center center","background-size":"auto","background-attachment":"scroll","background-type":"","background-media":"","overlay-type":"","overlay-color":"","overlay-opacity":"","overlay-gradient":""},"mobile":{"background-color":"var(--ast-global-color-5)","background-image":"","background-repeat":"repeat","background-position":"center center","background-size":"auto","background-attachment":"scroll","background-type":"","background-media":"","overlay-type":"","overlay-color":"","overlay-opacity":"","overlay-gradient":""}},"footnotes":""},"categories":[1],"tags":[],"class_list":["post-3150","post","type-post","status-publish","format-gallery","has-post-thumbnail","hentry","category-bez-kategorii","post_format-post-format-gallery"],"_links":{"self":[{"href":"http:\/\/parafiakrywald.pl\/index.php?rest_route=\/wp\/v2\/posts\/3150","targetHints":{"allow":["GET"]}}],"collection":[{"href":"http:\/\/parafiakrywald.pl\/index.php?rest_route=\/wp\/v2\/posts"}],"about":[{"href":"http:\/\/parafiakrywald.pl\/index.php?rest_route=\/wp\/v2\/types\/post"}],"author":[{"embeddable":true,"href":"http:\/\/parafiakrywald.pl\/index.php?rest_route=\/wp\/v2\/users\/1"}],"replies":[{"embeddable":true,"href":"http:\/\/parafiakrywald.pl\/index.php?rest_route=%2Fwp%2Fv2%2Fcomments&post=3150"}],"version-history":[{"count":4,"href":"http:\/\/parafiakrywald.pl\/index.php?rest_route=\/wp\/v2\/posts\/3150\/revisions"}],"predecessor-version":[{"id":3154,"href":"http:\/\/parafiakrywald.pl\/index.php?rest_route=\/wp\/v2\/posts\/3150\/revisions\/3154"}],"wp:featuredmedia":[{"embeddable":true,"href":"http:\/\/parafiakrywald.pl\/index.php?rest_route=\/wp\/v2\/media\/986"}],"wp:attachment":[{"href":"http:\/\/parafiakrywald.pl\/index.php?rest_route=%2Fwp%2Fv2%2Fmedia&parent=3150"}],"wp:term":[{"taxonomy":"category","embeddable":true,"href":"http:\/\/parafiakrywald.pl\/index.php?rest_route=%2Fwp%2Fv2%2Fcategories&post=3150"},{"taxonomy":"post_tag","embeddable":true,"href":"http:\/\/parafiakrywald.pl\/index.php?rest_route=%2Fwp%2Fv2%2Ftags&post=3150"}],"curies":[{"name":"wp","href":"https:\/\/api.w.org\/{rel}","templated":true}]}}