{"id":3156,"date":"2025-06-19T18:51:43","date_gmt":"2025-06-19T16:51:43","guid":{"rendered":"https:\/\/parafiakrywald.pl\/?p=3156"},"modified":"2025-06-20T09:49:17","modified_gmt":"2025-06-20T07:49:17","slug":"19-czerwca-2025r-uroczystosc-najswietszego-ciala-i-krwi-chrystusa-2","status":"publish","type":"post","link":"http:\/\/parafiakrywald.pl\/?p=3156","title":{"rendered":"19 czerwca 2025r. \u2013 Uroczysto\u015b\u0107 Naj\u015bwi\u0119tszego Cia\u0142a i Krwi Chrystusa"},"content":{"rendered":"\t\t<div data-elementor-type=\"wp-post\" data-elementor-id=\"3156\" class=\"elementor elementor-3156\">\n\t\t\t\t\t\t<section class=\"elementor-section elementor-top-section elementor-element elementor-element-1c82a83 elementor-section-boxed elementor-section-height-default elementor-section-height-default\" data-id=\"1c82a83\" data-element_type=\"section\">\n\t\t\t\t\t\t<div class=\"elementor-container elementor-column-gap-default\">\n\t\t\t\t\t<div class=\"elementor-column elementor-col-100 elementor-top-column elementor-element elementor-element-494995d8\" data-id=\"494995d8\" data-element_type=\"column\">\n\t\t\t<div class=\"elementor-widget-wrap elementor-element-populated\">\n\t\t\t\t\t\t<div class=\"elementor-element elementor-element-5b0e0ee elementor-widget elementor-widget-text-editor\" data-id=\"5b0e0ee\" data-element_type=\"widget\" data-widget_type=\"text-editor.default\">\n\t\t\t\t<div class=\"elementor-widget-container\">\n\t\t\t\t\t\t\t<h1 style=\"text-align: center;\"><strong>Uroczysto\u015b\u0107 Naj\u015bwi\u0119tszego Cia\u0142a i Krwi Chrystusa<\/strong><\/h1>\t\t\t\t\t\t<\/div>\n\t\t\t\t<\/div>\n\t\t\t\t<div class=\"elementor-element elementor-element-ef080dd elementor-widget elementor-widget-text-editor\" data-id=\"ef080dd\" data-element_type=\"widget\" data-widget_type=\"text-editor.default\">\n\t\t\t\t<div class=\"elementor-widget-container\">\n\t\t\t\t\t\t\t<h3 style=\"text-align: left;\"><strong><span style=\"color: #000000;\">W czwartek, 19 czerwca 2025 roku obchodzili\u015bmy Uroczysto\u015b\u0107 Naj\u015bwi\u0119tszego Cia\u0142a i Krwi Chrystusa, b\u0119d\u0105c\u0105 wyj\u0105tkowym \u015bwi\u0119tem wiary i publicznego \u015bwiadectwa obecno\u015bci Jezusa w Eucharystii.<\/span><\/strong><\/h3>\n<h3 style=\"text-align: left;\"><strong><span style=\"color: #000000;\">O godzinie 8:00 zosta\u0142a odprawiona uroczysta Msza \u015awi\u0119ta w intencji Parafian, kt\u00f3rej przewodniczy\u0142 proboszcz parafii, ks. Marek Kamie\u0144ski. Homili\u0119 wyg\u0142osi\u0142 ks. Grzegorz Wieczorek, kt\u00f3ry w swoich s\u0142owach podkre\u015bli\u0142 g\u0142\u0119bi\u0119 tajemnicy Eucharystii oraz znaczenie jej obecno\u015bci w codziennym \u017cyciu wiernych. Zwr\u00f3ci\u0142 r\u00f3wnie\u017c uwag\u0119 na potrzeb\u0119 \u017cywej wiary i wsp\u00f3lnotowego prze\u017cywania obecno\u015bci Chrystusa po\u015br\u00f3d nas.<\/span><\/strong><\/h3>\n<h3 style=\"text-align: left;\"><strong><span style=\"color: #000000;\">Po zako\u0144czeniu liturgii wyruszy\u0142a procesja teoforyczna do czterech o\u0142tarzy przygotowanych przez mieszka\u0144c\u00f3w Krywa\u0142du. Procesja przesz\u0142a ulicami parafii w atmosferze modlitwy i skupienia. Procesja mia\u0142a wyj\u0105tkowo uroczysty charakter. Towarzyszy\u0142y jej dzieci pierwszokomunijne, sypi\u0105ce kwiaty na drodze procesji, by\u0142 obecny tak\u017ce nasz sztandar g\u00f3rniczy.<\/span><\/strong><\/h3>\n<h3 style=\"text-align: left;\"><strong><span style=\"color: #000000;\">Przy ka\u017cdym z czterech o\u0142tarzy odczytana zosta\u0142a Ewangelia, proboszcz parafii przy ka\u017cdym o\u0142tarzu wyg\u0142osi\u0142 okoliczno\u015bciow\u0105 homili\u0119, nast\u0119pnie modlitwy i b\u0142ogos\u0142awie\u0144stwo Naj\u015bwi\u0119tszym Sakramentem.<\/span><\/strong><\/h3>\n<h3 style=\"text-align: left;\"><strong><span style=\"color: #000000;\">Uroczysto\u015b\u0107 zako\u0144czy\u0142a si\u0119 od\u015bpiewaniem hymnu \u201eTe Deum laudamus\u201d oraz b\u0142ogos\u0142awie\u0144stwem ko\u0144cowym.<\/span><\/strong><\/h3>\n<h3 style=\"text-align: left;\"><strong><span style=\"color: #000000;\">Serdeczne podzi\u0119kowania kierujemy do wszystkich parafian, kt\u00f3rzy zaanga\u017cowali si\u0119 w przygotowanie o\u0142tarzy oraz uczestniczyli w procesji teoforycznej. Bo\u017ce Cia\u0142o w Krywa\u0142dzie by\u0142o pi\u0119knym \u015bwiadectwem wiary i jedno\u015bci wsp\u00f3lnoty parafialnej.<\/span><\/strong><\/h3>\t\t\t\t\t\t<\/div>\n\t\t\t\t<\/div>\n\t\t\t\t<div class=\"elementor-element elementor-element-5941be79 elementor-widget elementor-widget-text-editor\" data-id=\"5941be79\" data-element_type=\"widget\" data-widget_type=\"text-editor.default\">\n\t\t\t\t<div class=\"elementor-widget-container\">\n\t\t\t\t\t\t\t<!-- wp:gallery {\"linkTo\":\"none\"} -->\n<figure class=\"wp-block-gallery has-nested-images columns-default is-cropped\"><\/figure>\n<!-- \/wp:gallery -->\t\t\t\t\t\t<\/div>\n\t\t\t\t<\/div>\n\t\t\t\t\t<\/div>\n\t\t<\/div>\n\t\t\t\t\t<\/div>\n\t\t<\/section>\n\t\t\t\t<section class=\"elementor-section elementor-top-section elementor-element elementor-element-c0a690b elementor-section-boxed elementor-section-height-default elementor-section-height-default\" data-id=\"c0a690b\" data-element_type=\"section\">\n\t\t\t\t\t\t<div class=\"elementor-container elementor-column-gap-default\">\n\t\t\t\t\t<div class=\"elementor-column elementor-col-100 elementor-top-column elementor-element elementor-element-35f3af3\" data-id=\"35f3af3\" data-element_type=\"column\">\n\t\t\t<div class=\"elementor-widget-wrap elementor-element-populated\">\n\t\t\t\t\t\t<div class=\"elementor-element elementor-element-0981741 gallery-spacing-custom elementor-widget elementor-widget-image-gallery\" data-id=\"0981741\" data-element_type=\"widget\" data-widget_type=\"image-gallery.default\">\n\t\t\t\t<div class=\"elementor-widget-container\">\n\t\t\t\t\t<div class=\"elementor-image-gallery\">\n\t\t\t<div id='gallery-1' class='gallery galleryid-3156 gallery-columns-4 gallery-size-medium'><figure class='gallery-item'>\n\t\t\t<div class='gallery-icon portrait'>\n\t\t\t\t<a data-elementor-open-lightbox=\"yes\" data-elementor-lightbox-slideshow=\"0981741\" data-elementor-lightbox-title=\"01\" data-e-action-hash=\"#elementor-action%3Aaction%3Dlightbox%26settings%3DeyJpZCI6MzE3OCwidXJsIjoiaHR0cDpcL1wvcGFyYWZpYWtyeXdhbGQucGxcL3dwLWNvbnRlbnRcL3VwbG9hZHNcLzIwMjVcLzA2XC8wMS5qcGVnIiwic2xpZGVzaG93IjoiMDk4MTc0MSJ9\" href='http:\/\/parafiakrywald.pl\/wp-content\/uploads\/2025\/06\/01.jpeg'><img fetchpriority=\"high\" decoding=\"async\" width=\"227\" height=\"300\" src=\"http:\/\/parafiakrywald.pl\/wp-content\/uploads\/2025\/06\/01-227x300.jpeg\" class=\"attachment-medium size-medium\" alt=\"\" srcset=\"http:\/\/parafiakrywald.pl\/wp-content\/uploads\/2025\/06\/01-227x300.jpeg 227w, http:\/\/parafiakrywald.pl\/wp-content\/uploads\/2025\/06\/01-775x1024.jpeg 775w, http:\/\/parafiakrywald.pl\/wp-content\/uploads\/2025\/06\/01-768x1015.jpeg 768w, http:\/\/parafiakrywald.pl\/wp-content\/uploads\/2025\/06\/01-1162x1536.jpeg 1162w, http:\/\/parafiakrywald.pl\/wp-content\/uploads\/2025\/06\/01.jpeg 1542w\" sizes=\"(max-width: 227px) 100vw, 227px\" \/><\/a>\n\t\t\t<\/div><\/figure><figure class='gallery-item'>\n\t\t\t<div class='gallery-icon portrait'>\n\t\t\t\t<a data-elementor-open-lightbox=\"yes\" data-elementor-lightbox-slideshow=\"0981741\" data-elementor-lightbox-title=\"02\" data-e-action-hash=\"#elementor-action%3Aaction%3Dlightbox%26settings%3DeyJpZCI6MzE3OSwidXJsIjoiaHR0cDpcL1wvcGFyYWZpYWtyeXdhbGQucGxcL3dwLWNvbnRlbnRcL3VwbG9hZHNcLzIwMjVcLzA2XC8wMi5qcGVnIiwic2xpZGVzaG93IjoiMDk4MTc0MSJ9\" href='http:\/\/parafiakrywald.pl\/wp-content\/uploads\/2025\/06\/02.jpeg'><img decoding=\"async\" width=\"237\" height=\"300\" src=\"http:\/\/parafiakrywald.pl\/wp-content\/uploads\/2025\/06\/02-237x300.jpeg\" class=\"attachment-medium size-medium\" alt=\"\" srcset=\"http:\/\/parafiakrywald.pl\/wp-content\/uploads\/2025\/06\/02-237x300.jpeg 237w, http:\/\/parafiakrywald.pl\/wp-content\/uploads\/2025\/06\/02-808x1024.jpeg 808w, http:\/\/parafiakrywald.pl\/wp-content\/uploads\/2025\/06\/02-768x974.jpeg 768w, http:\/\/parafiakrywald.pl\/wp-content\/uploads\/2025\/06\/02-1211x1536.jpeg 1211w, http:\/\/parafiakrywald.pl\/wp-content\/uploads\/2025\/06\/02.jpeg 1574w\" sizes=\"(max-width: 237px) 100vw, 237px\" \/><\/a>\n\t\t\t<\/div><\/figure><figure class='gallery-item'>\n\t\t\t<div class='gallery-icon portrait'>\n\t\t\t\t<a data-elementor-open-lightbox=\"yes\" data-elementor-lightbox-slideshow=\"0981741\" data-elementor-lightbox-title=\"04\" data-e-action-hash=\"#elementor-action%3Aaction%3Dlightbox%26settings%3DeyJpZCI6MzE4MSwidXJsIjoiaHR0cDpcL1wvcGFyYWZpYWtyeXdhbGQucGxcL3dwLWNvbnRlbnRcL3VwbG9hZHNcLzIwMjVcLzA2XC8wNC5qcGVnIiwic2xpZGVzaG93IjoiMDk4MTc0MSJ9\" href='http:\/\/parafiakrywald.pl\/wp-content\/uploads\/2025\/06\/04.jpeg'><img decoding=\"async\" width=\"220\" height=\"300\" src=\"http:\/\/parafiakrywald.pl\/wp-content\/uploads\/2025\/06\/04-220x300.jpeg\" class=\"attachment-medium size-medium\" alt=\"\" srcset=\"http:\/\/parafiakrywald.pl\/wp-content\/uploads\/2025\/06\/04-220x300.jpeg 220w, http:\/\/parafiakrywald.pl\/wp-content\/uploads\/2025\/06\/04-751x1024.jpeg 751w, http:\/\/parafiakrywald.pl\/wp-content\/uploads\/2025\/06\/04-768x1047.jpeg 768w, http:\/\/parafiakrywald.pl\/wp-content\/uploads\/2025\/06\/04-1126x1536.jpeg 1126w, http:\/\/parafiakrywald.pl\/wp-content\/uploads\/2025\/06\/04-1502x2048.jpeg 1502w, http:\/\/parafiakrywald.pl\/wp-content\/uploads\/2025\/06\/04.jpeg 1518w\" sizes=\"(max-width: 220px) 100vw, 220px\" \/><\/a>\n\t\t\t<\/div><\/figure><figure class='gallery-item'>\n\t\t\t<div class='gallery-icon portrait'>\n\t\t\t\t<a data-elementor-open-lightbox=\"yes\" data-elementor-lightbox-slideshow=\"0981741\" data-elementor-lightbox-title=\"06\" data-e-action-hash=\"#elementor-action%3Aaction%3Dlightbox%26settings%3DeyJpZCI6MzE4MywidXJsIjoiaHR0cDpcL1wvcGFyYWZpYWtyeXdhbGQucGxcL3dwLWNvbnRlbnRcL3VwbG9hZHNcLzIwMjVcLzA2XC8wNi1zY2FsZWQuanBnIiwic2xpZGVzaG93IjoiMDk4MTc0MSJ9\" href='http:\/\/parafiakrywald.pl\/wp-content\/uploads\/2025\/06\/06-scaled.jpg'><img loading=\"lazy\" decoding=\"async\" width=\"226\" height=\"300\" src=\"http:\/\/parafiakrywald.pl\/wp-content\/uploads\/2025\/06\/06-226x300.jpg\" class=\"attachment-medium size-medium\" alt=\"\" srcset=\"http:\/\/parafiakrywald.pl\/wp-content\/uploads\/2025\/06\/06-226x300.jpg 226w, http:\/\/parafiakrywald.pl\/wp-content\/uploads\/2025\/06\/06-771x1024.jpg 771w, http:\/\/parafiakrywald.pl\/wp-content\/uploads\/2025\/06\/06-768x1020.jpg 768w, http:\/\/parafiakrywald.pl\/wp-content\/uploads\/2025\/06\/06-1157x1536.jpg 1157w, http:\/\/parafiakrywald.pl\/wp-content\/uploads\/2025\/06\/06-1543x2048.jpg 1543w, http:\/\/parafiakrywald.pl\/wp-content\/uploads\/2025\/06\/06-scaled.jpg 1928w\" sizes=\"(max-width: 226px) 100vw, 226px\" \/><\/a>\n\t\t\t<\/div><\/figure><figure class='gallery-item'>\n\t\t\t<div class='gallery-icon landscape'>\n\t\t\t\t<a data-elementor-open-lightbox=\"yes\" data-elementor-lightbox-slideshow=\"0981741\" data-elementor-lightbox-title=\"03\" data-e-action-hash=\"#elementor-action%3Aaction%3Dlightbox%26settings%3DeyJpZCI6MzE4MCwidXJsIjoiaHR0cDpcL1wvcGFyYWZpYWtyeXdhbGQucGxcL3dwLWNvbnRlbnRcL3VwbG9hZHNcLzIwMjVcLzA2XC8wMy5qcGciLCJzbGlkZXNob3ciOiIwOTgxNzQxIn0%3D\" href='http:\/\/parafiakrywald.pl\/wp-content\/uploads\/2025\/06\/03.jpg'><img loading=\"lazy\" decoding=\"async\" width=\"300\" height=\"255\" src=\"http:\/\/parafiakrywald.pl\/wp-content\/uploads\/2025\/06\/03-300x255.jpg\" class=\"attachment-medium size-medium\" alt=\"\" srcset=\"http:\/\/parafiakrywald.pl\/wp-content\/uploads\/2025\/06\/03-300x255.jpg 300w, http:\/\/parafiakrywald.pl\/wp-content\/uploads\/2025\/06\/03-1024x872.jpg 1024w, http:\/\/parafiakrywald.pl\/wp-content\/uploads\/2025\/06\/03-768x654.jpg 768w, http:\/\/parafiakrywald.pl\/wp-content\/uploads\/2025\/06\/03-1536x1308.jpg 1536w, http:\/\/parafiakrywald.pl\/wp-content\/uploads\/2025\/06\/03.jpg 1857w\" sizes=\"(max-width: 300px) 100vw, 300px\" \/><\/a>\n\t\t\t<\/div><\/figure><figure class='gallery-item'>\n\t\t\t<div class='gallery-icon landscape'>\n\t\t\t\t<a data-elementor-open-lightbox=\"yes\" data-elementor-lightbox-slideshow=\"0981741\" data-elementor-lightbox-title=\"05\" data-e-action-hash=\"#elementor-action%3Aaction%3Dlightbox%26settings%3DeyJpZCI6MzE4MiwidXJsIjoiaHR0cDpcL1wvcGFyYWZpYWtyeXdhbGQucGxcL3dwLWNvbnRlbnRcL3VwbG9hZHNcLzIwMjVcLzA2XC8wNS5qcGciLCJzbGlkZXNob3ciOiIwOTgxNzQxIn0%3D\" href='http:\/\/parafiakrywald.pl\/wp-content\/uploads\/2025\/06\/05.jpg'><img loading=\"lazy\" decoding=\"async\" width=\"300\" height=\"225\" src=\"http:\/\/parafiakrywald.pl\/wp-content\/uploads\/2025\/06\/05-300x225.jpg\" class=\"attachment-medium size-medium\" alt=\"\" srcset=\"http:\/\/parafiakrywald.pl\/wp-content\/uploads\/2025\/06\/05-300x225.jpg 300w, http:\/\/parafiakrywald.pl\/wp-content\/uploads\/2025\/06\/05-1024x768.jpg 1024w, http:\/\/parafiakrywald.pl\/wp-content\/uploads\/2025\/06\/05-768x576.jpg 768w, http:\/\/parafiakrywald.pl\/wp-content\/uploads\/2025\/06\/05-1536x1152.jpg 1536w, http:\/\/parafiakrywald.pl\/wp-content\/uploads\/2025\/06\/05.jpg 2048w\" sizes=\"(max-width: 300px) 100vw, 300px\" \/><\/a>\n\t\t\t<\/div><\/figure><figure class='gallery-item'>\n\t\t\t<div class='gallery-icon landscape'>\n\t\t\t\t<a data-elementor-open-lightbox=\"yes\" data-elementor-lightbox-slideshow=\"0981741\" data-elementor-lightbox-title=\"07\" data-e-action-hash=\"#elementor-action%3Aaction%3Dlightbox%26settings%3DeyJpZCI6MzE4NCwidXJsIjoiaHR0cDpcL1wvcGFyYWZpYWtyeXdhbGQucGxcL3dwLWNvbnRlbnRcL3VwbG9hZHNcLzIwMjVcLzA2XC8wNy1zY2FsZWQuanBnIiwic2xpZGVzaG93IjoiMDk4MTc0MSJ9\" href='http:\/\/parafiakrywald.pl\/wp-content\/uploads\/2025\/06\/07-scaled.jpg'><img loading=\"lazy\" decoding=\"async\" width=\"300\" height=\"226\" src=\"http:\/\/parafiakrywald.pl\/wp-content\/uploads\/2025\/06\/07-300x226.jpg\" class=\"attachment-medium size-medium\" alt=\"\" srcset=\"http:\/\/parafiakrywald.pl\/wp-content\/uploads\/2025\/06\/07-300x226.jpg 300w, http:\/\/parafiakrywald.pl\/wp-content\/uploads\/2025\/06\/07-1024x771.jpg 1024w, http:\/\/parafiakrywald.pl\/wp-content\/uploads\/2025\/06\/07-768x578.jpg 768w, http:\/\/parafiakrywald.pl\/wp-content\/uploads\/2025\/06\/07-1536x1157.jpg 1536w, http:\/\/parafiakrywald.pl\/wp-content\/uploads\/2025\/06\/07-2048x1542.jpg 2048w\" sizes=\"(max-width: 300px) 100vw, 300px\" \/><\/a>\n\t\t\t<\/div><\/figure><figure class='gallery-item'>\n\t\t\t<div class='gallery-icon landscape'>\n\t\t\t\t<a data-elementor-open-lightbox=\"yes\" data-elementor-lightbox-slideshow=\"0981741\" data-elementor-lightbox-title=\"08\" data-e-action-hash=\"#elementor-action%3Aaction%3Dlightbox%26settings%3DeyJpZCI6MzE4NSwidXJsIjoiaHR0cDpcL1wvcGFyYWZpYWtyeXdhbGQucGxcL3dwLWNvbnRlbnRcL3VwbG9hZHNcLzIwMjVcLzA2XC8wOC1zY2FsZWQuanBnIiwic2xpZGVzaG93IjoiMDk4MTc0MSJ9\" href='http:\/\/parafiakrywald.pl\/wp-content\/uploads\/2025\/06\/08-scaled.jpg'><img loading=\"lazy\" decoding=\"async\" width=\"300\" height=\"226\" src=\"http:\/\/parafiakrywald.pl\/wp-content\/uploads\/2025\/06\/08-300x226.jpg\" class=\"attachment-medium size-medium\" alt=\"\" srcset=\"http:\/\/parafiakrywald.pl\/wp-content\/uploads\/2025\/06\/08-300x226.jpg 300w, http:\/\/parafiakrywald.pl\/wp-content\/uploads\/2025\/06\/08-1024x771.jpg 1024w, http:\/\/parafiakrywald.pl\/wp-content\/uploads\/2025\/06\/08-768x578.jpg 768w, http:\/\/parafiakrywald.pl\/wp-content\/uploads\/2025\/06\/08-1536x1157.jpg 1536w, http:\/\/parafiakrywald.pl\/wp-content\/uploads\/2025\/06\/08-2048x1542.jpg 2048w\" sizes=\"(max-width: 300px) 100vw, 300px\" \/><\/a>\n\t\t\t<\/div><\/figure><figure class='gallery-item'>\n\t\t\t<div class='gallery-icon portrait'>\n\t\t\t\t<a data-elementor-open-lightbox=\"yes\" data-elementor-lightbox-slideshow=\"0981741\" data-elementor-lightbox-title=\"12\" data-e-action-hash=\"#elementor-action%3Aaction%3Dlightbox%26settings%3DeyJpZCI6MzE4NiwidXJsIjoiaHR0cDpcL1wvcGFyYWZpYWtyeXdhbGQucGxcL3dwLWNvbnRlbnRcL3VwbG9hZHNcLzIwMjVcLzA2XC8xMi1zY2FsZWQuanBnIiwic2xpZGVzaG93IjoiMDk4MTc0MSJ9\" href='http:\/\/parafiakrywald.pl\/wp-content\/uploads\/2025\/06\/12-scaled.jpg'><img loading=\"lazy\" decoding=\"async\" width=\"225\" height=\"300\" src=\"http:\/\/parafiakrywald.pl\/wp-content\/uploads\/2025\/06\/12-225x300.jpg\" class=\"attachment-medium size-medium\" alt=\"\" srcset=\"http:\/\/parafiakrywald.pl\/wp-content\/uploads\/2025\/06\/12-225x300.jpg 225w, http:\/\/parafiakrywald.pl\/wp-content\/uploads\/2025\/06\/12-768x1024.jpg 768w, http:\/\/parafiakrywald.pl\/wp-content\/uploads\/2025\/06\/12-1152x1536.jpg 1152w, http:\/\/parafiakrywald.pl\/wp-content\/uploads\/2025\/06\/12-1536x2048.jpg 1536w, http:\/\/parafiakrywald.pl\/wp-content\/uploads\/2025\/06\/12-scaled.jpg 1920w\" sizes=\"(max-width: 225px) 100vw, 225px\" \/><\/a>\n\t\t\t<\/div><\/figure><figure class='gallery-item'>\n\t\t\t<div class='gallery-icon portrait'>\n\t\t\t\t<a data-elementor-open-lightbox=\"yes\" data-elementor-lightbox-slideshow=\"0981741\" data-elementor-lightbox-title=\"14\" data-e-action-hash=\"#elementor-action%3Aaction%3Dlightbox%26settings%3DeyJpZCI6MzE4OCwidXJsIjoiaHR0cDpcL1wvcGFyYWZpYWtyeXdhbGQucGxcL3dwLWNvbnRlbnRcL3VwbG9hZHNcLzIwMjVcLzA2XC8xNC5qcGVnIiwic2xpZGVzaG93IjoiMDk4MTc0MSJ9\" href='http:\/\/parafiakrywald.pl\/wp-content\/uploads\/2025\/06\/14.jpeg'><img loading=\"lazy\" decoding=\"async\" width=\"225\" height=\"300\" src=\"http:\/\/parafiakrywald.pl\/wp-content\/uploads\/2025\/06\/14-225x300.jpeg\" class=\"attachment-medium size-medium\" alt=\"\" srcset=\"http:\/\/parafiakrywald.pl\/wp-content\/uploads\/2025\/06\/14-225x300.jpeg 225w, http:\/\/parafiakrywald.pl\/wp-content\/uploads\/2025\/06\/14-768x1024.jpeg 768w, http:\/\/parafiakrywald.pl\/wp-content\/uploads\/2025\/06\/14-1152x1536.jpeg 1152w, http:\/\/parafiakrywald.pl\/wp-content\/uploads\/2025\/06\/14.jpeg 1536w\" sizes=\"(max-width: 225px) 100vw, 225px\" \/><\/a>\n\t\t\t<\/div><\/figure><figure class='gallery-item'>\n\t\t\t<div class='gallery-icon portrait'>\n\t\t\t\t<a data-elementor-open-lightbox=\"yes\" data-elementor-lightbox-slideshow=\"0981741\" data-elementor-lightbox-title=\"13\" data-e-action-hash=\"#elementor-action%3Aaction%3Dlightbox%26settings%3DeyJpZCI6MzE4NywidXJsIjoiaHR0cDpcL1wvcGFyYWZpYWtyeXdhbGQucGxcL3dwLWNvbnRlbnRcL3VwbG9hZHNcLzIwMjVcLzA2XC8xMy5qcGciLCJzbGlkZXNob3ciOiIwOTgxNzQxIn0%3D\" href='http:\/\/parafiakrywald.pl\/wp-content\/uploads\/2025\/06\/13.jpg'><img loading=\"lazy\" decoding=\"async\" width=\"225\" height=\"300\" src=\"http:\/\/parafiakrywald.pl\/wp-content\/uploads\/2025\/06\/13-225x300.jpg\" class=\"attachment-medium size-medium\" alt=\"\" srcset=\"http:\/\/parafiakrywald.pl\/wp-content\/uploads\/2025\/06\/13-225x300.jpg 225w, http:\/\/parafiakrywald.pl\/wp-content\/uploads\/2025\/06\/13-768x1024.jpg 768w, http:\/\/parafiakrywald.pl\/wp-content\/uploads\/2025\/06\/13-1152x1536.jpg 1152w, http:\/\/parafiakrywald.pl\/wp-content\/uploads\/2025\/06\/13.jpg 1536w\" sizes=\"(max-width: 225px) 100vw, 225px\" \/><\/a>\n\t\t\t<\/div><\/figure><figure class='gallery-item'>\n\t\t\t<div class='gallery-icon portrait'>\n\t\t\t\t<a data-elementor-open-lightbox=\"yes\" data-elementor-lightbox-slideshow=\"0981741\" data-elementor-lightbox-title=\"15\" data-e-action-hash=\"#elementor-action%3Aaction%3Dlightbox%26settings%3DeyJpZCI6MzE1OSwidXJsIjoiaHR0cDpcL1wvcGFyYWZpYWtyeXdhbGQucGxcL3dwLWNvbnRlbnRcL3VwbG9hZHNcLzIwMjVcLzA2XC8xNS5qcGciLCJzbGlkZXNob3ciOiIwOTgxNzQxIn0%3D\" href='http:\/\/parafiakrywald.pl\/wp-content\/uploads\/2025\/06\/15.jpg'><img loading=\"lazy\" decoding=\"async\" width=\"225\" height=\"300\" src=\"http:\/\/parafiakrywald.pl\/wp-content\/uploads\/2025\/06\/15-225x300.jpg\" class=\"attachment-medium size-medium\" alt=\"\" srcset=\"http:\/\/parafiakrywald.pl\/wp-content\/uploads\/2025\/06\/15-225x300.jpg 225w, http:\/\/parafiakrywald.pl\/wp-content\/uploads\/2025\/06\/15-768x1024.jpg 768w, http:\/\/parafiakrywald.pl\/wp-content\/uploads\/2025\/06\/15-1152x1536.jpg 1152w, http:\/\/parafiakrywald.pl\/wp-content\/uploads\/2025\/06\/15.jpg 1536w\" sizes=\"(max-width: 225px) 100vw, 225px\" \/><\/a>\n\t\t\t<\/div><\/figure><figure class='gallery-item'>\n\t\t\t<div class='gallery-icon portrait'>\n\t\t\t\t<a data-elementor-open-lightbox=\"yes\" data-elementor-lightbox-slideshow=\"0981741\" data-elementor-lightbox-title=\"16\" data-e-action-hash=\"#elementor-action%3Aaction%3Dlightbox%26settings%3DeyJpZCI6MzE2MCwidXJsIjoiaHR0cDpcL1wvcGFyYWZpYWtyeXdhbGQucGxcL3dwLWNvbnRlbnRcL3VwbG9hZHNcLzIwMjVcLzA2XC8xNi5qcGciLCJzbGlkZXNob3ciOiIwOTgxNzQxIn0%3D\" href='http:\/\/parafiakrywald.pl\/wp-content\/uploads\/2025\/06\/16.jpg'><img loading=\"lazy\" decoding=\"async\" width=\"225\" height=\"300\" src=\"http:\/\/parafiakrywald.pl\/wp-content\/uploads\/2025\/06\/16-225x300.jpg\" class=\"attachment-medium size-medium\" alt=\"\" srcset=\"http:\/\/parafiakrywald.pl\/wp-content\/uploads\/2025\/06\/16-225x300.jpg 225w, http:\/\/parafiakrywald.pl\/wp-content\/uploads\/2025\/06\/16-768x1024.jpg 768w, http:\/\/parafiakrywald.pl\/wp-content\/uploads\/2025\/06\/16-1152x1536.jpg 1152w, http:\/\/parafiakrywald.pl\/wp-content\/uploads\/2025\/06\/16.jpg 1536w\" sizes=\"(max-width: 225px) 100vw, 225px\" \/><\/a>\n\t\t\t<\/div><\/figure><figure class='gallery-item'>\n\t\t\t<div class='gallery-icon portrait'>\n\t\t\t\t<a data-elementor-open-lightbox=\"yes\" data-elementor-lightbox-slideshow=\"0981741\" data-elementor-lightbox-title=\"17\" data-e-action-hash=\"#elementor-action%3Aaction%3Dlightbox%26settings%3DeyJpZCI6MzE2MSwidXJsIjoiaHR0cDpcL1wvcGFyYWZpYWtyeXdhbGQucGxcL3dwLWNvbnRlbnRcL3VwbG9hZHNcLzIwMjVcLzA2XC8xNy5qcGVnIiwic2xpZGVzaG93IjoiMDk4MTc0MSJ9\" href='http:\/\/parafiakrywald.pl\/wp-content\/uploads\/2025\/06\/17.jpeg'><img loading=\"lazy\" decoding=\"async\" width=\"200\" height=\"300\" src=\"http:\/\/parafiakrywald.pl\/wp-content\/uploads\/2025\/06\/17-200x300.jpeg\" class=\"attachment-medium size-medium\" alt=\"\" srcset=\"http:\/\/parafiakrywald.pl\/wp-content\/uploads\/2025\/06\/17-200x300.jpeg 200w, http:\/\/parafiakrywald.pl\/wp-content\/uploads\/2025\/06\/17-683x1024.jpeg 683w, http:\/\/parafiakrywald.pl\/wp-content\/uploads\/2025\/06\/17-768x1152.jpeg 768w, http:\/\/parafiakrywald.pl\/wp-content\/uploads\/2025\/06\/17-1024x1536.jpeg 1024w, http:\/\/parafiakrywald.pl\/wp-content\/uploads\/2025\/06\/17.jpeg 1103w\" sizes=\"(max-width: 200px) 100vw, 200px\" \/><\/a>\n\t\t\t<\/div><\/figure><figure class='gallery-item'>\n\t\t\t<div class='gallery-icon portrait'>\n\t\t\t\t<a data-elementor-open-lightbox=\"yes\" data-elementor-lightbox-slideshow=\"0981741\" data-elementor-lightbox-title=\"18\" data-e-action-hash=\"#elementor-action%3Aaction%3Dlightbox%26settings%3DeyJpZCI6MzE2MiwidXJsIjoiaHR0cDpcL1wvcGFyYWZpYWtyeXdhbGQucGxcL3dwLWNvbnRlbnRcL3VwbG9hZHNcLzIwMjVcLzA2XC8xOC5qcGVnIiwic2xpZGVzaG93IjoiMDk4MTc0MSJ9\" href='http:\/\/parafiakrywald.pl\/wp-content\/uploads\/2025\/06\/18.jpeg'><img loading=\"lazy\" decoding=\"async\" width=\"200\" height=\"300\" src=\"http:\/\/parafiakrywald.pl\/wp-content\/uploads\/2025\/06\/18-200x300.jpeg\" class=\"attachment-medium size-medium\" alt=\"\" srcset=\"http:\/\/parafiakrywald.pl\/wp-content\/uploads\/2025\/06\/18-200x300.jpeg 200w, http:\/\/parafiakrywald.pl\/wp-content\/uploads\/2025\/06\/18-683x1024.jpeg 683w, http:\/\/parafiakrywald.pl\/wp-content\/uploads\/2025\/06\/18-768x1152.jpeg 768w, http:\/\/parafiakrywald.pl\/wp-content\/uploads\/2025\/06\/18-1024x1536.jpeg 1024w, http:\/\/parafiakrywald.pl\/wp-content\/uploads\/2025\/06\/18.jpeg 1324w\" sizes=\"(max-width: 200px) 100vw, 200px\" \/><\/a>\n\t\t\t<\/div><\/figure><figure class='gallery-item'>\n\t\t\t<div class='gallery-icon portrait'>\n\t\t\t\t<a data-elementor-open-lightbox=\"yes\" data-elementor-lightbox-slideshow=\"0981741\" data-elementor-lightbox-title=\"19\" data-e-action-hash=\"#elementor-action%3Aaction%3Dlightbox%26settings%3DeyJpZCI6MzE2MywidXJsIjoiaHR0cDpcL1wvcGFyYWZpYWtyeXdhbGQucGxcL3dwLWNvbnRlbnRcL3VwbG9hZHNcLzIwMjVcLzA2XC8xOS5qcGVnIiwic2xpZGVzaG93IjoiMDk4MTc0MSJ9\" href='http:\/\/parafiakrywald.pl\/wp-content\/uploads\/2025\/06\/19.jpeg'><img loading=\"lazy\" decoding=\"async\" width=\"225\" height=\"300\" src=\"http:\/\/parafiakrywald.pl\/wp-content\/uploads\/2025\/06\/19-225x300.jpeg\" class=\"attachment-medium size-medium\" alt=\"\" srcset=\"http:\/\/parafiakrywald.pl\/wp-content\/uploads\/2025\/06\/19-225x300.jpeg 225w, http:\/\/parafiakrywald.pl\/wp-content\/uploads\/2025\/06\/19-768x1024.jpeg 768w, http:\/\/parafiakrywald.pl\/wp-content\/uploads\/2025\/06\/19-1152x1536.jpeg 1152w, http:\/\/parafiakrywald.pl\/wp-content\/uploads\/2025\/06\/19.jpeg 1536w\" sizes=\"(max-width: 225px) 100vw, 225px\" \/><\/a>\n\t\t\t<\/div><\/figure><figure class='gallery-item'>\n\t\t\t<div class='gallery-icon portrait'>\n\t\t\t\t<a data-elementor-open-lightbox=\"yes\" data-elementor-lightbox-slideshow=\"0981741\" data-elementor-lightbox-title=\"20\" data-e-action-hash=\"#elementor-action%3Aaction%3Dlightbox%26settings%3DeyJpZCI6MzE2NCwidXJsIjoiaHR0cDpcL1wvcGFyYWZpYWtyeXdhbGQucGxcL3dwLWNvbnRlbnRcL3VwbG9hZHNcLzIwMjVcLzA2XC8yMC5qcGVnIiwic2xpZGVzaG93IjoiMDk4MTc0MSJ9\" href='http:\/\/parafiakrywald.pl\/wp-content\/uploads\/2025\/06\/20.jpeg'><img loading=\"lazy\" decoding=\"async\" width=\"225\" height=\"300\" src=\"http:\/\/parafiakrywald.pl\/wp-content\/uploads\/2025\/06\/20-225x300.jpeg\" class=\"attachment-medium size-medium\" alt=\"\" srcset=\"http:\/\/parafiakrywald.pl\/wp-content\/uploads\/2025\/06\/20-225x300.jpeg 225w, http:\/\/parafiakrywald.pl\/wp-content\/uploads\/2025\/06\/20-768x1024.jpeg 768w, http:\/\/parafiakrywald.pl\/wp-content\/uploads\/2025\/06\/20-1152x1536.jpeg 1152w, http:\/\/parafiakrywald.pl\/wp-content\/uploads\/2025\/06\/20.jpeg 1536w\" sizes=\"(max-width: 225px) 100vw, 225px\" \/><\/a>\n\t\t\t<\/div><\/figure><figure class='gallery-item'>\n\t\t\t<div class='gallery-icon portrait'>\n\t\t\t\t<a data-elementor-open-lightbox=\"yes\" data-elementor-lightbox-slideshow=\"0981741\" data-elementor-lightbox-title=\"21\" data-e-action-hash=\"#elementor-action%3Aaction%3Dlightbox%26settings%3DeyJpZCI6MzE2NSwidXJsIjoiaHR0cDpcL1wvcGFyYWZpYWtyeXdhbGQucGxcL3dwLWNvbnRlbnRcL3VwbG9hZHNcLzIwMjVcLzA2XC8yMS5qcGVnIiwic2xpZGVzaG93IjoiMDk4MTc0MSJ9\" href='http:\/\/parafiakrywald.pl\/wp-content\/uploads\/2025\/06\/21.jpeg'><img loading=\"lazy\" decoding=\"async\" width=\"229\" height=\"300\" src=\"http:\/\/parafiakrywald.pl\/wp-content\/uploads\/2025\/06\/21-229x300.jpeg\" class=\"attachment-medium size-medium\" alt=\"\" srcset=\"http:\/\/parafiakrywald.pl\/wp-content\/uploads\/2025\/06\/21-229x300.jpeg 229w, http:\/\/parafiakrywald.pl\/wp-content\/uploads\/2025\/06\/21-781x1024.jpeg 781w, http:\/\/parafiakrywald.pl\/wp-content\/uploads\/2025\/06\/21-768x1007.jpeg 768w, http:\/\/parafiakrywald.pl\/wp-content\/uploads\/2025\/06\/21-1171x1536.jpeg 1171w, http:\/\/parafiakrywald.pl\/wp-content\/uploads\/2025\/06\/21.jpeg 1548w\" sizes=\"(max-width: 229px) 100vw, 229px\" \/><\/a>\n\t\t\t<\/div><\/figure><figure class='gallery-item'>\n\t\t\t<div class='gallery-icon portrait'>\n\t\t\t\t<a data-elementor-open-lightbox=\"yes\" data-elementor-lightbox-slideshow=\"0981741\" data-elementor-lightbox-title=\"22\" data-e-action-hash=\"#elementor-action%3Aaction%3Dlightbox%26settings%3DeyJpZCI6MzE2NiwidXJsIjoiaHR0cDpcL1wvcGFyYWZpYWtyeXdhbGQucGxcL3dwLWNvbnRlbnRcL3VwbG9hZHNcLzIwMjVcLzA2XC8yMi5qcGVnIiwic2xpZGVzaG93IjoiMDk4MTc0MSJ9\" href='http:\/\/parafiakrywald.pl\/wp-content\/uploads\/2025\/06\/22.jpeg'><img loading=\"lazy\" decoding=\"async\" width=\"245\" height=\"300\" src=\"http:\/\/parafiakrywald.pl\/wp-content\/uploads\/2025\/06\/22-245x300.jpeg\" class=\"attachment-medium size-medium\" alt=\"\" srcset=\"http:\/\/parafiakrywald.pl\/wp-content\/uploads\/2025\/06\/22-245x300.jpeg 245w, http:\/\/parafiakrywald.pl\/wp-content\/uploads\/2025\/06\/22-835x1024.jpeg 835w, http:\/\/parafiakrywald.pl\/wp-content\/uploads\/2025\/06\/22-768x942.jpeg 768w, http:\/\/parafiakrywald.pl\/wp-content\/uploads\/2025\/06\/22-1253x1536.jpeg 1253w, http:\/\/parafiakrywald.pl\/wp-content\/uploads\/2025\/06\/22.jpeg 1602w\" sizes=\"(max-width: 245px) 100vw, 245px\" \/><\/a>\n\t\t\t<\/div><\/figure><figure class='gallery-item'>\n\t\t\t<div class='gallery-icon portrait'>\n\t\t\t\t<a data-elementor-open-lightbox=\"yes\" data-elementor-lightbox-slideshow=\"0981741\" data-elementor-lightbox-title=\"23\" data-e-action-hash=\"#elementor-action%3Aaction%3Dlightbox%26settings%3DeyJpZCI6MzE2NywidXJsIjoiaHR0cDpcL1wvcGFyYWZpYWtyeXdhbGQucGxcL3dwLWNvbnRlbnRcL3VwbG9hZHNcLzIwMjVcLzA2XC8yMy5qcGVnIiwic2xpZGVzaG93IjoiMDk4MTc0MSJ9\" href='http:\/\/parafiakrywald.pl\/wp-content\/uploads\/2025\/06\/23.jpeg'><img loading=\"lazy\" decoding=\"async\" width=\"225\" height=\"300\" src=\"http:\/\/parafiakrywald.pl\/wp-content\/uploads\/2025\/06\/23-225x300.jpeg\" class=\"attachment-medium size-medium\" alt=\"\" srcset=\"http:\/\/parafiakrywald.pl\/wp-content\/uploads\/2025\/06\/23-225x300.jpeg 225w, http:\/\/parafiakrywald.pl\/wp-content\/uploads\/2025\/06\/23-768x1024.jpeg 768w, http:\/\/parafiakrywald.pl\/wp-content\/uploads\/2025\/06\/23-1152x1536.jpeg 1152w, http:\/\/parafiakrywald.pl\/wp-content\/uploads\/2025\/06\/23.jpeg 1536w\" sizes=\"(max-width: 225px) 100vw, 225px\" \/><\/a>\n\t\t\t<\/div><\/figure><figure class='gallery-item'>\n\t\t\t<div class='gallery-icon portrait'>\n\t\t\t\t<a data-elementor-open-lightbox=\"yes\" data-elementor-lightbox-slideshow=\"0981741\" data-elementor-lightbox-title=\"24\" data-e-action-hash=\"#elementor-action%3Aaction%3Dlightbox%26settings%3DeyJpZCI6MzE2OCwidXJsIjoiaHR0cDpcL1wvcGFyYWZpYWtyeXdhbGQucGxcL3dwLWNvbnRlbnRcL3VwbG9hZHNcLzIwMjVcLzA2XC8yNC5qcGVnIiwic2xpZGVzaG93IjoiMDk4MTc0MSJ9\" href='http:\/\/parafiakrywald.pl\/wp-content\/uploads\/2025\/06\/24.jpeg'><img loading=\"lazy\" decoding=\"async\" width=\"231\" height=\"300\" src=\"http:\/\/parafiakrywald.pl\/wp-content\/uploads\/2025\/06\/24-231x300.jpeg\" class=\"attachment-medium size-medium\" alt=\"\" srcset=\"http:\/\/parafiakrywald.pl\/wp-content\/uploads\/2025\/06\/24-231x300.jpeg 231w, http:\/\/parafiakrywald.pl\/wp-content\/uploads\/2025\/06\/24-788x1024.jpeg 788w, http:\/\/parafiakrywald.pl\/wp-content\/uploads\/2025\/06\/24-768x998.jpeg 768w, http:\/\/parafiakrywald.pl\/wp-content\/uploads\/2025\/06\/24-1182x1536.jpeg 1182w, http:\/\/parafiakrywald.pl\/wp-content\/uploads\/2025\/06\/24.jpeg 1556w\" sizes=\"(max-width: 231px) 100vw, 231px\" \/><\/a>\n\t\t\t<\/div><\/figure><figure class='gallery-item'>\n\t\t\t<div class='gallery-icon portrait'>\n\t\t\t\t<a data-elementor-open-lightbox=\"yes\" data-elementor-lightbox-slideshow=\"0981741\" data-elementor-lightbox-title=\"31\" data-e-action-hash=\"#elementor-action%3Aaction%3Dlightbox%26settings%3DeyJpZCI6MzE3NSwidXJsIjoiaHR0cDpcL1wvcGFyYWZpYWtyeXdhbGQucGxcL3dwLWNvbnRlbnRcL3VwbG9hZHNcLzIwMjVcLzA2XC8zMS1zY2FsZWQuanBnIiwic2xpZGVzaG93IjoiMDk4MTc0MSJ9\" href='http:\/\/parafiakrywald.pl\/wp-content\/uploads\/2025\/06\/31-scaled.jpg'><img loading=\"lazy\" decoding=\"async\" width=\"226\" height=\"300\" src=\"http:\/\/parafiakrywald.pl\/wp-content\/uploads\/2025\/06\/31-226x300.jpg\" class=\"attachment-medium size-medium\" alt=\"\" srcset=\"http:\/\/parafiakrywald.pl\/wp-content\/uploads\/2025\/06\/31-226x300.jpg 226w, http:\/\/parafiakrywald.pl\/wp-content\/uploads\/2025\/06\/31-771x1024.jpg 771w, http:\/\/parafiakrywald.pl\/wp-content\/uploads\/2025\/06\/31-768x1020.jpg 768w, http:\/\/parafiakrywald.pl\/wp-content\/uploads\/2025\/06\/31-1157x1536.jpg 1157w, http:\/\/parafiakrywald.pl\/wp-content\/uploads\/2025\/06\/31-1542x2048.jpg 1542w, http:\/\/parafiakrywald.pl\/wp-content\/uploads\/2025\/06\/31-scaled.jpg 1928w\" sizes=\"(max-width: 226px) 100vw, 226px\" \/><\/a>\n\t\t\t<\/div><\/figure><figure class='gallery-item'>\n\t\t\t<div class='gallery-icon portrait'>\n\t\t\t\t<a data-elementor-open-lightbox=\"yes\" data-elementor-lightbox-slideshow=\"0981741\" data-elementor-lightbox-title=\"26\" data-e-action-hash=\"#elementor-action%3Aaction%3Dlightbox%26settings%3DeyJpZCI6MzE3MCwidXJsIjoiaHR0cDpcL1wvcGFyYWZpYWtyeXdhbGQucGxcL3dwLWNvbnRlbnRcL3VwbG9hZHNcLzIwMjVcLzA2XC8yNi5qcGVnIiwic2xpZGVzaG93IjoiMDk4MTc0MSJ9\" href='http:\/\/parafiakrywald.pl\/wp-content\/uploads\/2025\/06\/26.jpeg'><img loading=\"lazy\" decoding=\"async\" width=\"214\" height=\"300\" src=\"http:\/\/parafiakrywald.pl\/wp-content\/uploads\/2025\/06\/26-214x300.jpeg\" class=\"attachment-medium size-medium\" alt=\"\" srcset=\"http:\/\/parafiakrywald.pl\/wp-content\/uploads\/2025\/06\/26-214x300.jpeg 214w, http:\/\/parafiakrywald.pl\/wp-content\/uploads\/2025\/06\/26-730x1024.jpeg 730w, http:\/\/parafiakrywald.pl\/wp-content\/uploads\/2025\/06\/26-768x1077.jpeg 768w, http:\/\/parafiakrywald.pl\/wp-content\/uploads\/2025\/06\/26.jpeg 1051w\" sizes=\"(max-width: 214px) 100vw, 214px\" \/><\/a>\n\t\t\t<\/div><\/figure><figure class='gallery-item'>\n\t\t\t<div class='gallery-icon portrait'>\n\t\t\t\t<a data-elementor-open-lightbox=\"yes\" data-elementor-lightbox-slideshow=\"0981741\" data-elementor-lightbox-title=\"27\" data-e-action-hash=\"#elementor-action%3Aaction%3Dlightbox%26settings%3DeyJpZCI6MzE3MSwidXJsIjoiaHR0cDpcL1wvcGFyYWZpYWtyeXdhbGQucGxcL3dwLWNvbnRlbnRcL3VwbG9hZHNcLzIwMjVcLzA2XC8yNy5qcGVnIiwic2xpZGVzaG93IjoiMDk4MTc0MSJ9\" href='http:\/\/parafiakrywald.pl\/wp-content\/uploads\/2025\/06\/27.jpeg'><img loading=\"lazy\" decoding=\"async\" width=\"225\" height=\"300\" src=\"http:\/\/parafiakrywald.pl\/wp-content\/uploads\/2025\/06\/27-225x300.jpeg\" class=\"attachment-medium size-medium\" alt=\"\" srcset=\"http:\/\/parafiakrywald.pl\/wp-content\/uploads\/2025\/06\/27-225x300.jpeg 225w, http:\/\/parafiakrywald.pl\/wp-content\/uploads\/2025\/06\/27-768x1024.jpeg 768w, http:\/\/parafiakrywald.pl\/wp-content\/uploads\/2025\/06\/27-1152x1536.jpeg 1152w, http:\/\/parafiakrywald.pl\/wp-content\/uploads\/2025\/06\/27.jpeg 1536w\" sizes=\"(max-width: 225px) 100vw, 225px\" \/><\/a>\n\t\t\t<\/div><\/figure><figure class='gallery-item'>\n\t\t\t<div class='gallery-icon landscape'>\n\t\t\t\t<a data-elementor-open-lightbox=\"yes\" data-elementor-lightbox-slideshow=\"0981741\" data-elementor-lightbox-title=\"30\" data-e-action-hash=\"#elementor-action%3Aaction%3Dlightbox%26settings%3DeyJpZCI6MzE3NCwidXJsIjoiaHR0cDpcL1wvcGFyYWZpYWtyeXdhbGQucGxcL3dwLWNvbnRlbnRcL3VwbG9hZHNcLzIwMjVcLzA2XC8zMC0xLmpwZWciLCJzbGlkZXNob3ciOiIwOTgxNzQxIn0%3D\" href='http:\/\/parafiakrywald.pl\/wp-content\/uploads\/2025\/06\/30-1.jpeg'><img loading=\"lazy\" decoding=\"async\" width=\"300\" height=\"226\" src=\"http:\/\/parafiakrywald.pl\/wp-content\/uploads\/2025\/06\/30-1-300x226.jpeg\" class=\"attachment-medium size-medium\" alt=\"\" srcset=\"http:\/\/parafiakrywald.pl\/wp-content\/uploads\/2025\/06\/30-1-300x226.jpeg 300w, http:\/\/parafiakrywald.pl\/wp-content\/uploads\/2025\/06\/30-1-1024x771.jpeg 1024w, http:\/\/parafiakrywald.pl\/wp-content\/uploads\/2025\/06\/30-1-768x578.jpeg 768w, http:\/\/parafiakrywald.pl\/wp-content\/uploads\/2025\/06\/30-1.jpeg 1418w\" sizes=\"(max-width: 300px) 100vw, 300px\" \/><\/a>\n\t\t\t<\/div><\/figure><figure class='gallery-item'>\n\t\t\t<div class='gallery-icon landscape'>\n\t\t\t\t<a data-elementor-open-lightbox=\"yes\" data-elementor-lightbox-slideshow=\"0981741\" data-elementor-lightbox-title=\"25\" data-e-action-hash=\"#elementor-action%3Aaction%3Dlightbox%26settings%3DeyJpZCI6MzE2OSwidXJsIjoiaHR0cDpcL1wvcGFyYWZpYWtyeXdhbGQucGxcL3dwLWNvbnRlbnRcL3VwbG9hZHNcLzIwMjVcLzA2XC8yNS5qcGVnIiwic2xpZGVzaG93IjoiMDk4MTc0MSJ9\" href='http:\/\/parafiakrywald.pl\/wp-content\/uploads\/2025\/06\/25.jpeg'><img loading=\"lazy\" decoding=\"async\" width=\"300\" height=\"188\" src=\"http:\/\/parafiakrywald.pl\/wp-content\/uploads\/2025\/06\/25-300x188.jpeg\" class=\"attachment-medium size-medium\" alt=\"\" srcset=\"http:\/\/parafiakrywald.pl\/wp-content\/uploads\/2025\/06\/25-300x188.jpeg 300w, http:\/\/parafiakrywald.pl\/wp-content\/uploads\/2025\/06\/25-1024x641.jpeg 1024w, http:\/\/parafiakrywald.pl\/wp-content\/uploads\/2025\/06\/25-768x480.jpeg 768w, http:\/\/parafiakrywald.pl\/wp-content\/uploads\/2025\/06\/25.jpeg 1170w\" sizes=\"(max-width: 300px) 100vw, 300px\" \/><\/a>\n\t\t\t<\/div><\/figure><figure class='gallery-item'>\n\t\t\t<div class='gallery-icon portrait'>\n\t\t\t\t<a data-elementor-open-lightbox=\"yes\" data-elementor-lightbox-slideshow=\"0981741\" data-elementor-lightbox-title=\"29a\" data-e-action-hash=\"#elementor-action%3Aaction%3Dlightbox%26settings%3DeyJpZCI6MzE3NywidXJsIjoiaHR0cDpcL1wvcGFyYWZpYWtyeXdhbGQucGxcL3dwLWNvbnRlbnRcL3VwbG9hZHNcLzIwMjVcLzA2XC8yOWEtc2NhbGVkLmpwZyIsInNsaWRlc2hvdyI6IjA5ODE3NDEifQ%3D%3D\" href='http:\/\/parafiakrywald.pl\/wp-content\/uploads\/2025\/06\/29a-scaled.jpg'><img loading=\"lazy\" decoding=\"async\" width=\"226\" height=\"300\" src=\"http:\/\/parafiakrywald.pl\/wp-content\/uploads\/2025\/06\/29a-226x300.jpg\" class=\"attachment-medium size-medium\" alt=\"\" srcset=\"http:\/\/parafiakrywald.pl\/wp-content\/uploads\/2025\/06\/29a-226x300.jpg 226w, http:\/\/parafiakrywald.pl\/wp-content\/uploads\/2025\/06\/29a-771x1024.jpg 771w, http:\/\/parafiakrywald.pl\/wp-content\/uploads\/2025\/06\/29a-768x1020.jpg 768w, http:\/\/parafiakrywald.pl\/wp-content\/uploads\/2025\/06\/29a-1157x1536.jpg 1157w, http:\/\/parafiakrywald.pl\/wp-content\/uploads\/2025\/06\/29a-1542x2048.jpg 1542w, http:\/\/parafiakrywald.pl\/wp-content\/uploads\/2025\/06\/29a-scaled.jpg 1928w\" sizes=\"(max-width: 226px) 100vw, 226px\" \/><\/a>\n\t\t\t<\/div><\/figure><figure class='gallery-item'>\n\t\t\t<div class='gallery-icon landscape'>\n\t\t\t\t<a data-elementor-open-lightbox=\"yes\" data-elementor-lightbox-slideshow=\"0981741\" data-elementor-lightbox-title=\"32\" data-e-action-hash=\"#elementor-action%3Aaction%3Dlightbox%26settings%3DeyJpZCI6MzE3NiwidXJsIjoiaHR0cDpcL1wvcGFyYWZpYWtyeXdhbGQucGxcL3dwLWNvbnRlbnRcL3VwbG9hZHNcLzIwMjVcLzA2XC8zMi1zY2FsZWQuanBnIiwic2xpZGVzaG93IjoiMDk4MTc0MSJ9\" href='http:\/\/parafiakrywald.pl\/wp-content\/uploads\/2025\/06\/32-scaled.jpg'><img loading=\"lazy\" decoding=\"async\" width=\"300\" height=\"226\" src=\"http:\/\/parafiakrywald.pl\/wp-content\/uploads\/2025\/06\/32-300x226.jpg\" class=\"attachment-medium size-medium\" alt=\"\" srcset=\"http:\/\/parafiakrywald.pl\/wp-content\/uploads\/2025\/06\/32-300x226.jpg 300w, http:\/\/parafiakrywald.pl\/wp-content\/uploads\/2025\/06\/32-1024x771.jpg 1024w, http:\/\/parafiakrywald.pl\/wp-content\/uploads\/2025\/06\/32-768x578.jpg 768w, http:\/\/parafiakrywald.pl\/wp-content\/uploads\/2025\/06\/32-1536x1156.jpg 1536w, http:\/\/parafiakrywald.pl\/wp-content\/uploads\/2025\/06\/32-2048x1542.jpg 2048w\" sizes=\"(max-width: 300px) 100vw, 300px\" \/><\/a>\n\t\t\t<\/div><\/figure>\n\t\t<\/div>\n\t\t<\/div>\n\t\t\t\t<\/div>\n\t\t\t\t<\/div>\n\t\t\t\t\t<\/div>\n\t\t<\/div>\n\t\t\t\t\t<\/div>\n\t\t<\/section>\n\t\t\t\t<\/div>\n\t\t","protected":false},"excerpt":{"rendered":"<p>Uroczysto\u015b\u0107 Naj\u015bwi\u0119tszego Cia\u0142a i Krwi Chrystusa W czwartek, 19 czerwca 2025 roku obchodzili\u015bmy Uroczysto\u015b\u0107 Naj\u015bwi\u0119tszego Cia\u0142a i Krwi Chrystusa, b\u0119d\u0105c\u0105 wyj\u0105tkowym \u015bwi\u0119tem wiary i publicznego \u015bwiadectwa obecno\u015bci Jezusa w Eucharystii. O godzinie 8:00 zosta\u0142a odprawiona uroczysta Msza \u015awi\u0119ta w intencji Parafian, kt\u00f3rej przewodniczy\u0142 proboszcz parafii, ks. Marek Kamie\u0144ski. Homili\u0119 wyg\u0142osi\u0142 ks. Grzegorz Wieczorek, kt\u00f3ry w [&hellip;]<\/p>\n","protected":false},"author":1,"featured_media":3157,"comment_status":"open","ping_status":"open","sticky":false,"template":"","format":"gallery","meta":{"site-sidebar-layout":"default","site-content-layout":"","ast-site-content-layout":"default","site-content-style":"default","site-sidebar-style":"default","ast-global-header-display":"","ast-banner-title-visibility":"","ast-main-header-display":"","ast-hfb-above-header-display":"","ast-hfb-below-header-display":"","ast-hfb-mobile-header-display":"","site-post-title":"","ast-breadcrumbs-content":"","ast-featured-img":"","footer-sml-layout":"","theme-transparent-header-meta":"","adv-header-id-meta":"","stick-header-meta":"","header-above-stick-meta":"","header-main-stick-meta":"","header-below-stick-meta":"","astra-migrate-meta-layouts":"set","ast-page-background-enabled":"default","ast-page-background-meta":{"desktop":{"background-color":"","background-image":"","background-repeat":"repeat","background-position":"center center","background-size":"auto","background-attachment":"scroll","background-type":"","background-media":"","overlay-type":"","overlay-color":"","overlay-opacity":"","overlay-gradient":""},"tablet":{"background-color":"","background-image":"","background-repeat":"repeat","background-position":"center center","background-size":"auto","background-attachment":"scroll","background-type":"","background-media":"","overlay-type":"","overlay-color":"","overlay-opacity":"","overlay-gradient":""},"mobile":{"background-color":"","background-image":"","background-repeat":"repeat","background-position":"center center","background-size":"auto","background-attachment":"scroll","background-type":"","background-media":"","overlay-type":"","overlay-color":"","overlay-opacity":"","overlay-gradient":""}},"ast-content-background-meta":{"desktop":{"background-color":"var(--ast-global-color-5)","background-image":"","background-repeat":"repeat","background-position":"center center","background-size":"auto","background-attachment":"scroll","background-type":"","background-media":"","overlay-type":"","overlay-color":"","overlay-opacity":"","overlay-gradient":""},"tablet":{"background-color":"var(--ast-global-color-5)","background-image":"","background-repeat":"repeat","background-position":"center center","background-size":"auto","background-attachment":"scroll","background-type":"","background-media":"","overlay-type":"","overlay-color":"","overlay-opacity":"","overlay-gradient":""},"mobile":{"background-color":"var(--ast-global-color-5)","background-image":"","background-repeat":"repeat","background-position":"center center","background-size":"auto","background-attachment":"scroll","background-type":"","background-media":"","overlay-type":"","overlay-color":"","overlay-opacity":"","overlay-gradient":""}},"footnotes":""},"categories":[1],"tags":[],"class_list":["post-3156","post","type-post","status-publish","format-gallery","has-post-thumbnail","hentry","category-bez-kategorii","post_format-post-format-gallery"],"_links":{"self":[{"href":"http:\/\/parafiakrywald.pl\/index.php?rest_route=\/wp\/v2\/posts\/3156","targetHints":{"allow":["GET"]}}],"collection":[{"href":"http:\/\/parafiakrywald.pl\/index.php?rest_route=\/wp\/v2\/posts"}],"about":[{"href":"http:\/\/parafiakrywald.pl\/index.php?rest_route=\/wp\/v2\/types\/post"}],"author":[{"embeddable":true,"href":"http:\/\/parafiakrywald.pl\/index.php?rest_route=\/wp\/v2\/users\/1"}],"replies":[{"embeddable":true,"href":"http:\/\/parafiakrywald.pl\/index.php?rest_route=%2Fwp%2Fv2%2Fcomments&post=3156"}],"version-history":[{"count":10,"href":"http:\/\/parafiakrywald.pl\/index.php?rest_route=\/wp\/v2\/posts\/3156\/revisions"}],"predecessor-version":[{"id":3197,"href":"http:\/\/parafiakrywald.pl\/index.php?rest_route=\/wp\/v2\/posts\/3156\/revisions\/3197"}],"wp:featuredmedia":[{"embeddable":true,"href":"http:\/\/parafiakrywald.pl\/index.php?rest_route=\/wp\/v2\/media\/3157"}],"wp:attachment":[{"href":"http:\/\/parafiakrywald.pl\/index.php?rest_route=%2Fwp%2Fv2%2Fmedia&parent=3156"}],"wp:term":[{"taxonomy":"category","embeddable":true,"href":"http:\/\/parafiakrywald.pl\/index.php?rest_route=%2Fwp%2Fv2%2Fcategories&post=3156"},{"taxonomy":"post_tag","embeddable":true,"href":"http:\/\/parafiakrywald.pl\/index.php?rest_route=%2Fwp%2Fv2%2Ftags&post=3156"}],"curies":[{"name":"wp","href":"https:\/\/api.w.org\/{rel}","templated":true}]}}