{"id":3228,"date":"2025-08-29T15:13:00","date_gmt":"2025-08-29T13:13:00","guid":{"rendered":"https:\/\/parafiakrywald.pl\/?p=3228"},"modified":"2025-08-30T10:22:47","modified_gmt":"2025-08-30T08:22:47","slug":"slowo-bp-marka-szkudlo-w-zwiazku-z-nominacja-nowego-arcybiskupa-metropolity-katowickiego","status":"publish","type":"post","link":"http:\/\/parafiakrywald.pl\/?p=3228","title":{"rendered":"S\u0142owo bp. Marka Szkud\u0142o w zwi\u0105zku z nominacj\u0105 nowego Arcybiskupa Metropolity Katowickiego"},"content":{"rendered":"\t\t<div data-elementor-type=\"wp-post\" data-elementor-id=\"3228\" class=\"elementor elementor-3228\">\n\t\t\t\t\t\t<section class=\"elementor-section elementor-top-section elementor-element elementor-element-2e9fbdd elementor-section-boxed elementor-section-height-default elementor-section-height-default\" data-id=\"2e9fbdd\" data-element_type=\"section\">\n\t\t\t\t\t\t<div class=\"elementor-container elementor-column-gap-default\">\n\t\t\t\t\t<div class=\"elementor-column elementor-col-100 elementor-top-column elementor-element elementor-element-6e2f1558\" data-id=\"6e2f1558\" data-element_type=\"column\">\n\t\t\t<div class=\"elementor-widget-wrap elementor-element-populated\">\n\t\t\t\t\t\t<div class=\"elementor-element elementor-element-444df907 elementor-widget elementor-widget-text-editor\" data-id=\"444df907\" data-element_type=\"widget\" data-widget_type=\"text-editor.default\">\n\t\t\t\t<div class=\"elementor-widget-container\">\n\t\t\t\t\t\t\t<!-- wp:gallery {\"linkTo\":\"none\"} -->\n<figure class=\"wp-block-gallery has-nested-images columns-default is-cropped\"><\/figure>\n<!-- \/wp:gallery -->\t\t\t\t\t\t<\/div>\n\t\t\t\t<\/div>\n\t\t\t\t\t<\/div>\n\t\t<\/div>\n\t\t\t\t\t<\/div>\n\t\t<\/section>\n\t\t\t\t<section class=\"elementor-section elementor-top-section elementor-element elementor-element-4c1ac0c elementor-section-boxed elementor-section-height-default elementor-section-height-default\" data-id=\"4c1ac0c\" data-element_type=\"section\">\n\t\t\t\t\t\t<div class=\"elementor-container elementor-column-gap-default\">\n\t\t\t\t\t<div class=\"elementor-column elementor-col-100 elementor-top-column elementor-element elementor-element-0e95683\" data-id=\"0e95683\" data-element_type=\"column\">\n\t\t\t<div class=\"elementor-widget-wrap elementor-element-populated\">\n\t\t\t\t\t\t<div class=\"elementor-element elementor-element-8e1dadc elementor-widget elementor-widget-text-editor\" data-id=\"8e1dadc\" data-element_type=\"widget\" data-widget_type=\"text-editor.default\">\n\t\t\t\t<div class=\"elementor-widget-container\">\n\t\t\t\t\t\t\t<h4 style=\"text-align: center;\"><span style=\"color: #333333;\"><strong>S\u0141OWO ADMINISTRATORA ARCHIDIECEZJI KATOWICKIEJ<br \/>W ZWI\u0104ZKU Z NOMINACJ\u0104 NOWEGO ARCYBISKUPA KATOWICKIEGO<br \/><\/strong><\/span><\/h4>\n<h4 style=\"text-align: left;\"><br \/><span style=\"color: #333333;\">Drodzy Diecezjanie, Siostry i Bracia!<\/span><br \/><br \/><span style=\"color: #333333;\">Ojciec \u015awi\u0119ty Leon XIV mianowa\u0142 nowym Arcybiskupem Metropolit\u0105 Katowickim Ksi\u0119dza Biskupa Andrzeja Przybylskiego, dotychczasowego biskupa pomocniczego diecezji cz\u0119stochowskiej.<\/span><br \/><br \/><span style=\"color: #333333;\">Dzi\u0119kujemy Ojcu \u015awi\u0119temu za jego decyzj\u0119, a nade wszystko uwielbiamy Bo\u017c\u0105 Opatrzno\u015b\u0107, kt\u00f3ra prowadzi nasz Ko\u015bci\u00f3\u0142 i w\u0142a\u015bnie teraz obdarza nas nowym Pasterzem.<\/span><br \/><br \/><span style=\"color: #333333;\">Prosz\u0119 Was z ca\u0142ego serca o \u017cyczliwe przyj\u0119cie Arcybiskupa Nominata Andrzeja i o gor\u0105c\u0105 modlitw\u0119 za niego. Niech Duch \u015awi\u0119ty nape\u0142nia go swoj\u0105 m\u0105dro\u015bci\u0105 i moc\u0105 w prowadzeniu naszego lokalnego Ko\u015bcio\u0142a.<\/span><br \/><br \/><span style=\"color: #333333;\">Pragn\u0119 Wam r\u00f3wnie\u017c podzi\u0119kowa\u0107 za \u017cyczliwo\u015b\u0107 i wsparcie, jakich do\u015bwiadcza\u0142em w czasie mojej pos\u0142ugi administratora archidiecezji. Dzi\u0119ki Waszym modlitwom ten czas by\u0142 dla mnie \u017ar\u00f3d\u0142em pokoju i nadziei.<\/span><br \/><br \/><span style=\"color: #333333;\">Niech Matka Sprawiedliwo\u015bci i Mi\u0142o\u015bci Spo\u0142ecznej, Patronka naszej archidiecezji, wspiera nas nieustannie na drogach wiary.<\/span><br \/><br \/><span style=\"color: #333333;\">Z modlitw\u0105 i b\u0142ogos\u0142awie\u0144stwem,<\/span><br \/><br \/><span style=\"color: #333333;\">\u2020 Marek Szkud\u0142o<\/span><br \/><span style=\"color: #333333;\">Administrator\u00a0Archidiecezji Katowickiej<\/span><\/h4>\t\t\t\t\t\t<\/div>\n\t\t\t\t<\/div>\n\t\t\t\t\t<\/div>\n\t\t<\/div>\n\t\t\t\t\t<\/div>\n\t\t<\/section>\n\t\t\t\t<\/div>\n\t\t","protected":false},"excerpt":{"rendered":"<p>S\u0141OWO ADMINISTRATORA ARCHIDIECEZJI KATOWICKIEJW ZWI\u0104ZKU Z NOMINACJ\u0104 NOWEGO ARCYBISKUPA KATOWICKIEGO Drodzy Diecezjanie, Siostry i Bracia! Ojciec \u015awi\u0119ty Leon XIV mianowa\u0142 nowym Arcybiskupem Metropolit\u0105 Katowickim Ksi\u0119dza Biskupa Andrzeja Przybylskiego, dotychczasowego biskupa pomocniczego diecezji cz\u0119stochowskiej. Dzi\u0119kujemy Ojcu \u015awi\u0119temu za jego decyzj\u0119, a nade wszystko uwielbiamy Bo\u017c\u0105 Opatrzno\u015b\u0107, kt\u00f3ra prowadzi nasz Ko\u015bci\u00f3\u0142 i w\u0142a\u015bnie teraz obdarza nas nowym [&hellip;]<\/p>\n","protected":false},"author":1,"featured_media":2992,"comment_status":"open","ping_status":"open","sticky":false,"template":"","format":"gallery","meta":{"site-sidebar-layout":"default","site-content-layout":"","ast-site-content-layout":"default","site-content-style":"default","site-sidebar-style":"default","ast-global-header-display":"","ast-banner-title-visibility":"","ast-main-header-display":"","ast-hfb-above-header-display":"","ast-hfb-below-header-display":"","ast-hfb-mobile-header-display":"","site-post-title":"","ast-breadcrumbs-content":"","ast-featured-img":"","footer-sml-layout":"","theme-transparent-header-meta":"","adv-header-id-meta":"","stick-header-meta":"","header-above-stick-meta":"","header-main-stick-meta":"","header-below-stick-meta":"","astra-migrate-meta-layouts":"set","ast-page-background-enabled":"default","ast-page-background-meta":{"desktop":{"background-color":"","background-image":"","background-repeat":"repeat","background-position":"center center","background-size":"auto","background-attachment":"scroll","background-type":"","background-media":"","overlay-type":"","overlay-color":"","overlay-opacity":"","overlay-gradient":""},"tablet":{"background-color":"","background-image":"","background-repeat":"repeat","background-position":"center center","background-size":"auto","background-attachment":"scroll","background-type":"","background-media":"","overlay-type":"","overlay-color":"","overlay-opacity":"","overlay-gradient":""},"mobile":{"background-color":"","background-image":"","background-repeat":"repeat","background-position":"center center","background-size":"auto","background-attachment":"scroll","background-type":"","background-media":"","overlay-type":"","overlay-color":"","overlay-opacity":"","overlay-gradient":""}},"ast-content-background-meta":{"desktop":{"background-color":"var(--ast-global-color-5)","background-image":"","background-repeat":"repeat","background-position":"center center","background-size":"auto","background-attachment":"scroll","background-type":"","background-media":"","overlay-type":"","overlay-color":"","overlay-opacity":"","overlay-gradient":""},"tablet":{"background-color":"var(--ast-global-color-5)","background-image":"","background-repeat":"repeat","background-position":"center center","background-size":"auto","background-attachment":"scroll","background-type":"","background-media":"","overlay-type":"","overlay-color":"","overlay-opacity":"","overlay-gradient":""},"mobile":{"background-color":"var(--ast-global-color-5)","background-image":"","background-repeat":"repeat","background-position":"center center","background-size":"auto","background-attachment":"scroll","background-type":"","background-media":"","overlay-type":"","overlay-color":"","overlay-opacity":"","overlay-gradient":""}},"footnotes":""},"categories":[1],"tags":[],"class_list":["post-3228","post","type-post","status-publish","format-gallery","has-post-thumbnail","hentry","category-bez-kategorii","post_format-post-format-gallery"],"_links":{"self":[{"href":"http:\/\/parafiakrywald.pl\/index.php?rest_route=\/wp\/v2\/posts\/3228","targetHints":{"allow":["GET"]}}],"collection":[{"href":"http:\/\/parafiakrywald.pl\/index.php?rest_route=\/wp\/v2\/posts"}],"about":[{"href":"http:\/\/parafiakrywald.pl\/index.php?rest_route=\/wp\/v2\/types\/post"}],"author":[{"embeddable":true,"href":"http:\/\/parafiakrywald.pl\/index.php?rest_route=\/wp\/v2\/users\/1"}],"replies":[{"embeddable":true,"href":"http:\/\/parafiakrywald.pl\/index.php?rest_route=%2Fwp%2Fv2%2Fcomments&post=3228"}],"version-history":[{"count":11,"href":"http:\/\/parafiakrywald.pl\/index.php?rest_route=\/wp\/v2\/posts\/3228\/revisions"}],"predecessor-version":[{"id":3245,"href":"http:\/\/parafiakrywald.pl\/index.php?rest_route=\/wp\/v2\/posts\/3228\/revisions\/3245"}],"wp:featuredmedia":[{"embeddable":true,"href":"http:\/\/parafiakrywald.pl\/index.php?rest_route=\/wp\/v2\/media\/2992"}],"wp:attachment":[{"href":"http:\/\/parafiakrywald.pl\/index.php?rest_route=%2Fwp%2Fv2%2Fmedia&parent=3228"}],"wp:term":[{"taxonomy":"category","embeddable":true,"href":"http:\/\/parafiakrywald.pl\/index.php?rest_route=%2Fwp%2Fv2%2Fcategories&post=3228"},{"taxonomy":"post_tag","embeddable":true,"href":"http:\/\/parafiakrywald.pl\/index.php?rest_route=%2Fwp%2Fv2%2Ftags&post=3228"}],"curies":[{"name":"wp","href":"https:\/\/api.w.org\/{rel}","templated":true}]}}