{"id":3240,"date":"2025-08-30T10:18:56","date_gmt":"2025-08-30T08:18:56","guid":{"rendered":"https:\/\/parafiakrywald.pl\/?p=3240"},"modified":"2025-08-30T10:54:18","modified_gmt":"2025-08-30T08:54:18","slug":"7-ix-2025r-dozynki-parafialne","status":"publish","type":"post","link":"http:\/\/parafiakrywald.pl\/?p=3240","title":{"rendered":"7 IX 2025r. Do\u017cynki Parafialne"},"content":{"rendered":"\t\t<div data-elementor-type=\"wp-post\" data-elementor-id=\"3240\" class=\"elementor elementor-3240\">\n\t\t\t\t\t\t<section class=\"elementor-section elementor-top-section elementor-element elementor-element-78b9832 elementor-section-boxed elementor-section-height-default elementor-section-height-default\" data-id=\"78b9832\" data-element_type=\"section\">\n\t\t\t\t\t\t<div class=\"elementor-container elementor-column-gap-default\">\n\t\t\t\t\t<div class=\"elementor-column elementor-col-100 elementor-top-column elementor-element elementor-element-37200a9\" data-id=\"37200a9\" data-element_type=\"column\">\n\t\t\t<div class=\"elementor-widget-wrap elementor-element-populated\">\n\t\t\t\t\t\t<div class=\"elementor-element elementor-element-6e0f3580 elementor-widget elementor-widget-text-editor\" data-id=\"6e0f3580\" data-element_type=\"widget\" data-widget_type=\"text-editor.default\">\n\t\t\t\t<div class=\"elementor-widget-container\">\n\t\t\t\t\t\t\t<!-- wp:gallery {\"linkTo\":\"none\"} -->\n<figure class=\"wp-block-gallery has-nested-images columns-default is-cropped\"><\/figure>\n<!-- \/wp:gallery -->\t\t\t\t\t\t<\/div>\n\t\t\t\t<\/div>\n\t\t\t\t\t<\/div>\n\t\t<\/div>\n\t\t\t\t\t<\/div>\n\t\t<\/section>\n\t\t\t\t<section class=\"elementor-section elementor-top-section elementor-element elementor-element-ce3bdad elementor-section-boxed elementor-section-height-default elementor-section-height-default\" data-id=\"ce3bdad\" data-element_type=\"section\">\n\t\t\t\t\t\t<div class=\"elementor-container elementor-column-gap-default\">\n\t\t\t\t\t<div class=\"elementor-column elementor-col-100 elementor-top-column elementor-element elementor-element-876298d\" data-id=\"876298d\" data-element_type=\"column\">\n\t\t\t<div class=\"elementor-widget-wrap elementor-element-populated\">\n\t\t\t\t\t\t<div class=\"elementor-element elementor-element-ba9034f elementor-widget elementor-widget-text-editor\" data-id=\"ba9034f\" data-element_type=\"widget\" data-widget_type=\"text-editor.default\">\n\t\t\t\t<div class=\"elementor-widget-container\">\n\t\t\t\t\t\t\t<h2 style=\"text-align: center;\"><span style=\"color: #000080;\">W niedziel\u0119 7 wrze\u015bnia dzi\u0119kowa\u0107 b\u0119dziemy Panu Bogu za tegoroczne plony.<\/span><br \/><span style=\"color: #000080;\">Z tej okazji zapraszamy na uroczyst\u0105 Msz\u0119 \u015awi\u0119t\u0105 do\u017cynkow\u0105 o godz. 10:00.<br \/><\/span><\/h2>\t\t\t\t\t\t<\/div>\n\t\t\t\t<\/div>\n\t\t\t\t<div class=\"elementor-element elementor-element-e32deaa elementor-widget elementor-widget-text-editor\" data-id=\"e32deaa\" data-element_type=\"widget\" data-widget_type=\"text-editor.default\">\n\t\t\t\t<div class=\"elementor-widget-container\">\n\t\t\t\t\t\t\t<p>Lorem ipsum dolor sit amet, consectetur adipiscing elit. Ut elit tellus, luctus nec ullamcorper mattis, pulvinar dapibus leo.<\/p>\t\t\t\t\t\t<\/div>\n\t\t\t\t<\/div>\n\t\t\t\t\t<\/div>\n\t\t<\/div>\n\t\t\t\t\t<\/div>\n\t\t<\/section>\n\t\t\t\t<section class=\"elementor-section elementor-top-section elementor-element elementor-element-a7e9748 elementor-section-boxed elementor-section-height-default elementor-section-height-default\" data-id=\"a7e9748\" data-element_type=\"section\">\n\t\t\t\t\t\t<div class=\"elementor-container elementor-column-gap-default\">\n\t\t\t\t\t<div class=\"elementor-column elementor-col-100 elementor-top-column elementor-element elementor-element-f45e059\" data-id=\"f45e059\" data-element_type=\"column\">\n\t\t\t<div class=\"elementor-widget-wrap elementor-element-populated\">\n\t\t\t\t\t\t<div class=\"elementor-element elementor-element-8c44050 elementor-widget elementor-widget-image\" data-id=\"8c44050\" data-element_type=\"widget\" data-widget_type=\"image.default\">\n\t\t\t\t<div class=\"elementor-widget-container\">\n\t\t\t\t\t\t\t\t\t\t\t\t\t<img fetchpriority=\"high\" decoding=\"async\" width=\"768\" height=\"570\" src=\"http:\/\/parafiakrywald.pl\/wp-content\/uploads\/2021\/06\/ant-768x570.jpg\" class=\"attachment-medium_large size-medium_large wp-image-1086\" alt=\"\" srcset=\"http:\/\/parafiakrywald.pl\/wp-content\/uploads\/2021\/06\/ant-768x570.jpg 768w, http:\/\/parafiakrywald.pl\/wp-content\/uploads\/2021\/06\/ant-300x223.jpg 300w, http:\/\/parafiakrywald.pl\/wp-content\/uploads\/2021\/06\/ant-1024x761.jpg 1024w, http:\/\/parafiakrywald.pl\/wp-content\/uploads\/2021\/06\/ant-1536x1141.jpg 1536w, http:\/\/parafiakrywald.pl\/wp-content\/uploads\/2021\/06\/ant.jpg 1924w\" sizes=\"(max-width: 768px) 100vw, 768px\" \/>\t\t\t\t\t\t\t\t\t\t\t\t\t<\/div>\n\t\t\t\t<\/div>\n\t\t\t\t<section class=\"elementor-section elementor-inner-section elementor-element elementor-element-6e680ab elementor-section-boxed elementor-section-height-default elementor-section-height-default\" data-id=\"6e680ab\" data-element_type=\"section\">\n\t\t\t\t\t\t<div class=\"elementor-container elementor-column-gap-default\">\n\t\t\t\t\t<div class=\"elementor-column elementor-col-50 elementor-inner-column elementor-element elementor-element-d349fb3\" data-id=\"d349fb3\" data-element_type=\"column\">\n\t\t\t<div class=\"elementor-widget-wrap elementor-element-populated\">\n\t\t\t\t\t\t<div class=\"elementor-element elementor-element-8882bec elementor-widget elementor-widget-text-editor\" data-id=\"8882bec\" data-element_type=\"widget\" data-widget_type=\"text-editor.default\">\n\t\t\t\t<div class=\"elementor-widget-container\">\n\t\t\t\t\t\t\t<p style=\"text-align: center;\"><span style=\"color: #333399;\">1.\u00a0<strong>Bo\u017ce! z Twoich r\u0105k \u017cyjemy<\/strong>,<\/span><br \/><span style=\"color: #333399;\">Cho\u0107 naszemi pracujemy,<\/span><br \/><span style=\"color: #333399;\">Z Ciebie plenno\u015b\u0107 miewa rola,<\/span><br \/><span style=\"color: #333399;\">My zbieramy z Twego pola<\/span><\/p>\n<p style=\"text-align: center;\"><span style=\"color: #333399;\">2. Wszystko Ci\u0119, m\u00f3j Bo\u017ce! chwali,<\/span><br \/><span style=\"color: #333399;\">Ale\u015bmy i to poznali,<\/span><br \/><span style=\"color: #333399;\">\u017be najmilsz\u0105 Ci si\u0119 zda\u0142a<\/span><br \/><span style=\"color: #333399;\">Pracuj\u0105cej r\u0119ki chwa\u0142a.<\/span><\/p>\n<p style=\"text-align: center;\"><span style=\"color: #333399;\">3. Co rz\u0105dzisz ziemi\u0105 i niebem,<\/span><br \/><span style=\"color: #333399;\">Opatrujesz dzieci chlebem,<\/span><br \/><span style=\"color: #333399;\">Ty\u015b nam da\u0142 urodzaj z\u0142oty,<\/span><br \/><span style=\"color: #333399;\">My Ci dali trud i poty.<\/span><\/p>\n<p style=\"text-align: center;\"><span style=\"color: #333399;\">4. Na Ci\u0119 ka\u017cde ludzkie oko<\/span><br \/><span style=\"color: #333399;\">Pogl\u0105da w niebo wysoko;<\/span><br \/><span style=\"color: #333399;\">Twoja hojna r\u0119ka daje<\/span><br \/><span style=\"color: #333399;\">Ludziom hojne urodzaje.<\/span><\/p>\n<p style=\"text-align: center;\"><span style=\"color: #000080;\">5. Nie dla tego owoc mamy,<\/span><br \/><span style=\"color: #000080;\">I\u017ce role uprawiamy,<\/span><br \/><span style=\"color: #000080;\">Ty co dajesz pomno\u017cenie,<\/span><br \/><span style=\"color: #000080;\">Wy\u017cywiasz wszelkie stworzenie.<\/span><\/p>\t\t\t\t\t\t<\/div>\n\t\t\t\t<\/div>\n\t\t\t\t\t<\/div>\n\t\t<\/div>\n\t\t\t\t<div class=\"elementor-column elementor-col-50 elementor-inner-column elementor-element elementor-element-89d20ad\" data-id=\"89d20ad\" data-element_type=\"column\">\n\t\t\t<div class=\"elementor-widget-wrap elementor-element-populated\">\n\t\t\t\t\t\t<div class=\"elementor-element elementor-element-8362459 elementor-widget elementor-widget-text-editor\" data-id=\"8362459\" data-element_type=\"widget\" data-widget_type=\"text-editor.default\">\n\t\t\t\t<div class=\"elementor-widget-container\">\n\t\t\t\t\t\t\t<p style=\"text-align: center;\">\u00a0<\/p>\n<p style=\"text-align: center;\"><span style=\"color: #000080;\">6. Co\u015bmy r\u0119kami wysiali,<\/span><br \/><span style=\"color: #000080;\">Na wozach my sprowadzali,<\/span><br \/><span style=\"color: #000080;\">Za to Ci dzi\u015b dzi\u0119kujemy,<\/span><br \/><span style=\"color: #000080;\">Cze\u015b\u0107 i chwa\u0142\u0119 oddajemy.<\/span><\/p>\n<p style=\"text-align: center;\"><span style=\"color: #000080;\">7. Jest to Twoja \u015bwi\u0119ta wola,<\/span><br \/><span style=\"color: #000080;\">By\u015bmy tego, co\u015bmy z pola<\/span><br \/><span style=\"color: #000080;\">Lato\u015b szcz\u0119\u015bliwie zebrali,<\/span><br \/><span style=\"color: #000080;\">Na Tw\u0105 chwa\u0142\u0119 u\u017cywali.<\/span><\/p>\n<p style=\"text-align: center;\"><span style=\"color: #000080;\">8. Wi\u0119c tak u\u017cywa\u0107 b\u0119dziemy,<\/span><br \/><span style=\"color: #000080;\">Dop\u00f3ki tutaj \u017cyjemy,<\/span><br \/><span style=\"color: #000080;\">Ty pob\u0142ogos\u0142awisz dalej,<\/span><br \/><span style=\"color: #000080;\">A my b\u0119dziem pracowali.<\/span><\/p>\n<p style=\"text-align: center;\"><span style=\"color: #000080;\">9. A kiedy wszystko ustanie<\/span><br \/><span style=\"color: #000080;\">Nasze w \u015bwiecie pracowanie,<\/span><br \/><span style=\"color: #000080;\">Niech we\u017amiemy z Twej lito\u015bci,<\/span><br \/><span style=\"color: #000080;\">W nagrod\u0119 wiecznej rado\u015bci.<\/span><\/p>\t\t\t\t\t\t<\/div>\n\t\t\t\t<\/div>\n\t\t\t\t\t<\/div>\n\t\t<\/div>\n\t\t\t\t\t<\/div>\n\t\t<\/section>\n\t\t\t\t\t<\/div>\n\t\t<\/div>\n\t\t\t\t\t<\/div>\n\t\t<\/section>\n\t\t\t\t<\/div>\n\t\t","protected":false},"excerpt":{"rendered":"<p>W niedziel\u0119 7 wrze\u015bnia dzi\u0119kowa\u0107 b\u0119dziemy Panu Bogu za tegoroczne plony.Z tej okazji zapraszamy na uroczyst\u0105 Msz\u0119 \u015awi\u0119t\u0105 do\u017cynkow\u0105 o godz. 10:00. Lorem ipsum dolor sit amet, consectetur adipiscing elit. Ut elit tellus, luctus nec ullamcorper mattis, pulvinar dapibus leo. 1.\u00a0Bo\u017ce! z Twoich r\u0105k \u017cyjemy,Cho\u0107 naszemi pracujemy,Z Ciebie plenno\u015b\u0107 miewa rola,My zbieramy z Twego pola [&hellip;]<\/p>\n","protected":false},"author":1,"featured_media":1843,"comment_status":"open","ping_status":"open","sticky":false,"template":"","format":"gallery","meta":{"site-sidebar-layout":"default","site-content-layout":"","ast-site-content-layout":"default","site-content-style":"default","site-sidebar-style":"default","ast-global-header-display":"","ast-banner-title-visibility":"","ast-main-header-display":"","ast-hfb-above-header-display":"","ast-hfb-below-header-display":"","ast-hfb-mobile-header-display":"","site-post-title":"","ast-breadcrumbs-content":"","ast-featured-img":"","footer-sml-layout":"","theme-transparent-header-meta":"","adv-header-id-meta":"","stick-header-meta":"","header-above-stick-meta":"","header-main-stick-meta":"","header-below-stick-meta":"","astra-migrate-meta-layouts":"set","ast-page-background-enabled":"default","ast-page-background-meta":{"desktop":{"background-color":"","background-image":"","background-repeat":"repeat","background-position":"center center","background-size":"auto","background-attachment":"scroll","background-type":"","background-media":"","overlay-type":"","overlay-color":"","overlay-opacity":"","overlay-gradient":""},"tablet":{"background-color":"","background-image":"","background-repeat":"repeat","background-position":"center center","background-size":"auto","background-attachment":"scroll","background-type":"","background-media":"","overlay-type":"","overlay-color":"","overlay-opacity":"","overlay-gradient":""},"mobile":{"background-color":"","background-image":"","background-repeat":"repeat","background-position":"center center","background-size":"auto","background-attachment":"scroll","background-type":"","background-media":"","overlay-type":"","overlay-color":"","overlay-opacity":"","overlay-gradient":""}},"ast-content-background-meta":{"desktop":{"background-color":"var(--ast-global-color-5)","background-image":"","background-repeat":"repeat","background-position":"center center","background-size":"auto","background-attachment":"scroll","background-type":"","background-media":"","overlay-type":"","overlay-color":"","overlay-opacity":"","overlay-gradient":""},"tablet":{"background-color":"var(--ast-global-color-5)","background-image":"","background-repeat":"repeat","background-position":"center center","background-size":"auto","background-attachment":"scroll","background-type":"","background-media":"","overlay-type":"","overlay-color":"","overlay-opacity":"","overlay-gradient":""},"mobile":{"background-color":"var(--ast-global-color-5)","background-image":"","background-repeat":"repeat","background-position":"center center","background-size":"auto","background-attachment":"scroll","background-type":"","background-media":"","overlay-type":"","overlay-color":"","overlay-opacity":"","overlay-gradient":""}},"footnotes":""},"categories":[1],"tags":[],"class_list":["post-3240","post","type-post","status-publish","format-gallery","has-post-thumbnail","hentry","category-bez-kategorii","post_format-post-format-gallery"],"_links":{"self":[{"href":"http:\/\/parafiakrywald.pl\/index.php?rest_route=\/wp\/v2\/posts\/3240","targetHints":{"allow":["GET"]}}],"collection":[{"href":"http:\/\/parafiakrywald.pl\/index.php?rest_route=\/wp\/v2\/posts"}],"about":[{"href":"http:\/\/parafiakrywald.pl\/index.php?rest_route=\/wp\/v2\/types\/post"}],"author":[{"embeddable":true,"href":"http:\/\/parafiakrywald.pl\/index.php?rest_route=\/wp\/v2\/users\/1"}],"replies":[{"embeddable":true,"href":"http:\/\/parafiakrywald.pl\/index.php?rest_route=%2Fwp%2Fv2%2Fcomments&post=3240"}],"version-history":[{"count":7,"href":"http:\/\/parafiakrywald.pl\/index.php?rest_route=\/wp\/v2\/posts\/3240\/revisions"}],"predecessor-version":[{"id":3253,"href":"http:\/\/parafiakrywald.pl\/index.php?rest_route=\/wp\/v2\/posts\/3240\/revisions\/3253"}],"wp:featuredmedia":[{"embeddable":true,"href":"http:\/\/parafiakrywald.pl\/index.php?rest_route=\/wp\/v2\/media\/1843"}],"wp:attachment":[{"href":"http:\/\/parafiakrywald.pl\/index.php?rest_route=%2Fwp%2Fv2%2Fmedia&parent=3240"}],"wp:term":[{"taxonomy":"category","embeddable":true,"href":"http:\/\/parafiakrywald.pl\/index.php?rest_route=%2Fwp%2Fv2%2Fcategories&post=3240"},{"taxonomy":"post_tag","embeddable":true,"href":"http:\/\/parafiakrywald.pl\/index.php?rest_route=%2Fwp%2Fv2%2Ftags&post=3240"}],"curies":[{"name":"wp","href":"https:\/\/api.w.org\/{rel}","templated":true}]}}