{"id":3260,"date":"2025-09-27T10:10:54","date_gmt":"2025-09-27T08:10:54","guid":{"rendered":"https:\/\/parafiakrywald.pl\/?p=3260"},"modified":"2025-10-11T18:38:18","modified_gmt":"2025-10-11T16:38:18","slug":"6-x-2025r-wspomnienie-sw-franciszka-na-feliksowce","status":"publish","type":"post","link":"http:\/\/parafiakrywald.pl\/?p=3260","title":{"rendered":"6 X 2025r. Wspomnienie \u015bw. Franciszka &#8211; na Feliks\u00f3wce"},"content":{"rendered":"\t\t<div data-elementor-type=\"wp-post\" data-elementor-id=\"3260\" class=\"elementor elementor-3260\">\n\t\t\t\t\t\t<section class=\"elementor-section elementor-top-section elementor-element elementor-element-e3fd6c2 elementor-section-boxed elementor-section-height-default elementor-section-height-default\" data-id=\"e3fd6c2\" data-element_type=\"section\">\n\t\t\t\t\t\t<div class=\"elementor-container elementor-column-gap-default\">\n\t\t\t\t\t<div class=\"elementor-column elementor-col-100 elementor-top-column elementor-element elementor-element-740806f\" data-id=\"740806f\" data-element_type=\"column\">\n\t\t\t<div class=\"elementor-widget-wrap elementor-element-populated\">\n\t\t\t\t\t\t<div class=\"elementor-element elementor-element-5785340b elementor-widget elementor-widget-text-editor\" data-id=\"5785340b\" data-element_type=\"widget\" data-widget_type=\"text-editor.default\">\n\t\t\t\t<div class=\"elementor-widget-container\">\n\t\t\t\t\t\t\t<!-- wp:gallery {\"linkTo\":\"none\"} -->\n<figure class=\"wp-block-gallery has-nested-images columns-default is-cropped\"><\/figure>\n<!-- \/wp:gallery -->\t\t\t\t\t\t<\/div>\n\t\t\t\t<\/div>\n\t\t\t\t<div class=\"elementor-element elementor-element-7da872c elementor-widget elementor-widget-text-editor\" data-id=\"7da872c\" data-element_type=\"widget\" data-widget_type=\"text-editor.default\">\n\t\t\t\t<div class=\"elementor-widget-container\">\n\t\t\t\t\t\t\t<h2 style=\"text-align: center;\"><span style=\"color: #000000;\">6 pa\u017adziernika 2025 r. z racji wspomnienia \u015bw. Franciszka (4 X)<br>odby\u0142a si\u0119 tradycyjna polowa Msza \u015awi\u0119ta na Feliks\u00f3wce, <br>kt\u00f3r\u0105&nbsp;sprawowa\u0142 ks. dr Piotr Larysz.&nbsp;<\/span><br><span style=\"color: #000000;\">Po Eucharystii tradycyjnie odby\u0142o si\u0119 ognisko.&nbsp;<br><\/span><\/h2>\t\t\t\t\t\t<\/div>\n\t\t\t\t<\/div>\n\t\t\t\t\t<\/div>\n\t\t<\/div>\n\t\t\t\t\t<\/div>\n\t\t<\/section>\n\t\t\t\t<\/div>\n\t\t","protected":false},"excerpt":{"rendered":"<p>6 pa\u017adziernika 2025 r. z racji wspomnienia \u015bw. Franciszka (4 X)odby\u0142a si\u0119 tradycyjna polowa Msza \u015awi\u0119ta na Feliks\u00f3wce, kt\u00f3r\u0105&nbsp;sprawowa\u0142 ks. dr Piotr Larysz.&nbsp;Po Eucharystii tradycyjnie odby\u0142o si\u0119 ognisko.&nbsp;<\/p>\n","protected":false},"author":1,"featured_media":2868,"comment_status":"open","ping_status":"open","sticky":false,"template":"","format":"gallery","meta":{"site-sidebar-layout":"default","site-content-layout":"","ast-site-content-layout":"default","site-content-style":"default","site-sidebar-style":"default","ast-global-header-display":"","ast-banner-title-visibility":"","ast-main-header-display":"","ast-hfb-above-header-display":"","ast-hfb-below-header-display":"","ast-hfb-mobile-header-display":"","site-post-title":"","ast-breadcrumbs-content":"","ast-featured-img":"","footer-sml-layout":"","theme-transparent-header-meta":"","adv-header-id-meta":"","stick-header-meta":"","header-above-stick-meta":"","header-main-stick-meta":"","header-below-stick-meta":"","astra-migrate-meta-layouts":"set","ast-page-background-enabled":"default","ast-page-background-meta":{"desktop":{"background-color":"","background-image":"","background-repeat":"repeat","background-position":"center center","background-size":"auto","background-attachment":"scroll","background-type":"","background-media":"","overlay-type":"","overlay-color":"","overlay-opacity":"","overlay-gradient":""},"tablet":{"background-color":"","background-image":"","background-repeat":"repeat","background-position":"center center","background-size":"auto","background-attachment":"scroll","background-type":"","background-media":"","overlay-type":"","overlay-color":"","overlay-opacity":"","overlay-gradient":""},"mobile":{"background-color":"","background-image":"","background-repeat":"repeat","background-position":"center center","background-size":"auto","background-attachment":"scroll","background-type":"","background-media":"","overlay-type":"","overlay-color":"","overlay-opacity":"","overlay-gradient":""}},"ast-content-background-meta":{"desktop":{"background-color":"var(--ast-global-color-5)","background-image":"","background-repeat":"repeat","background-position":"center center","background-size":"auto","background-attachment":"scroll","background-type":"","background-media":"","overlay-type":"","overlay-color":"","overlay-opacity":"","overlay-gradient":""},"tablet":{"background-color":"var(--ast-global-color-5)","background-image":"","background-repeat":"repeat","background-position":"center center","background-size":"auto","background-attachment":"scroll","background-type":"","background-media":"","overlay-type":"","overlay-color":"","overlay-opacity":"","overlay-gradient":""},"mobile":{"background-color":"var(--ast-global-color-5)","background-image":"","background-repeat":"repeat","background-position":"center center","background-size":"auto","background-attachment":"scroll","background-type":"","background-media":"","overlay-type":"","overlay-color":"","overlay-opacity":"","overlay-gradient":""}},"footnotes":""},"categories":[1],"tags":[],"class_list":["post-3260","post","type-post","status-publish","format-gallery","has-post-thumbnail","hentry","category-bez-kategorii","post_format-post-format-gallery"],"_links":{"self":[{"href":"http:\/\/parafiakrywald.pl\/index.php?rest_route=\/wp\/v2\/posts\/3260","targetHints":{"allow":["GET"]}}],"collection":[{"href":"http:\/\/parafiakrywald.pl\/index.php?rest_route=\/wp\/v2\/posts"}],"about":[{"href":"http:\/\/parafiakrywald.pl\/index.php?rest_route=\/wp\/v2\/types\/post"}],"author":[{"embeddable":true,"href":"http:\/\/parafiakrywald.pl\/index.php?rest_route=\/wp\/v2\/users\/1"}],"replies":[{"embeddable":true,"href":"http:\/\/parafiakrywald.pl\/index.php?rest_route=%2Fwp%2Fv2%2Fcomments&post=3260"}],"version-history":[{"count":7,"href":"http:\/\/parafiakrywald.pl\/index.php?rest_route=\/wp\/v2\/posts\/3260\/revisions"}],"predecessor-version":[{"id":3269,"href":"http:\/\/parafiakrywald.pl\/index.php?rest_route=\/wp\/v2\/posts\/3260\/revisions\/3269"}],"wp:featuredmedia":[{"embeddable":true,"href":"http:\/\/parafiakrywald.pl\/index.php?rest_route=\/wp\/v2\/media\/2868"}],"wp:attachment":[{"href":"http:\/\/parafiakrywald.pl\/index.php?rest_route=%2Fwp%2Fv2%2Fmedia&parent=3260"}],"wp:term":[{"taxonomy":"category","embeddable":true,"href":"http:\/\/parafiakrywald.pl\/index.php?rest_route=%2Fwp%2Fv2%2Fcategories&post=3260"},{"taxonomy":"post_tag","embeddable":true,"href":"http:\/\/parafiakrywald.pl\/index.php?rest_route=%2Fwp%2Fv2%2Ftags&post=3260"}],"curies":[{"name":"wp","href":"https:\/\/api.w.org\/{rel}","templated":true}]}}