{"id":3348,"date":"2025-12-23T10:28:41","date_gmt":"2025-12-23T09:28:41","guid":{"rendered":"https:\/\/parafiakrywald.pl\/?p=3348"},"modified":"2025-12-26T12:25:53","modified_gmt":"2025-12-26T11:25:53","slug":"uroczystosc-bozego-narodzenia-2025r","status":"publish","type":"post","link":"http:\/\/parafiakrywald.pl\/?p=3348","title":{"rendered":"Uroczysto\u015b\u0107 Bo\u017cego Narodzenia 2025r."},"content":{"rendered":"\t\t<div data-elementor-type=\"wp-post\" data-elementor-id=\"3348\" class=\"elementor elementor-3348\">\n\t\t\t\t\t\t<section class=\"elementor-section elementor-top-section elementor-element elementor-element-723a7cbe elementor-section-boxed elementor-section-height-default elementor-section-height-default\" data-id=\"723a7cbe\" data-element_type=\"section\">\n\t\t\t\t\t\t<div class=\"elementor-container elementor-column-gap-default\">\n\t\t\t\t\t<div class=\"elementor-column elementor-col-100 elementor-top-column elementor-element elementor-element-58b0069c\" data-id=\"58b0069c\" data-element_type=\"column\">\n\t\t\t<div class=\"elementor-widget-wrap elementor-element-populated\">\n\t\t\t\t\t\t<div class=\"elementor-element elementor-element-2327becd elementor-widget elementor-widget-text-editor\" data-id=\"2327becd\" data-element_type=\"widget\" data-widget_type=\"text-editor.default\">\n\t\t\t\t<div class=\"elementor-widget-container\">\n\t\t\t\t\t\t\t<!-- wp:gallery {\"linkTo\":\"none\"} -->\n<figure class=\"wp-block-gallery has-nested-images columns-default is-cropped\"><\/figure>\n<!-- \/wp:gallery -->\t\t\t\t\t\t<\/div>\n\t\t\t\t<\/div>\n\t\t\t\t<div class=\"elementor-element elementor-element-0bcc8a7 elementor-widget elementor-widget-image\" data-id=\"0bcc8a7\" data-element_type=\"widget\" data-widget_type=\"image.default\">\n\t\t\t\t<div class=\"elementor-widget-container\">\n\t\t\t\t\t\t\t\t\t\t\t\t\t<img fetchpriority=\"high\" decoding=\"async\" width=\"768\" height=\"576\" src=\"http:\/\/parafiakrywald.pl\/wp-content\/uploads\/2025\/12\/bn25-02-768x576.jpg\" class=\"attachment-medium_large size-medium_large wp-image-3361\" alt=\"\" srcset=\"http:\/\/parafiakrywald.pl\/wp-content\/uploads\/2025\/12\/bn25-02-768x576.jpg 768w, http:\/\/parafiakrywald.pl\/wp-content\/uploads\/2025\/12\/bn25-02-300x225.jpg 300w, http:\/\/parafiakrywald.pl\/wp-content\/uploads\/2025\/12\/bn25-02-1024x768.jpg 1024w, http:\/\/parafiakrywald.pl\/wp-content\/uploads\/2025\/12\/bn25-02-1536x1152.jpg 1536w, http:\/\/parafiakrywald.pl\/wp-content\/uploads\/2025\/12\/bn25-02-2048x1536.jpg 2048w\" sizes=\"(max-width: 768px) 100vw, 768px\" \/>\t\t\t\t\t\t\t\t\t\t\t\t\t<\/div>\n\t\t\t\t<\/div>\n\t\t\t\t\t<\/div>\n\t\t<\/div>\n\t\t\t\t\t<\/div>\n\t\t<\/section>\n\t\t\t\t<section class=\"elementor-section elementor-top-section elementor-element elementor-element-4958652 elementor-section-boxed elementor-section-height-default elementor-section-height-default\" data-id=\"4958652\" data-element_type=\"section\">\n\t\t\t\t\t\t<div class=\"elementor-container elementor-column-gap-default\">\n\t\t\t\t\t<div class=\"elementor-column elementor-col-100 elementor-top-column elementor-element elementor-element-f24702c\" data-id=\"f24702c\" data-element_type=\"column\">\n\t\t\t<div class=\"elementor-widget-wrap elementor-element-populated\">\n\t\t\t\t\t\t<div class=\"elementor-element elementor-element-b8ae8a4 elementor-widget elementor-widget-text-editor\" data-id=\"b8ae8a4\" data-element_type=\"widget\" data-widget_type=\"text-editor.default\">\n\t\t\t\t<div class=\"elementor-widget-container\">\n\t\t\t\t\t\t\t<h2 style=\"text-align: center;\"><strong><em>W czwartek 25 grudnia Uroczysto\u015b\u0107 Bo\u017cego Narodzenia<\/em><\/strong><\/h2>\n<h2 style=\"text-align: center;\"><strong><em>Zapraszamy na uroczyst\u0105 Pasterk\u0119 o p\u00f3\u0142nocy.<\/em><\/strong><br \/><strong><em>Poprzedzi j\u0105 modlitewne czuwanie o 23:40.<\/em><\/strong><br \/><strong><em>\u00a0Msze \u015awi\u0119te o godzinie 7:30 i 10:00<\/em><\/strong><\/h2>\n<h2 style=\"text-align: center;\"><strong><em>W pi\u0105tek 26.12. \u2013 \u015awi\u0119to \u015bw. Szczepana<\/em><\/strong><br \/><strong><em>Msze \u015awi\u0119te o 7:30, 10:00 i 16:00<\/em><\/strong><\/h2>\n<h2 style=\"text-align: center;\"><strong><em>W niedziel\u0119 28 grudnia \u2013 \u015awi\u0119to \u015awi\u0119tej Rodziny.<\/em><\/strong><br \/><strong><em>Msze \u015awi\u0119te o 7:30, 10:00 i 16:00<\/em><\/strong><\/h2>\n<h2 style=\"text-align: center;\"><strong><em>We \u015brod\u0119 31 grudnia w ostatni dzie\u0144 roku kalendarzowego<br \/>zapraszamy na uroczyst\u0105 Msz\u0119 \u015awi\u0119t\u0105 dzi\u0119kczynn\u0105<br \/>oraz okoliczno\u015bciowe nabo\u017ce\u0144stwo\u00a0dzi\u0119kczynno \u2013 b\u0142agalne.\u00a0<\/em><\/strong><\/h2>\n<h2 style=\"text-align: center;\"><strong><em>1 stycznia 2026r. Nowy Rok<\/em><\/strong><br \/><strong><em>Uroczysto\u015b\u0107 \u015awi\u0119tej Bo\u017cej Rodzicielki Maryi<\/em><\/strong><br \/><strong><em>Msze \u015awi\u0119te o godzinie 10:00 i 16:00<\/em><\/strong><br \/><br \/><strong><em>Plan Mszy \u015awi\u0119tych Kol\u0119dowych<\/em><\/strong><br \/><strong><em>oraz odwiedzin duszpasterskich w <a href=\"https:\/\/parafiakrywald.pl\/?page_id=1957\">zak\u0142adce kol\u0119da.<\/a>\u00a0\u00a0<\/em><\/strong><\/h2>\n<h2 style=\"text-align: center;\"><strong><em>Niech przychodz\u0105cy Chrystus<br \/>rozja\u015bni blaskiem mroki naszych serc i naszego \u017cycia.<\/em><\/strong><br \/><strong><em> Niech wleje w nas pok\u00f3j i rado\u015b\u0107.<\/em><\/strong><\/h2>\t\t\t\t\t\t<\/div>\n\t\t\t\t<\/div>\n\t\t\t\t\t<\/div>\n\t\t<\/div>\n\t\t\t\t\t<\/div>\n\t\t<\/section>\n\t\t\t\t<section class=\"elementor-section elementor-top-section elementor-element elementor-element-8ffbd7d elementor-section-boxed elementor-section-height-default elementor-section-height-default\" data-id=\"8ffbd7d\" data-element_type=\"section\">\n\t\t\t\t\t\t<div class=\"elementor-container elementor-column-gap-default\">\n\t\t\t\t\t<div class=\"elementor-column elementor-col-100 elementor-top-column elementor-element elementor-element-3238968\" data-id=\"3238968\" data-element_type=\"column\">\n\t\t\t<div class=\"elementor-widget-wrap elementor-element-populated\">\n\t\t\t\t\t\t<div class=\"elementor-element elementor-element-c8763e6 elementor-widget elementor-widget-image\" data-id=\"c8763e6\" data-element_type=\"widget\" data-widget_type=\"image.default\">\n\t\t\t\t<div class=\"elementor-widget-container\">\n\t\t\t\t\t\t\t\t\t\t\t\t\t<img decoding=\"async\" width=\"768\" height=\"576\" src=\"http:\/\/parafiakrywald.pl\/wp-content\/uploads\/2025\/12\/IMG_5235-768x576.jpeg\" class=\"attachment-medium_large size-medium_large wp-image-3362\" alt=\"\" srcset=\"http:\/\/parafiakrywald.pl\/wp-content\/uploads\/2025\/12\/IMG_5235-768x576.jpeg 768w, http:\/\/parafiakrywald.pl\/wp-content\/uploads\/2025\/12\/IMG_5235-300x225.jpeg 300w, http:\/\/parafiakrywald.pl\/wp-content\/uploads\/2025\/12\/IMG_5235-1024x768.jpeg 1024w, http:\/\/parafiakrywald.pl\/wp-content\/uploads\/2025\/12\/IMG_5235-1536x1152.jpeg 1536w, http:\/\/parafiakrywald.pl\/wp-content\/uploads\/2025\/12\/IMG_5235-2048x1536.jpeg 2048w\" sizes=\"(max-width: 768px) 100vw, 768px\" \/>\t\t\t\t\t\t\t\t\t\t\t\t\t<\/div>\n\t\t\t\t<\/div>\n\t\t\t\t<div class=\"elementor-element elementor-element-2c2f39a elementor-widget elementor-widget-image\" data-id=\"2c2f39a\" data-element_type=\"widget\" data-widget_type=\"image.default\">\n\t\t\t\t<div class=\"elementor-widget-container\">\n\t\t\t\t\t\t\t\t\t\t\t\t\t<img decoding=\"async\" width=\"768\" height=\"576\" src=\"http:\/\/parafiakrywald.pl\/wp-content\/uploads\/2025\/12\/bn25-01-768x576.jpg\" class=\"attachment-medium_large size-medium_large wp-image-3360\" alt=\"\" srcset=\"http:\/\/parafiakrywald.pl\/wp-content\/uploads\/2025\/12\/bn25-01-768x576.jpg 768w, http:\/\/parafiakrywald.pl\/wp-content\/uploads\/2025\/12\/bn25-01-300x225.jpg 300w, http:\/\/parafiakrywald.pl\/wp-content\/uploads\/2025\/12\/bn25-01-1024x768.jpg 1024w, http:\/\/parafiakrywald.pl\/wp-content\/uploads\/2025\/12\/bn25-01-1536x1152.jpg 1536w, http:\/\/parafiakrywald.pl\/wp-content\/uploads\/2025\/12\/bn25-01-2048x1536.jpg 2048w\" sizes=\"(max-width: 768px) 100vw, 768px\" \/>\t\t\t\t\t\t\t\t\t\t\t\t\t<\/div>\n\t\t\t\t<\/div>\n\t\t\t\t\t<\/div>\n\t\t<\/div>\n\t\t\t\t\t<\/div>\n\t\t<\/section>\n\t\t\t\t<section class=\"elementor-section elementor-top-section elementor-element elementor-element-ccff0b6 elementor-section-boxed elementor-section-height-default elementor-section-height-default\" data-id=\"ccff0b6\" data-element_type=\"section\">\n\t\t\t\t\t\t<div class=\"elementor-container elementor-column-gap-default\">\n\t\t\t\t\t<div class=\"elementor-column elementor-col-100 elementor-top-column elementor-element elementor-element-070e187\" data-id=\"070e187\" data-element_type=\"column\">\n\t\t\t<div class=\"elementor-widget-wrap\">\n\t\t\t\t\t\t\t<\/div>\n\t\t<\/div>\n\t\t\t\t\t<\/div>\n\t\t<\/section>\n\t\t\t\t<\/div>\n\t\t","protected":false},"excerpt":{"rendered":"<p>W czwartek 25 grudnia Uroczysto\u015b\u0107 Bo\u017cego Narodzenia Zapraszamy na uroczyst\u0105 Pasterk\u0119 o p\u00f3\u0142nocy.Poprzedzi j\u0105 modlitewne czuwanie o 23:40.\u00a0Msze \u015awi\u0119te o godzinie 7:30 i 10:00 W pi\u0105tek 26.12. \u2013 \u015awi\u0119to \u015bw. SzczepanaMsze \u015awi\u0119te o 7:30, 10:00 i 16:00 W niedziel\u0119 28 grudnia \u2013 \u015awi\u0119to \u015awi\u0119tej Rodziny.Msze \u015awi\u0119te o 7:30, 10:00 i 16:00 We \u015brod\u0119 31 grudnia [&hellip;]<\/p>\n","protected":false},"author":1,"featured_media":2005,"comment_status":"open","ping_status":"open","sticky":false,"template":"","format":"gallery","meta":{"site-sidebar-layout":"default","site-content-layout":"","ast-site-content-layout":"default","site-content-style":"default","site-sidebar-style":"default","ast-global-header-display":"","ast-banner-title-visibility":"","ast-main-header-display":"","ast-hfb-above-header-display":"","ast-hfb-below-header-display":"","ast-hfb-mobile-header-display":"","site-post-title":"","ast-breadcrumbs-content":"","ast-featured-img":"","footer-sml-layout":"","theme-transparent-header-meta":"","adv-header-id-meta":"","stick-header-meta":"","header-above-stick-meta":"","header-main-stick-meta":"","header-below-stick-meta":"","astra-migrate-meta-layouts":"set","ast-page-background-enabled":"default","ast-page-background-meta":{"desktop":{"background-color":"","background-image":"","background-repeat":"repeat","background-position":"center center","background-size":"auto","background-attachment":"scroll","background-type":"","background-media":"","overlay-type":"","overlay-color":"","overlay-opacity":"","overlay-gradient":""},"tablet":{"background-color":"","background-image":"","background-repeat":"repeat","background-position":"center center","background-size":"auto","background-attachment":"scroll","background-type":"","background-media":"","overlay-type":"","overlay-color":"","overlay-opacity":"","overlay-gradient":""},"mobile":{"background-color":"","background-image":"","background-repeat":"repeat","background-position":"center center","background-size":"auto","background-attachment":"scroll","background-type":"","background-media":"","overlay-type":"","overlay-color":"","overlay-opacity":"","overlay-gradient":""}},"ast-content-background-meta":{"desktop":{"background-color":"var(--ast-global-color-5)","background-image":"","background-repeat":"repeat","background-position":"center center","background-size":"auto","background-attachment":"scroll","background-type":"","background-media":"","overlay-type":"","overlay-color":"","overlay-opacity":"","overlay-gradient":""},"tablet":{"background-color":"var(--ast-global-color-5)","background-image":"","background-repeat":"repeat","background-position":"center center","background-size":"auto","background-attachment":"scroll","background-type":"","background-media":"","overlay-type":"","overlay-color":"","overlay-opacity":"","overlay-gradient":""},"mobile":{"background-color":"var(--ast-global-color-5)","background-image":"","background-repeat":"repeat","background-position":"center center","background-size":"auto","background-attachment":"scroll","background-type":"","background-media":"","overlay-type":"","overlay-color":"","overlay-opacity":"","overlay-gradient":""}},"footnotes":""},"categories":[1],"tags":[],"class_list":["post-3348","post","type-post","status-publish","format-gallery","has-post-thumbnail","hentry","category-bez-kategorii","post_format-post-format-gallery"],"_links":{"self":[{"href":"http:\/\/parafiakrywald.pl\/index.php?rest_route=\/wp\/v2\/posts\/3348","targetHints":{"allow":["GET"]}}],"collection":[{"href":"http:\/\/parafiakrywald.pl\/index.php?rest_route=\/wp\/v2\/posts"}],"about":[{"href":"http:\/\/parafiakrywald.pl\/index.php?rest_route=\/wp\/v2\/types\/post"}],"author":[{"embeddable":true,"href":"http:\/\/parafiakrywald.pl\/index.php?rest_route=\/wp\/v2\/users\/1"}],"replies":[{"embeddable":true,"href":"http:\/\/parafiakrywald.pl\/index.php?rest_route=%2Fwp%2Fv2%2Fcomments&post=3348"}],"version-history":[{"count":7,"href":"http:\/\/parafiakrywald.pl\/index.php?rest_route=\/wp\/v2\/posts\/3348\/revisions"}],"predecessor-version":[{"id":3365,"href":"http:\/\/parafiakrywald.pl\/index.php?rest_route=\/wp\/v2\/posts\/3348\/revisions\/3365"}],"wp:featuredmedia":[{"embeddable":true,"href":"http:\/\/parafiakrywald.pl\/index.php?rest_route=\/wp\/v2\/media\/2005"}],"wp:attachment":[{"href":"http:\/\/parafiakrywald.pl\/index.php?rest_route=%2Fwp%2Fv2%2Fmedia&parent=3348"}],"wp:term":[{"taxonomy":"category","embeddable":true,"href":"http:\/\/parafiakrywald.pl\/index.php?rest_route=%2Fwp%2Fv2%2Fcategories&post=3348"},{"taxonomy":"post_tag","embeddable":true,"href":"http:\/\/parafiakrywald.pl\/index.php?rest_route=%2Fwp%2Fv2%2Ftags&post=3348"}],"curies":[{"name":"wp","href":"https:\/\/api.w.org\/{rel}","templated":true}]}}