{"id":1930,"date":"2022-11-28T14:02:29","date_gmt":"2022-11-28T13:02:29","guid":{"rendered":"https:\/\/parafiakrywald.pl\/?p=1930"},"modified":"2022-12-04T21:45:33","modified_gmt":"2022-12-04T20:45:33","slug":"barborka-4-xii-2022r","status":"publish","type":"post","link":"https:\/\/parafiakrywald.pl\/?p=1930","title":{"rendered":"Barb\u00f3rka &#8211; 4 XII 2022r."},"content":{"rendered":"\t\t<div data-elementor-type=\"wp-post\" data-elementor-id=\"1930\" class=\"elementor elementor-1930\">\n\t\t\t\t\t\t<section class=\"elementor-section elementor-top-section elementor-element elementor-element-52c02ed0 elementor-section-boxed elementor-section-height-default elementor-section-height-default\" data-id=\"52c02ed0\" data-element_type=\"section\">\n\t\t\t\t\t\t<div class=\"elementor-container elementor-column-gap-default\">\n\t\t\t\t\t<div class=\"elementor-column elementor-col-100 elementor-top-column elementor-element elementor-element-550cef08\" data-id=\"550cef08\" data-element_type=\"column\">\n\t\t\t<div class=\"elementor-widget-wrap elementor-element-populated\">\n\t\t\t\t\t\t<div class=\"elementor-element elementor-element-43d5e792 elementor-widget elementor-widget-text-editor\" data-id=\"43d5e792\" data-element_type=\"widget\" data-widget_type=\"text-editor.default\">\n\t\t\t\t<div class=\"elementor-widget-container\">\n\t\t\t\t\t\t\t<!-- wp:gallery {\"linkTo\":\"none\"} -->\n<figure class=\"wp-block-gallery has-nested-images columns-default is-cropped\"><\/figure>\n<!-- \/wp:gallery -->\t\t\t\t\t\t<\/div>\n\t\t\t\t<\/div>\n\t\t\t\t\t<\/div>\n\t\t<\/div>\n\t\t\t\t\t<\/div>\n\t\t<\/section>\n\t\t\t\t<section class=\"elementor-section elementor-top-section elementor-element elementor-element-b727833 elementor-section-boxed elementor-section-height-default elementor-section-height-default\" data-id=\"b727833\" data-element_type=\"section\">\n\t\t\t\t\t\t<div class=\"elementor-container elementor-column-gap-default\">\n\t\t\t\t\t<div class=\"elementor-column elementor-col-100 elementor-top-column elementor-element elementor-element-e3290f4\" data-id=\"e3290f4\" data-element_type=\"column\">\n\t\t\t<div class=\"elementor-widget-wrap elementor-element-populated\">\n\t\t\t\t\t\t<div class=\"elementor-element elementor-element-b10008a elementor-widget elementor-widget-text-editor\" data-id=\"b10008a\" data-element_type=\"widget\" data-widget_type=\"text-editor.default\">\n\t\t\t\t<div class=\"elementor-widget-container\">\n\t\t\t\t\t\t\t<h1 style=\"text-align: center;\"><em><strong><span style=\"color: #ff0000;\">W II Niedziel\u0119 Adwentu 4 grudnia przypada liturgiczne wspomnienie <br \/>\u015bwi\u0119tej Barbary \u2013 patronki g\u00f3rnik\u00f3w i naszego Miasta. <br \/><\/span><\/strong><\/em><\/h1>\n<h1 style=\"text-align: center;\"><em><strong><span style=\"color: #ff0000;\">O godz. 10:00 odprawiona zosta\u0142a uroczysta Msza \u015awi\u0119ta<br \/>w intencji zarz\u0105du i pracownik\u00f3w Kopalni \u201eKnur\u00f3w \u2013 Szczyg\u0142owice\u201d <br \/>oraz Parafian pracuj\u0105cych w kopalniach.<\/span><\/strong><\/em><\/h1>\n<h1 dir=\"auto\" style=\"text-align: center;\"><span style=\"color: #800080;\"><strong><em>Niech \u015awi\u0119ta Barbara\u00a0ma pod swoj\u0105 opiek\u0105 g\u00f3rnik\u00f3w <br \/>i wszystkich mieszka\u0144c\u00f3w naszego miasta.<\/em><\/strong><\/span><\/h1>\n<h1 dir=\"auto\" style=\"text-align: center;\"><span style=\"color: #800080;\"><strong><em>Szcz\u0119\u015b\u0107 Bo\u017ce!<\/em><\/strong><\/span><\/h1>\t\t\t\t\t\t<\/div>\n\t\t\t\t<\/div>\n\t\t\t\t<div class=\"elementor-element elementor-element-4b549d2 elementor-widget elementor-widget-image\" data-id=\"4b549d2\" data-element_type=\"widget\" data-widget_type=\"image.default\">\n\t\t\t\t<div class=\"elementor-widget-container\">\n\t\t\t\t\t\t\t\t\t\t\t\t\t\t<a href=\"http:\/\/parafiakrywald.pl\/wp-content\/uploads\/2022\/11\/1-scaled.jpg\" data-elementor-open-lightbox=\"yes\" data-elementor-lightbox-title=\"1\" data-e-action-hash=\"#elementor-action%3Aaction%3Dlightbox%26settings%3DeyJpZCI6MTk0MywidXJsIjoiaHR0cHM6XC9cL3BhcmFmaWFrcnl3YWxkLnBsXC93cC1jb250ZW50XC91cGxvYWRzXC8yMDIyXC8xMVwvMS1zY2FsZWQuanBnIn0%3D\">\n\t\t\t\t\t\t\t<img fetchpriority=\"high\" decoding=\"async\" width=\"1024\" height=\"768\" src=\"https:\/\/parafiakrywald.pl\/wp-content\/uploads\/2022\/11\/1-1024x768.jpg\" class=\"attachment-large size-large wp-image-1943\" alt=\"\" srcset=\"https:\/\/parafiakrywald.pl\/wp-content\/uploads\/2022\/11\/1-1024x768.jpg 1024w, https:\/\/parafiakrywald.pl\/wp-content\/uploads\/2022\/11\/1-300x225.jpg 300w, https:\/\/parafiakrywald.pl\/wp-content\/uploads\/2022\/11\/1-768x576.jpg 768w, https:\/\/parafiakrywald.pl\/wp-content\/uploads\/2022\/11\/1-1536x1152.jpg 1536w, https:\/\/parafiakrywald.pl\/wp-content\/uploads\/2022\/11\/1-2048x1536.jpg 2048w\" sizes=\"(max-width: 1024px) 100vw, 1024px\" \/>\t\t\t\t\t\t\t\t<\/a>\n\t\t\t\t\t\t\t\t\t\t\t\t\t<\/div>\n\t\t\t\t<\/div>\n\t\t\t\t<div class=\"elementor-element elementor-element-96aadc4 elementor-widget elementor-widget-image\" data-id=\"96aadc4\" data-element_type=\"widget\" data-widget_type=\"image.default\">\n\t\t\t\t<div class=\"elementor-widget-container\">\n\t\t\t\t\t\t\t\t\t\t\t\t\t\t<a href=\"http:\/\/parafiakrywald.pl\/wp-content\/uploads\/2022\/11\/2-scaled.jpg\" data-elementor-open-lightbox=\"yes\" data-elementor-lightbox-title=\"2\" data-e-action-hash=\"#elementor-action%3Aaction%3Dlightbox%26settings%3DeyJpZCI6MTk0NCwidXJsIjoiaHR0cHM6XC9cL3BhcmFmaWFrcnl3YWxkLnBsXC93cC1jb250ZW50XC91cGxvYWRzXC8yMDIyXC8xMVwvMi1zY2FsZWQuanBnIn0%3D\">\n\t\t\t\t\t\t\t<img decoding=\"async\" width=\"1024\" height=\"768\" src=\"https:\/\/parafiakrywald.pl\/wp-content\/uploads\/2022\/11\/2-1024x768.jpg\" class=\"attachment-large size-large wp-image-1944\" alt=\"\" srcset=\"https:\/\/parafiakrywald.pl\/wp-content\/uploads\/2022\/11\/2-1024x768.jpg 1024w, https:\/\/parafiakrywald.pl\/wp-content\/uploads\/2022\/11\/2-300x225.jpg 300w, https:\/\/parafiakrywald.pl\/wp-content\/uploads\/2022\/11\/2-768x576.jpg 768w, https:\/\/parafiakrywald.pl\/wp-content\/uploads\/2022\/11\/2-1536x1152.jpg 1536w, https:\/\/parafiakrywald.pl\/wp-content\/uploads\/2022\/11\/2-2048x1536.jpg 2048w\" sizes=\"(max-width: 1024px) 100vw, 1024px\" \/>\t\t\t\t\t\t\t\t<\/a>\n\t\t\t\t\t\t\t\t\t\t\t\t\t<\/div>\n\t\t\t\t<\/div>\n\t\t\t\t<div class=\"elementor-element elementor-element-c6e33c4 elementor-widget elementor-widget-image\" data-id=\"c6e33c4\" data-element_type=\"widget\" data-widget_type=\"image.default\">\n\t\t\t\t<div class=\"elementor-widget-container\">\n\t\t\t\t\t\t\t\t\t\t\t\t\t\t<a href=\"http:\/\/parafiakrywald.pl\/wp-content\/uploads\/2022\/11\/4-scaled.jpg\" data-elementor-open-lightbox=\"yes\" data-elementor-lightbox-title=\"4\" data-e-action-hash=\"#elementor-action%3Aaction%3Dlightbox%26settings%3DeyJpZCI6MTk0NywidXJsIjoiaHR0cHM6XC9cL3BhcmFmaWFrcnl3YWxkLnBsXC93cC1jb250ZW50XC91cGxvYWRzXC8yMDIyXC8xMVwvNC1zY2FsZWQuanBnIn0%3D\">\n\t\t\t\t\t\t\t<img decoding=\"async\" width=\"1024\" height=\"768\" src=\"https:\/\/parafiakrywald.pl\/wp-content\/uploads\/2022\/11\/4-1024x768.jpg\" class=\"attachment-large size-large wp-image-1947\" alt=\"\" srcset=\"https:\/\/parafiakrywald.pl\/wp-content\/uploads\/2022\/11\/4-1024x768.jpg 1024w, https:\/\/parafiakrywald.pl\/wp-content\/uploads\/2022\/11\/4-300x225.jpg 300w, https:\/\/parafiakrywald.pl\/wp-content\/uploads\/2022\/11\/4-768x576.jpg 768w, https:\/\/parafiakrywald.pl\/wp-content\/uploads\/2022\/11\/4-1536x1152.jpg 1536w, https:\/\/parafiakrywald.pl\/wp-content\/uploads\/2022\/11\/4-2048x1536.jpg 2048w\" sizes=\"(max-width: 1024px) 100vw, 1024px\" \/>\t\t\t\t\t\t\t\t<\/a>\n\t\t\t\t\t\t\t\t\t\t\t\t\t<\/div>\n\t\t\t\t<\/div>\n\t\t\t\t\t<\/div>\n\t\t<\/div>\n\t\t\t\t\t<\/div>\n\t\t<\/section>\n\t\t\t\t<section class=\"elementor-section elementor-top-section elementor-element elementor-element-661d9c3 elementor-section-boxed elementor-section-height-default elementor-section-height-default\" data-id=\"661d9c3\" data-element_type=\"section\">\n\t\t\t\t\t\t<div class=\"elementor-container elementor-column-gap-default\">\n\t\t\t\t\t<div class=\"elementor-column elementor-col-100 elementor-top-column elementor-element elementor-element-4e5771f\" data-id=\"4e5771f\" data-element_type=\"column\">\n\t\t\t<div class=\"elementor-widget-wrap elementor-element-populated\">\n\t\t\t\t\t\t<div class=\"elementor-element elementor-element-dc81d12 elementor-widget elementor-widget-image\" data-id=\"dc81d12\" data-element_type=\"widget\" data-widget_type=\"image.default\">\n\t\t\t\t<div class=\"elementor-widget-container\">\n\t\t\t\t\t\t\t\t\t\t\t\t\t\t<a href=\"http:\/\/parafiakrywald.pl\/wp-content\/uploads\/2022\/11\/5-scaled.jpg\" data-elementor-open-lightbox=\"yes\" data-elementor-lightbox-title=\"5\" data-e-action-hash=\"#elementor-action%3Aaction%3Dlightbox%26settings%3DeyJpZCI6MTk0OCwidXJsIjoiaHR0cHM6XC9cL3BhcmFmaWFrcnl3YWxkLnBsXC93cC1jb250ZW50XC91cGxvYWRzXC8yMDIyXC8xMVwvNS1zY2FsZWQuanBnIn0%3D\">\n\t\t\t\t\t\t\t<img loading=\"lazy\" decoding=\"async\" width=\"1024\" height=\"768\" src=\"https:\/\/parafiakrywald.pl\/wp-content\/uploads\/2022\/11\/5-1024x768.jpg\" class=\"attachment-large size-large wp-image-1948\" alt=\"\" srcset=\"https:\/\/parafiakrywald.pl\/wp-content\/uploads\/2022\/11\/5-1024x768.jpg 1024w, https:\/\/parafiakrywald.pl\/wp-content\/uploads\/2022\/11\/5-300x225.jpg 300w, https:\/\/parafiakrywald.pl\/wp-content\/uploads\/2022\/11\/5-768x576.jpg 768w, https:\/\/parafiakrywald.pl\/wp-content\/uploads\/2022\/11\/5-1536x1152.jpg 1536w, https:\/\/parafiakrywald.pl\/wp-content\/uploads\/2022\/11\/5-2048x1536.jpg 2048w\" sizes=\"(max-width: 1024px) 100vw, 1024px\" \/>\t\t\t\t\t\t\t\t<\/a>\n\t\t\t\t\t\t\t\t\t\t\t\t\t<\/div>\n\t\t\t\t<\/div>\n\t\t\t\t\t<\/div>\n\t\t<\/div>\n\t\t\t\t\t<\/div>\n\t\t<\/section>\n\t\t\t\t<\/div>\n\t\t","protected":false},"excerpt":{"rendered":"<p>W II Niedziel\u0119 Adwentu 4 grudnia przypada liturgiczne wspomnienie \u015bwi\u0119tej Barbary \u2013 patronki g\u00f3rnik\u00f3w i naszego Miasta. O godz. 10:00 odprawiona zosta\u0142a uroczysta Msza \u015awi\u0119taw intencji zarz\u0105du i pracownik\u00f3w Kopalni \u201eKnur\u00f3w \u2013 Szczyg\u0142owice\u201d oraz Parafian pracuj\u0105cych w kopalniach. Niech \u015awi\u0119ta Barbara\u00a0ma pod swoj\u0105 opiek\u0105 g\u00f3rnik\u00f3w i wszystkich mieszka\u0144c\u00f3w naszego miasta. Szcz\u0119\u015b\u0107 Bo\u017ce!<\/p>\n","protected":false},"author":1,"featured_media":1340,"comment_status":"open","ping_status":"open","sticky":false,"template":"","format":"gallery","meta":{"site-sidebar-layout":"default","site-content-layout":"default","ast-site-content-layout":"","site-content-style":"default","site-sidebar-style":"default","ast-global-header-display":"","ast-banner-title-visibility":"","ast-main-header-display":"","ast-hfb-above-header-display":"","ast-hfb-below-header-display":"","ast-hfb-mobile-header-display":"","site-post-title":"","ast-breadcrumbs-content":"","ast-featured-img":"","footer-sml-layout":"","theme-transparent-header-meta":"default","adv-header-id-meta":"","stick-header-meta":"","header-above-stick-meta":"","header-main-stick-meta":"","header-below-stick-meta":"","astra-migrate-meta-layouts":"default","ast-page-background-enabled":"default","ast-page-background-meta":{"desktop":{"background-color":"","background-image":"","background-repeat":"repeat","background-position":"center center","background-size":"auto","background-attachment":"scroll","background-type":"","background-media":"","overlay-type":"","overlay-color":"","overlay-opacity":"","overlay-gradient":""},"tablet":{"background-color":"","background-image":"","background-repeat":"repeat","background-position":"center center","background-size":"auto","background-attachment":"scroll","background-type":"","background-media":"","overlay-type":"","overlay-color":"","overlay-opacity":"","overlay-gradient":""},"mobile":{"background-color":"","background-image":"","background-repeat":"repeat","background-position":"center center","background-size":"auto","background-attachment":"scroll","background-type":"","background-media":"","overlay-type":"","overlay-color":"","overlay-opacity":"","overlay-gradient":""}},"ast-content-background-meta":{"desktop":{"background-color":"var(--ast-global-color-5)","background-image":"","background-repeat":"repeat","background-position":"center center","background-size":"auto","background-attachment":"scroll","background-type":"","background-media":"","overlay-type":"","overlay-color":"","overlay-opacity":"","overlay-gradient":""},"tablet":{"background-color":"var(--ast-global-color-5)","background-image":"","background-repeat":"repeat","background-position":"center center","background-size":"auto","background-attachment":"scroll","background-type":"","background-media":"","overlay-type":"","overlay-color":"","overlay-opacity":"","overlay-gradient":""},"mobile":{"background-color":"var(--ast-global-color-5)","background-image":"","background-repeat":"repeat","background-position":"center center","background-size":"auto","background-attachment":"scroll","background-type":"","background-media":"","overlay-type":"","overlay-color":"","overlay-opacity":"","overlay-gradient":""}},"footnotes":""},"categories":[1],"tags":[],"class_list":["post-1930","post","type-post","status-publish","format-gallery","has-post-thumbnail","hentry","category-bez-kategorii","post_format-post-format-gallery"],"_links":{"self":[{"href":"https:\/\/parafiakrywald.pl\/index.php?rest_route=\/wp\/v2\/posts\/1930","targetHints":{"allow":["GET"]}}],"collection":[{"href":"https:\/\/parafiakrywald.pl\/index.php?rest_route=\/wp\/v2\/posts"}],"about":[{"href":"https:\/\/parafiakrywald.pl\/index.php?rest_route=\/wp\/v2\/types\/post"}],"author":[{"embeddable":true,"href":"https:\/\/parafiakrywald.pl\/index.php?rest_route=\/wp\/v2\/users\/1"}],"replies":[{"embeddable":true,"href":"https:\/\/parafiakrywald.pl\/index.php?rest_route=%2Fwp%2Fv2%2Fcomments&post=1930"}],"version-history":[{"count":14,"href":"https:\/\/parafiakrywald.pl\/index.php?rest_route=\/wp\/v2\/posts\/1930\/revisions"}],"predecessor-version":[{"id":1955,"href":"https:\/\/parafiakrywald.pl\/index.php?rest_route=\/wp\/v2\/posts\/1930\/revisions\/1955"}],"wp:featuredmedia":[{"embeddable":true,"href":"https:\/\/parafiakrywald.pl\/index.php?rest_route=\/wp\/v2\/media\/1340"}],"wp:attachment":[{"href":"https:\/\/parafiakrywald.pl\/index.php?rest_route=%2Fwp%2Fv2%2Fmedia&parent=1930"}],"wp:term":[{"taxonomy":"category","embeddable":true,"href":"https:\/\/parafiakrywald.pl\/index.php?rest_route=%2Fwp%2Fv2%2Fcategories&post=1930"},{"taxonomy":"post_tag","embeddable":true,"href":"https:\/\/parafiakrywald.pl\/index.php?rest_route=%2Fwp%2Fv2%2Ftags&post=1930"}],"curies":[{"name":"wp","href":"https:\/\/api.w.org\/{rel}","templated":true}]}}