{"id":2263,"date":"2023-09-14T19:07:54","date_gmt":"2023-09-14T17:07:54","guid":{"rendered":"http:\/\/parafiakrywald.pl\/?p=2263"},"modified":"2023-09-15T19:43:32","modified_gmt":"2023-09-15T17:43:32","slug":"14-wrzesnia-2023r-parafialny-dzien-chorych","status":"publish","type":"post","link":"https:\/\/parafiakrywald.pl\/?p=2263","title":{"rendered":"14 wrze\u015bnia 2023r. &#8211; Parafialny Dzie\u0144 Chorych"},"content":{"rendered":"\t\t<div data-elementor-type=\"wp-post\" data-elementor-id=\"2263\" class=\"elementor elementor-2263\">\n\t\t\t\t\t\t<section class=\"elementor-section elementor-top-section elementor-element elementor-element-7cf57034 elementor-section-boxed elementor-section-height-default elementor-section-height-default\" data-id=\"7cf57034\" data-element_type=\"section\">\n\t\t\t\t\t\t<div class=\"elementor-container elementor-column-gap-default\">\n\t\t\t\t\t<div class=\"elementor-column elementor-col-100 elementor-top-column elementor-element elementor-element-360252c1\" data-id=\"360252c1\" data-element_type=\"column\">\n\t\t\t<div class=\"elementor-widget-wrap elementor-element-populated\">\n\t\t\t\t\t\t<div class=\"elementor-element elementor-element-239b4899 elementor-widget elementor-widget-text-editor\" data-id=\"239b4899\" data-element_type=\"widget\" data-widget_type=\"text-editor.default\">\n\t\t\t\t<div class=\"elementor-widget-container\">\n\t\t\t\t\t\t\t<!-- wp:gallery {\"linkTo\":\"none\"} -->\n<figure class=\"wp-block-gallery has-nested-images columns-default is-cropped\"><\/figure>\n<!-- \/wp:gallery -->\t\t\t\t\t\t<\/div>\n\t\t\t\t<\/div>\n\t\t\t\t\t<\/div>\n\t\t<\/div>\n\t\t\t\t\t<\/div>\n\t\t<\/section>\n\t\t\t\t<section class=\"elementor-section elementor-top-section elementor-element elementor-element-ec1f96d elementor-section-boxed elementor-section-height-default elementor-section-height-default\" data-id=\"ec1f96d\" data-element_type=\"section\">\n\t\t\t\t\t\t<div class=\"elementor-container elementor-column-gap-default\">\n\t\t\t\t\t<div class=\"elementor-column elementor-col-100 elementor-top-column elementor-element elementor-element-987e9b3\" data-id=\"987e9b3\" data-element_type=\"column\">\n\t\t\t<div class=\"elementor-widget-wrap elementor-element-populated\">\n\t\t\t\t\t\t<div class=\"elementor-element elementor-element-a69b26a elementor-widget elementor-widget-text-editor\" data-id=\"a69b26a\" data-element_type=\"widget\" data-widget_type=\"text-editor.default\">\n\t\t\t\t<div class=\"elementor-widget-container\">\n\t\t\t\t\t\t\t<h2 style=\"text-align: center;\"><strong><span style=\"color: #ff0000;\">14 wrze\u015bnia\u00a0obchodzimy w Ko\u015bciele katolickim \u015bwi\u0119to Podwy\u017cszenia Krzy\u017ca \u015awi\u0119tego.<\/span><\/strong><\/h2>\n<h2 style=\"text-align: center;\"><span style=\"color: #000000;\"> Krzy\u017c jest znakiem zwyci\u0119stwa Chrystusa nad szatanem i \u015bmierci\u0105. <\/span><\/h2>\n<h2 style=\"text-align: center;\"><strong><span style=\"color: #ff0000;\">W naszej parafii odby\u0142 si\u0119 Parafialny Dzie\u0144 Chorych.<\/span><\/strong><\/h2>\n<h2><span style=\"color: #000000;\"> Obecni na uroczystej Mszy \u015awi\u0119tej mieli mo\u017cliwo\u015b\u0107 przyj\u0119cia sakramentu namaszczenia chorych, kt\u00f3ry jest wa\u017cnym i duchowym wydarzeniem w \u017cyciu osoby chorej. Podczas tego sakramentu kap\u0142an namaszcza chorych olejem i odmawia modlitwy, aby duchowo wesprze\u0107 osob\u0119 w chorobie. Sakrament ten ma na celu udzielenie si\u0142y, pocieszenia i uzdrowienia duszy oraz cia\u0142a. Po Mszy \u015awi\u0119tej odby\u0142o si\u0119 nabo\u017ce\u0144stwo eucharystyczne z modlitw\u0105 o uzdrowienie.<\/span><\/h2>\t\t\t\t\t\t<\/div>\n\t\t\t\t<\/div>\n\t\t\t\t<div class=\"elementor-element elementor-element-941abc3 elementor-widget elementor-widget-image\" data-id=\"941abc3\" data-element_type=\"widget\" data-widget_type=\"image.default\">\n\t\t\t\t<div class=\"elementor-widget-container\">\n\t\t\t\t\t\t\t\t\t\t\t\t\t<img fetchpriority=\"high\" decoding=\"async\" width=\"768\" height=\"784\" src=\"https:\/\/parafiakrywald.pl\/wp-content\/uploads\/2023\/09\/dc1-768x784.jpg\" class=\"attachment-medium_large size-medium_large wp-image-2266\" alt=\"\" srcset=\"https:\/\/parafiakrywald.pl\/wp-content\/uploads\/2023\/09\/dc1-768x784.jpg 768w, https:\/\/parafiakrywald.pl\/wp-content\/uploads\/2023\/09\/dc1-294x300.jpg 294w, https:\/\/parafiakrywald.pl\/wp-content\/uploads\/2023\/09\/dc1-1003x1024.jpg 1003w, https:\/\/parafiakrywald.pl\/wp-content\/uploads\/2023\/09\/dc1-1505x1536.jpg 1505w, https:\/\/parafiakrywald.pl\/wp-content\/uploads\/2023\/09\/dc1.jpg 1535w\" sizes=\"(max-width: 768px) 100vw, 768px\" \/>\t\t\t\t\t\t\t\t\t\t\t\t\t<\/div>\n\t\t\t\t<\/div>\n\t\t\t\t<div class=\"elementor-element elementor-element-56aaf2a elementor-widget elementor-widget-image\" data-id=\"56aaf2a\" data-element_type=\"widget\" data-widget_type=\"image.default\">\n\t\t\t\t<div class=\"elementor-widget-container\">\n\t\t\t\t\t\t\t\t\t\t\t\t\t<img decoding=\"async\" width=\"768\" height=\"789\" src=\"https:\/\/parafiakrywald.pl\/wp-content\/uploads\/2023\/09\/dc2-768x789.jpg\" class=\"attachment-medium_large size-medium_large wp-image-2267\" alt=\"\" srcset=\"https:\/\/parafiakrywald.pl\/wp-content\/uploads\/2023\/09\/dc2-768x789.jpg 768w, https:\/\/parafiakrywald.pl\/wp-content\/uploads\/2023\/09\/dc2-292x300.jpg 292w, https:\/\/parafiakrywald.pl\/wp-content\/uploads\/2023\/09\/dc2-997x1024.jpg 997w, https:\/\/parafiakrywald.pl\/wp-content\/uploads\/2023\/09\/dc2-1496x1536.jpg 1496w, https:\/\/parafiakrywald.pl\/wp-content\/uploads\/2023\/09\/dc2.jpg 1536w\" sizes=\"(max-width: 768px) 100vw, 768px\" \/>\t\t\t\t\t\t\t\t\t\t\t\t\t<\/div>\n\t\t\t\t<\/div>\n\t\t\t\t\t<\/div>\n\t\t<\/div>\n\t\t\t\t\t<\/div>\n\t\t<\/section>\n\t\t\t\t<section class=\"elementor-section elementor-top-section elementor-element elementor-element-938ffc1 elementor-section-boxed elementor-section-height-default elementor-section-height-default\" data-id=\"938ffc1\" data-element_type=\"section\">\n\t\t\t\t\t\t<div class=\"elementor-container elementor-column-gap-default\">\n\t\t\t\t\t<div class=\"elementor-column elementor-col-100 elementor-top-column elementor-element elementor-element-4a93f22\" data-id=\"4a93f22\" data-element_type=\"column\">\n\t\t\t<div class=\"elementor-widget-wrap elementor-element-populated\">\n\t\t\t\t\t\t<div class=\"elementor-element elementor-element-95d08eb elementor-widget elementor-widget-image\" data-id=\"95d08eb\" data-element_type=\"widget\" data-widget_type=\"image.default\">\n\t\t\t\t<div class=\"elementor-widget-container\">\n\t\t\t\t\t\t\t\t\t\t\t\t\t<img decoding=\"async\" width=\"768\" height=\"830\" src=\"https:\/\/parafiakrywald.pl\/wp-content\/uploads\/2023\/09\/dc3-768x830.jpg\" class=\"attachment-medium_large size-medium_large wp-image-2268\" alt=\"\" srcset=\"https:\/\/parafiakrywald.pl\/wp-content\/uploads\/2023\/09\/dc3-768x830.jpg 768w, https:\/\/parafiakrywald.pl\/wp-content\/uploads\/2023\/09\/dc3-278x300.jpg 278w, https:\/\/parafiakrywald.pl\/wp-content\/uploads\/2023\/09\/dc3-948x1024.jpg 948w, https:\/\/parafiakrywald.pl\/wp-content\/uploads\/2023\/09\/dc3-1421x1536.jpg 1421w, https:\/\/parafiakrywald.pl\/wp-content\/uploads\/2023\/09\/dc3.jpg 1536w\" sizes=\"(max-width: 768px) 100vw, 768px\" \/>\t\t\t\t\t\t\t\t\t\t\t\t\t<\/div>\n\t\t\t\t<\/div>\n\t\t\t\t\t<\/div>\n\t\t<\/div>\n\t\t\t\t\t<\/div>\n\t\t<\/section>\n\t\t\t\t<section class=\"elementor-section elementor-top-section elementor-element elementor-element-5c60336 elementor-section-boxed elementor-section-height-default elementor-section-height-default\" data-id=\"5c60336\" data-element_type=\"section\">\n\t\t\t\t\t\t<div class=\"elementor-container elementor-column-gap-default\">\n\t\t\t\t\t<div class=\"elementor-column elementor-col-100 elementor-top-column elementor-element elementor-element-4283ebe\" data-id=\"4283ebe\" data-element_type=\"column\">\n\t\t\t<div class=\"elementor-widget-wrap elementor-element-populated\">\n\t\t\t\t\t\t<div class=\"elementor-element elementor-element-59d1f7b elementor-widget elementor-widget-image\" data-id=\"59d1f7b\" data-element_type=\"widget\" data-widget_type=\"image.default\">\n\t\t\t\t<div class=\"elementor-widget-container\">\n\t\t\t\t\t\t\t\t\t\t\t\t\t<img loading=\"lazy\" decoding=\"async\" width=\"768\" height=\"827\" src=\"https:\/\/parafiakrywald.pl\/wp-content\/uploads\/2023\/09\/dc6-768x827.jpg\" class=\"attachment-medium_large size-medium_large wp-image-2281\" alt=\"\" srcset=\"https:\/\/parafiakrywald.pl\/wp-content\/uploads\/2023\/09\/dc6-768x827.jpg 768w, https:\/\/parafiakrywald.pl\/wp-content\/uploads\/2023\/09\/dc6-279x300.jpg 279w, https:\/\/parafiakrywald.pl\/wp-content\/uploads\/2023\/09\/dc6-951x1024.jpg 951w, https:\/\/parafiakrywald.pl\/wp-content\/uploads\/2023\/09\/dc6-1427x1536.jpg 1427w, https:\/\/parafiakrywald.pl\/wp-content\/uploads\/2023\/09\/dc6.jpg 1527w\" sizes=\"(max-width: 768px) 100vw, 768px\" \/>\t\t\t\t\t\t\t\t\t\t\t\t\t<\/div>\n\t\t\t\t<\/div>\n\t\t\t\t\t<\/div>\n\t\t<\/div>\n\t\t\t\t\t<\/div>\n\t\t<\/section>\n\t\t\t\t<section class=\"elementor-section elementor-top-section elementor-element elementor-element-f348842 elementor-section-boxed elementor-section-height-default elementor-section-height-default\" data-id=\"f348842\" data-element_type=\"section\">\n\t\t\t\t\t\t<div class=\"elementor-container elementor-column-gap-default\">\n\t\t\t\t\t<div class=\"elementor-column elementor-col-100 elementor-top-column elementor-element elementor-element-d0a8f60\" data-id=\"d0a8f60\" data-element_type=\"column\">\n\t\t\t<div class=\"elementor-widget-wrap elementor-element-populated\">\n\t\t\t\t\t\t<div class=\"elementor-element elementor-element-62faa68 elementor-widget elementor-widget-image\" data-id=\"62faa68\" data-element_type=\"widget\" data-widget_type=\"image.default\">\n\t\t\t\t<div class=\"elementor-widget-container\">\n\t\t\t\t\t\t\t\t\t\t\t\t\t<img loading=\"lazy\" decoding=\"async\" width=\"768\" height=\"869\" src=\"https:\/\/parafiakrywald.pl\/wp-content\/uploads\/2023\/09\/dc7-768x869.jpg\" class=\"attachment-medium_large size-medium_large wp-image-2282\" alt=\"\" srcset=\"https:\/\/parafiakrywald.pl\/wp-content\/uploads\/2023\/09\/dc7-768x869.jpg 768w, https:\/\/parafiakrywald.pl\/wp-content\/uploads\/2023\/09\/dc7-265x300.jpg 265w, https:\/\/parafiakrywald.pl\/wp-content\/uploads\/2023\/09\/dc7-905x1024.jpg 905w, https:\/\/parafiakrywald.pl\/wp-content\/uploads\/2023\/09\/dc7-1358x1536.jpg 1358w, https:\/\/parafiakrywald.pl\/wp-content\/uploads\/2023\/09\/dc7.jpg 1531w\" sizes=\"(max-width: 768px) 100vw, 768px\" \/>\t\t\t\t\t\t\t\t\t\t\t\t\t<\/div>\n\t\t\t\t<\/div>\n\t\t\t\t\t<\/div>\n\t\t<\/div>\n\t\t\t\t\t<\/div>\n\t\t<\/section>\n\t\t\t\t<section class=\"elementor-section elementor-top-section elementor-element elementor-element-a5daa2f elementor-section-boxed elementor-section-height-default elementor-section-height-default\" data-id=\"a5daa2f\" data-element_type=\"section\">\n\t\t\t\t\t\t<div class=\"elementor-container elementor-column-gap-default\">\n\t\t\t\t\t<div class=\"elementor-column elementor-col-100 elementor-top-column elementor-element elementor-element-c841f66\" data-id=\"c841f66\" data-element_type=\"column\">\n\t\t\t<div class=\"elementor-widget-wrap elementor-element-populated\">\n\t\t\t\t\t\t<div class=\"elementor-element elementor-element-4343036 elementor-widget elementor-widget-image\" data-id=\"4343036\" data-element_type=\"widget\" data-widget_type=\"image.default\">\n\t\t\t\t<div class=\"elementor-widget-container\">\n\t\t\t\t\t\t\t\t\t\t\t\t\t<img loading=\"lazy\" decoding=\"async\" width=\"768\" height=\"852\" src=\"https:\/\/parafiakrywald.pl\/wp-content\/uploads\/2023\/09\/dc4-768x852.jpg\" class=\"attachment-medium_large size-medium_large wp-image-2269\" alt=\"\" srcset=\"https:\/\/parafiakrywald.pl\/wp-content\/uploads\/2023\/09\/dc4-768x852.jpg 768w, https:\/\/parafiakrywald.pl\/wp-content\/uploads\/2023\/09\/dc4-271x300.jpg 271w, https:\/\/parafiakrywald.pl\/wp-content\/uploads\/2023\/09\/dc4-924x1024.jpg 924w, https:\/\/parafiakrywald.pl\/wp-content\/uploads\/2023\/09\/dc4-1385x1536.jpg 1385w, https:\/\/parafiakrywald.pl\/wp-content\/uploads\/2023\/09\/dc4.jpg 1536w\" sizes=\"(max-width: 768px) 100vw, 768px\" \/>\t\t\t\t\t\t\t\t\t\t\t\t\t<\/div>\n\t\t\t\t<\/div>\n\t\t\t\t\t<\/div>\n\t\t<\/div>\n\t\t\t\t\t<\/div>\n\t\t<\/section>\n\t\t\t\t<\/div>\n\t\t","protected":false},"excerpt":{"rendered":"<p>14 wrze\u015bnia\u00a0obchodzimy w Ko\u015bciele katolickim \u015bwi\u0119to Podwy\u017cszenia Krzy\u017ca \u015awi\u0119tego. Krzy\u017c jest znakiem zwyci\u0119stwa Chrystusa nad szatanem i \u015bmierci\u0105. W naszej parafii odby\u0142 si\u0119 Parafialny Dzie\u0144 Chorych. Obecni na uroczystej Mszy \u015awi\u0119tej mieli mo\u017cliwo\u015b\u0107 przyj\u0119cia sakramentu namaszczenia chorych, kt\u00f3ry jest wa\u017cnym i duchowym wydarzeniem w \u017cyciu osoby chorej. Podczas tego sakramentu kap\u0142an namaszcza chorych olejem i [&hellip;]<\/p>\n","protected":false},"author":1,"featured_media":2264,"comment_status":"open","ping_status":"open","sticky":false,"template":"","format":"gallery","meta":{"site-sidebar-layout":"default","site-content-layout":"","ast-site-content-layout":"default","site-content-style":"default","site-sidebar-style":"default","ast-global-header-display":"","ast-banner-title-visibility":"","ast-main-header-display":"","ast-hfb-above-header-display":"","ast-hfb-below-header-display":"","ast-hfb-mobile-header-display":"","site-post-title":"","ast-breadcrumbs-content":"","ast-featured-img":"","footer-sml-layout":"","theme-transparent-header-meta":"","adv-header-id-meta":"","stick-header-meta":"","header-above-stick-meta":"","header-main-stick-meta":"","header-below-stick-meta":"","astra-migrate-meta-layouts":"set","ast-page-background-enabled":"default","ast-page-background-meta":{"desktop":{"background-color":"","background-image":"","background-repeat":"repeat","background-position":"center center","background-size":"auto","background-attachment":"scroll","background-type":"","background-media":"","overlay-type":"","overlay-color":"","overlay-opacity":"","overlay-gradient":""},"tablet":{"background-color":"","background-image":"","background-repeat":"repeat","background-position":"center center","background-size":"auto","background-attachment":"scroll","background-type":"","background-media":"","overlay-type":"","overlay-color":"","overlay-opacity":"","overlay-gradient":""},"mobile":{"background-color":"","background-image":"","background-repeat":"repeat","background-position":"center center","background-size":"auto","background-attachment":"scroll","background-type":"","background-media":"","overlay-type":"","overlay-color":"","overlay-opacity":"","overlay-gradient":""}},"ast-content-background-meta":{"desktop":{"background-color":"var(--ast-global-color-5)","background-image":"","background-repeat":"repeat","background-position":"center center","background-size":"auto","background-attachment":"scroll","background-type":"","background-media":"","overlay-type":"","overlay-color":"","overlay-opacity":"","overlay-gradient":""},"tablet":{"background-color":"var(--ast-global-color-5)","background-image":"","background-repeat":"repeat","background-position":"center center","background-size":"auto","background-attachment":"scroll","background-type":"","background-media":"","overlay-type":"","overlay-color":"","overlay-opacity":"","overlay-gradient":""},"mobile":{"background-color":"var(--ast-global-color-5)","background-image":"","background-repeat":"repeat","background-position":"center center","background-size":"auto","background-attachment":"scroll","background-type":"","background-media":"","overlay-type":"","overlay-color":"","overlay-opacity":"","overlay-gradient":""}},"footnotes":""},"categories":[1],"tags":[],"class_list":["post-2263","post","type-post","status-publish","format-gallery","has-post-thumbnail","hentry","category-bez-kategorii","post_format-post-format-gallery"],"_links":{"self":[{"href":"https:\/\/parafiakrywald.pl\/index.php?rest_route=\/wp\/v2\/posts\/2263","targetHints":{"allow":["GET"]}}],"collection":[{"href":"https:\/\/parafiakrywald.pl\/index.php?rest_route=\/wp\/v2\/posts"}],"about":[{"href":"https:\/\/parafiakrywald.pl\/index.php?rest_route=\/wp\/v2\/types\/post"}],"author":[{"embeddable":true,"href":"https:\/\/parafiakrywald.pl\/index.php?rest_route=\/wp\/v2\/users\/1"}],"replies":[{"embeddable":true,"href":"https:\/\/parafiakrywald.pl\/index.php?rest_route=%2Fwp%2Fv2%2Fcomments&post=2263"}],"version-history":[{"count":11,"href":"https:\/\/parafiakrywald.pl\/index.php?rest_route=\/wp\/v2\/posts\/2263\/revisions"}],"predecessor-version":[{"id":2285,"href":"https:\/\/parafiakrywald.pl\/index.php?rest_route=\/wp\/v2\/posts\/2263\/revisions\/2285"}],"wp:featuredmedia":[{"embeddable":true,"href":"https:\/\/parafiakrywald.pl\/index.php?rest_route=\/wp\/v2\/media\/2264"}],"wp:attachment":[{"href":"https:\/\/parafiakrywald.pl\/index.php?rest_route=%2Fwp%2Fv2%2Fmedia&parent=2263"}],"wp:term":[{"taxonomy":"category","embeddable":true,"href":"https:\/\/parafiakrywald.pl\/index.php?rest_route=%2Fwp%2Fv2%2Fcategories&post=2263"},{"taxonomy":"post_tag","embeddable":true,"href":"https:\/\/parafiakrywald.pl\/index.php?rest_route=%2Fwp%2Fv2%2Ftags&post=2263"}],"curies":[{"name":"wp","href":"https:\/\/api.w.org\/{rel}","templated":true}]}}