{"id":2310,"date":"2023-10-15T20:54:53","date_gmt":"2023-10-15T18:54:53","guid":{"rendered":"http:\/\/parafiakrywald.pl\/?p=2310"},"modified":"2023-10-15T21:01:10","modified_gmt":"2023-10-15T19:01:10","slug":"102-rocznica-poswiecenia-naszego-kosciola","status":"publish","type":"post","link":"https:\/\/parafiakrywald.pl\/?p=2310","title":{"rendered":"102 &#8211; Rocznica po\u015bwi\u0119cenia naszego ko\u015bcio\u0142a"},"content":{"rendered":"\t\t<div data-elementor-type=\"wp-post\" data-elementor-id=\"2310\" class=\"elementor elementor-2310\">\n\t\t\t\t\t\t<section class=\"elementor-section elementor-top-section elementor-element elementor-element-239b48c elementor-section-boxed elementor-section-height-default elementor-section-height-default\" data-id=\"239b48c\" data-element_type=\"section\">\n\t\t\t\t\t\t<div class=\"elementor-container elementor-column-gap-default\">\n\t\t\t\t\t<div class=\"elementor-column elementor-col-100 elementor-top-column elementor-element elementor-element-437edd2\" data-id=\"437edd2\" data-element_type=\"column\">\n\t\t\t<div class=\"elementor-widget-wrap elementor-element-populated\">\n\t\t\t\t\t\t<div class=\"elementor-element elementor-element-64f6f2e elementor-widget elementor-widget-text-editor\" data-id=\"64f6f2e\" data-element_type=\"widget\" data-widget_type=\"text-editor.default\">\n\t\t\t\t<div class=\"elementor-widget-container\">\n\t\t\t\t\t\t\t<h3 style=\"text-align: center;\"><strong><span style=\"color: #000000;\">W niedziel\u0119 29 pa\u017adziernika 2023 r. obchodzi\u0107 b\u0119dziemy uroczysto\u015b\u0107 po\u015bwiecenia ko\u015bcio\u0142a w\u0142asnego.<\/span><\/strong><br \/><strong><span style=\"color: #000000;\">Dla naszej wsp\u00f3lnoty jest to dzie\u0144 szczeg\u00f3lny, gdy\u017c nasza \u015bwi\u0105tynia obchodzi<\/span><\/strong><\/h3>\n<h3 style=\"text-align: center;\"><strong><span style=\"color: #000000;\">102 &#8211; rocznic\u0119 jej po\u015bwi\u0119cenia.\u00a0<\/span><\/strong><\/h3>\n<h3 style=\"text-align: center;\"><strong><span style=\"color: #000000;\">To w tym miejscu B\u00f3g gromadzi nas by\u015bmy mogli wsp\u00f3lnie wielbi\u0107 jego imi\u0119.<\/span><\/strong><br \/><strong><span style=\"color: #000000;\">\u015awi\u0105tynia dla ka\u017cdego chrze\u015bcijanina jest bardzo wa\u017cnym miejscem, w kt\u00f3rym mo\u017ce on spotka\u0107 Boga.<\/span><\/strong><br \/><strong><span style=\"color: #000000;\">\u015awi\u0105tynia jest\u00a0 \u017ar\u00f3d\u0142em wielu \u0142ask.<\/span><\/strong><\/h3>\n<h3 style=\"text-align: center;\"><strong><span style=\"color: #000000;\">W niedziel\u0119 29 IX o godzinie 10:00 zostanie odprawiona uroczysta Msza\u00a0 \u015awi\u0119ta, <br \/>podczas kt\u00f3rej dzi\u0119kowa\u0107 b\u0119dziemy za nasz\u0105 \u015bwi\u0105tyni\u0119,<\/span><\/strong><br \/><strong><span style=\"color: #000000;\">za wszystkie wsp\u00f3lnoty parafialne, za wszystkich dobrodziej\u00f3w naszego ko\u015bcio\u0142a,<\/span><\/strong><br \/><strong><span style=\"color: #000000;\">wypraszaj\u0105c\u00a0\u0142aski za wstawiennictwem naszych \u015bwi\u0119tych patron\u00f3w.\u00a0\u00a0<\/span><\/strong><\/h3>\t\t\t\t\t\t<\/div>\n\t\t\t\t<\/div>\n\t\t\t\t<div class=\"elementor-element elementor-element-2c6187b elementor-widget elementor-widget-image\" data-id=\"2c6187b\" data-element_type=\"widget\" data-widget_type=\"image.default\">\n\t\t\t\t<div class=\"elementor-widget-container\">\n\t\t\t\t\t\t\t\t\t\t\t\t\t<img fetchpriority=\"high\" decoding=\"async\" width=\"768\" height=\"580\" src=\"https:\/\/parafiakrywald.pl\/wp-content\/uploads\/2021\/05\/staryoltarz-768x580.jpg\" class=\"attachment-medium_large size-medium_large wp-image-338\" alt=\"\" srcset=\"https:\/\/parafiakrywald.pl\/wp-content\/uploads\/2021\/05\/staryoltarz-768x580.jpg 768w, https:\/\/parafiakrywald.pl\/wp-content\/uploads\/2021\/05\/staryoltarz-300x226.jpg 300w, https:\/\/parafiakrywald.pl\/wp-content\/uploads\/2021\/05\/staryoltarz-1024x773.jpg 1024w, https:\/\/parafiakrywald.pl\/wp-content\/uploads\/2021\/05\/staryoltarz.jpg 1514w\" sizes=\"(max-width: 768px) 100vw, 768px\" \/>\t\t\t\t\t\t\t\t\t\t\t\t\t<\/div>\n\t\t\t\t<\/div>\n\t\t\t\t<div class=\"elementor-element elementor-element-5f064b0 elementor-widget elementor-widget-image\" data-id=\"5f064b0\" data-element_type=\"widget\" data-widget_type=\"image.default\">\n\t\t\t\t<div class=\"elementor-widget-container\">\n\t\t\t\t\t\t\t\t\t\t\t\t\t<img decoding=\"async\" width=\"768\" height=\"576\" src=\"https:\/\/parafiakrywald.pl\/wp-content\/uploads\/2021\/05\/oltarzdzisiaj2-768x576.jpg\" class=\"attachment-medium_large size-medium_large wp-image-339\" alt=\"\" srcset=\"https:\/\/parafiakrywald.pl\/wp-content\/uploads\/2021\/05\/oltarzdzisiaj2-768x576.jpg 768w, https:\/\/parafiakrywald.pl\/wp-content\/uploads\/2021\/05\/oltarzdzisiaj2-300x225.jpg 300w, https:\/\/parafiakrywald.pl\/wp-content\/uploads\/2021\/05\/oltarzdzisiaj2-1024x768.jpg 1024w, https:\/\/parafiakrywald.pl\/wp-content\/uploads\/2021\/05\/oltarzdzisiaj2-1536x1152.jpg 1536w, https:\/\/parafiakrywald.pl\/wp-content\/uploads\/2021\/05\/oltarzdzisiaj2.jpg 2048w\" sizes=\"(max-width: 768px) 100vw, 768px\" \/>\t\t\t\t\t\t\t\t\t\t\t\t\t<\/div>\n\t\t\t\t<\/div>\n\t\t\t\t\t<\/div>\n\t\t<\/div>\n\t\t\t\t\t<\/div>\n\t\t<\/section>\n\t\t\t\t<section class=\"elementor-section elementor-top-section elementor-element elementor-element-8cc1ce0 elementor-section-boxed elementor-section-height-default elementor-section-height-default\" data-id=\"8cc1ce0\" data-element_type=\"section\">\n\t\t\t\t\t\t<div class=\"elementor-container elementor-column-gap-default\">\n\t\t\t\t\t<div class=\"elementor-column elementor-col-100 elementor-top-column elementor-element elementor-element-d916ab4\" data-id=\"d916ab4\" data-element_type=\"column\">\n\t\t\t<div class=\"elementor-widget-wrap elementor-element-populated\">\n\t\t\t\t\t\t<div class=\"elementor-element elementor-element-1371ead elementor-widget elementor-widget-image\" data-id=\"1371ead\" data-element_type=\"widget\" data-widget_type=\"image.default\">\n\t\t\t\t<div class=\"elementor-widget-container\">\n\t\t\t\t\t\t\t\t\t\t\t\t\t<img decoding=\"async\" width=\"768\" height=\"512\" src=\"https:\/\/parafiakrywald.pl\/wp-content\/uploads\/2021\/05\/IMG_1185-768x512.jpg\" class=\"attachment-medium_large size-medium_large wp-image-647\" alt=\"\" srcset=\"https:\/\/parafiakrywald.pl\/wp-content\/uploads\/2021\/05\/IMG_1185-768x512.jpg 768w, https:\/\/parafiakrywald.pl\/wp-content\/uploads\/2021\/05\/IMG_1185-300x200.jpg 300w, https:\/\/parafiakrywald.pl\/wp-content\/uploads\/2021\/05\/IMG_1185-1024x683.jpg 1024w, https:\/\/parafiakrywald.pl\/wp-content\/uploads\/2021\/05\/IMG_1185-1536x1024.jpg 1536w, https:\/\/parafiakrywald.pl\/wp-content\/uploads\/2021\/05\/IMG_1185.jpg 1920w\" sizes=\"(max-width: 768px) 100vw, 768px\" \/>\t\t\t\t\t\t\t\t\t\t\t\t\t<\/div>\n\t\t\t\t<\/div>\n\t\t\t\t\t<\/div>\n\t\t<\/div>\n\t\t\t\t\t<\/div>\n\t\t<\/section>\n\t\t\t\t<\/div>\n\t\t","protected":false},"excerpt":{"rendered":"<p>W niedziel\u0119 29 pa\u017adziernika 2023 r. obchodzi\u0107 b\u0119dziemy uroczysto\u015b\u0107 po\u015bwiecenia ko\u015bcio\u0142a w\u0142asnego.Dla naszej wsp\u00f3lnoty jest to dzie\u0144 szczeg\u00f3lny, gdy\u017c nasza \u015bwi\u0105tynia obchodzi 102 &#8211; rocznic\u0119 jej po\u015bwi\u0119cenia.\u00a0 To w tym miejscu B\u00f3g gromadzi nas by\u015bmy mogli wsp\u00f3lnie wielbi\u0107 jego imi\u0119.\u015awi\u0105tynia dla ka\u017cdego chrze\u015bcijanina jest bardzo wa\u017cnym miejscem, w kt\u00f3rym mo\u017ce on spotka\u0107 Boga.\u015awi\u0105tynia jest\u00a0 \u017ar\u00f3d\u0142em [&hellip;]<\/p>\n","protected":false},"author":1,"featured_media":1860,"comment_status":"open","ping_status":"open","sticky":false,"template":"","format":"gallery","meta":{"site-sidebar-layout":"default","site-content-layout":"","ast-site-content-layout":"default","site-content-style":"default","site-sidebar-style":"default","ast-global-header-display":"","ast-banner-title-visibility":"","ast-main-header-display":"","ast-hfb-above-header-display":"","ast-hfb-below-header-display":"","ast-hfb-mobile-header-display":"","site-post-title":"","ast-breadcrumbs-content":"","ast-featured-img":"","footer-sml-layout":"","theme-transparent-header-meta":"","adv-header-id-meta":"","stick-header-meta":"","header-above-stick-meta":"","header-main-stick-meta":"","header-below-stick-meta":"","astra-migrate-meta-layouts":"set","ast-page-background-enabled":"default","ast-page-background-meta":{"desktop":{"background-color":"","background-image":"","background-repeat":"repeat","background-position":"center center","background-size":"auto","background-attachment":"scroll","background-type":"","background-media":"","overlay-type":"","overlay-color":"","overlay-opacity":"","overlay-gradient":""},"tablet":{"background-color":"","background-image":"","background-repeat":"repeat","background-position":"center center","background-size":"auto","background-attachment":"scroll","background-type":"","background-media":"","overlay-type":"","overlay-color":"","overlay-opacity":"","overlay-gradient":""},"mobile":{"background-color":"","background-image":"","background-repeat":"repeat","background-position":"center center","background-size":"auto","background-attachment":"scroll","background-type":"","background-media":"","overlay-type":"","overlay-color":"","overlay-opacity":"","overlay-gradient":""}},"ast-content-background-meta":{"desktop":{"background-color":"var(--ast-global-color-5)","background-image":"","background-repeat":"repeat","background-position":"center center","background-size":"auto","background-attachment":"scroll","background-type":"","background-media":"","overlay-type":"","overlay-color":"","overlay-opacity":"","overlay-gradient":""},"tablet":{"background-color":"var(--ast-global-color-5)","background-image":"","background-repeat":"repeat","background-position":"center center","background-size":"auto","background-attachment":"scroll","background-type":"","background-media":"","overlay-type":"","overlay-color":"","overlay-opacity":"","overlay-gradient":""},"mobile":{"background-color":"var(--ast-global-color-5)","background-image":"","background-repeat":"repeat","background-position":"center center","background-size":"auto","background-attachment":"scroll","background-type":"","background-media":"","overlay-type":"","overlay-color":"","overlay-opacity":"","overlay-gradient":""}},"footnotes":""},"categories":[1],"tags":[],"class_list":["post-2310","post","type-post","status-publish","format-gallery","has-post-thumbnail","hentry","category-bez-kategorii","post_format-post-format-gallery"],"_links":{"self":[{"href":"https:\/\/parafiakrywald.pl\/index.php?rest_route=\/wp\/v2\/posts\/2310","targetHints":{"allow":["GET"]}}],"collection":[{"href":"https:\/\/parafiakrywald.pl\/index.php?rest_route=\/wp\/v2\/posts"}],"about":[{"href":"https:\/\/parafiakrywald.pl\/index.php?rest_route=\/wp\/v2\/types\/post"}],"author":[{"embeddable":true,"href":"https:\/\/parafiakrywald.pl\/index.php?rest_route=\/wp\/v2\/users\/1"}],"replies":[{"embeddable":true,"href":"https:\/\/parafiakrywald.pl\/index.php?rest_route=%2Fwp%2Fv2%2Fcomments&post=2310"}],"version-history":[{"count":4,"href":"https:\/\/parafiakrywald.pl\/index.php?rest_route=\/wp\/v2\/posts\/2310\/revisions"}],"predecessor-version":[{"id":2315,"href":"https:\/\/parafiakrywald.pl\/index.php?rest_route=\/wp\/v2\/posts\/2310\/revisions\/2315"}],"wp:featuredmedia":[{"embeddable":true,"href":"https:\/\/parafiakrywald.pl\/index.php?rest_route=\/wp\/v2\/media\/1860"}],"wp:attachment":[{"href":"https:\/\/parafiakrywald.pl\/index.php?rest_route=%2Fwp%2Fv2%2Fmedia&parent=2310"}],"wp:term":[{"taxonomy":"category","embeddable":true,"href":"https:\/\/parafiakrywald.pl\/index.php?rest_route=%2Fwp%2Fv2%2Fcategories&post=2310"},{"taxonomy":"post_tag","embeddable":true,"href":"https:\/\/parafiakrywald.pl\/index.php?rest_route=%2Fwp%2Fv2%2Ftags&post=2310"}],"curies":[{"name":"wp","href":"https:\/\/api.w.org\/{rel}","templated":true}]}}