{"id":2389,"date":"2023-12-22T16:26:10","date_gmt":"2023-12-22T15:26:10","guid":{"rendered":"http:\/\/parafiakrywald.pl\/?p=2389"},"modified":"2023-12-24T15:35:39","modified_gmt":"2023-12-24T14:35:39","slug":"uroczystosc-bozego-narodzenia-2023r","status":"publish","type":"post","link":"https:\/\/parafiakrywald.pl\/?p=2389","title":{"rendered":"Uroczysto\u015b\u0107 Bo\u017cego Narodzenia 2023r."},"content":{"rendered":"\t\t<div data-elementor-type=\"wp-post\" data-elementor-id=\"2389\" class=\"elementor elementor-2389\">\n\t\t\t\t\t\t<section class=\"elementor-section elementor-top-section elementor-element elementor-element-32b64c2d elementor-section-boxed elementor-section-height-default elementor-section-height-default\" data-id=\"32b64c2d\" data-element_type=\"section\">\n\t\t\t\t\t\t<div class=\"elementor-container elementor-column-gap-default\">\n\t\t\t\t\t<div class=\"elementor-column elementor-col-100 elementor-top-column elementor-element elementor-element-c0baff0\" data-id=\"c0baff0\" data-element_type=\"column\">\n\t\t\t<div class=\"elementor-widget-wrap elementor-element-populated\">\n\t\t\t\t\t\t<div class=\"elementor-element elementor-element-31c0339e elementor-widget elementor-widget-text-editor\" data-id=\"31c0339e\" data-element_type=\"widget\" data-widget_type=\"text-editor.default\">\n\t\t\t\t<div class=\"elementor-widget-container\">\n\t\t\t\t\t\t\t<!-- wp:gallery {\"linkTo\":\"none\"} -->\n<figure class=\"wp-block-gallery has-nested-images columns-default is-cropped\"><\/figure>\n<!-- \/wp:gallery -->\t\t\t\t\t\t<\/div>\n\t\t\t\t<\/div>\n\t\t\t\t\t<\/div>\n\t\t<\/div>\n\t\t\t\t\t<\/div>\n\t\t<\/section>\n\t\t\t\t<section class=\"elementor-section elementor-top-section elementor-element elementor-element-6406036 elementor-section-boxed elementor-section-height-default elementor-section-height-default\" data-id=\"6406036\" data-element_type=\"section\">\n\t\t\t\t\t\t<div class=\"elementor-container elementor-column-gap-default\">\n\t\t\t\t\t<div class=\"elementor-column elementor-col-100 elementor-top-column elementor-element elementor-element-62bf0dc\" data-id=\"62bf0dc\" data-element_type=\"column\">\n\t\t\t<div class=\"elementor-widget-wrap elementor-element-populated\">\n\t\t\t\t\t\t<div class=\"elementor-element elementor-element-bf18487 elementor-widget elementor-widget-text-editor\" data-id=\"bf18487\" data-element_type=\"widget\" data-widget_type=\"text-editor.default\">\n\t\t\t\t<div class=\"elementor-widget-container\">\n\t\t\t\t\t\t\t<h2 style=\"text-align: center;\"><span style=\"color: #000080;\"><em><strong>Uroczysta Pasterka, Msza \u015awi\u0119ta w Noc Bo\u017cego Narodzenia<\/strong><strong><br \/><\/strong><strong>w\u00a0intencji wszystkich\u00a0Parafian i dobroczy\u0144c\u00f3w naszego ko\u015bcio\u0142a<\/strong><strong><br \/><\/strong><strong>odprawiona zostanie tradycyjnie o p\u00f3\u0142nocy 24 grudnia.<br \/>Poprzedzi j\u0105 modlitewne czuwanie o 23:40.<\/strong><\/em><\/span><\/h2>\n<h2 style=\"text-align: center;\"><span style=\"color: #000080;\"><em><strong><br \/>W poniedzia\u0142ek 25.12. Uroczysto\u015b\u0107 Narodzenia Pa\u0144skiego<\/strong><\/em><\/span><\/h2>\n<h2 style=\"font-weight: inherit; text-align: center;\"><span style=\"color: #000080;\"><em><strong>Msze \u015awi\u0119te o godzinie 7:30 i \u015bwi\u0105teczna suma o godz. 10:00<\/strong><\/em><\/span><\/h2>\n<h2 style=\"font-weight: inherit; text-align: center;\"><span style=\"color: #000080;\"><em><strong><br \/>We wtorek 26.12. \u2013 \u015awi\u0119to \u015bw. Szczepana<\/strong><\/em><\/span><\/h2>\n<h2 style=\"font-weight: inherit; text-align: center;\"><span style=\"color: #000080;\"><em><strong>Msze \u015awi\u0119te w porz\u0105dku niedzielnym 7:30, 10:00 i 16:00<\/strong><\/em><\/span><\/h2>\n<h2 style=\"text-align: center;\"><span style=\"color: #000080;\"><em><strong><br \/>W niedziel\u0119 31 grudnia \u2013 \u015awi\u0119to \u015awi\u0119tej Rodziny. <br \/>Msze \u015awi\u0119te o 7:30, 10:00 i 16:00 <\/strong><\/em><\/span><\/h2>\n<h2 style=\"font-weight: inherit; text-align: center;\"><span style=\"color: #000080;\"><em><strong>Po Mszy \u015awi\u0119tej o godzinie 16:00 nabo\u017ce\u0144stwo dzi\u0119kczynno \u2013 b\u0142agalne. <\/strong><\/em><\/span><\/h2>\n<h2 style=\"text-align: center;\"><span style=\"color: #000080;\"><em><strong><br \/>W poniedzia\u0142ek 1 stycznia 2024r. Nowy Rok <br \/>Uroczysto\u015b\u0107 \u015awi\u0119tej Bo\u017cej Rodzicielki Maryi<\/strong><\/em><\/span><\/h2>\n<h2 style=\"text-align: center;\"><span style=\"color: #000080;\"><em><strong>Msze \u015awi\u0119te o godzinie 10:00 i 16:00 <\/strong><\/em><\/span><\/h2>\t\t\t\t\t\t<\/div>\n\t\t\t\t<\/div>\n\t\t\t\t\t<\/div>\n\t\t<\/div>\n\t\t\t\t\t<\/div>\n\t\t<\/section>\n\t\t\t\t<section class=\"elementor-section elementor-top-section elementor-element elementor-element-cbe8b66 elementor-section-boxed elementor-section-height-default elementor-section-height-default\" data-id=\"cbe8b66\" data-element_type=\"section\">\n\t\t\t\t\t\t<div class=\"elementor-container elementor-column-gap-default\">\n\t\t\t\t\t<div class=\"elementor-column elementor-col-100 elementor-top-column elementor-element elementor-element-02b2819\" data-id=\"02b2819\" data-element_type=\"column\">\n\t\t\t<div class=\"elementor-widget-wrap elementor-element-populated\">\n\t\t\t\t\t\t<div class=\"elementor-element elementor-element-f65c209 elementor-widget elementor-widget-image\" data-id=\"f65c209\" data-element_type=\"widget\" data-widget_type=\"image.default\">\n\t\t\t\t<div class=\"elementor-widget-container\">\n\t\t\t\t\t\t\t\t\t\t\t\t\t\t<a href=\"http:\/\/parafiakrywald.pl\/wp-content\/uploads\/2023\/12\/Abp_Zyczenia_BN_2023_page-0001.jpg\" data-elementor-open-lightbox=\"yes\" data-elementor-lightbox-title=\"Abp_Zyczenia_BN_2023_page-0001\" data-e-action-hash=\"#elementor-action%3Aaction%3Dlightbox%26settings%3DeyJpZCI6MjQwMywidXJsIjoiaHR0cHM6XC9cL3BhcmFmaWFrcnl3YWxkLnBsXC93cC1jb250ZW50XC91cGxvYWRzXC8yMDIzXC8xMlwvQWJwX1p5Y3plbmlhX0JOXzIwMjNfcGFnZS0wMDAxLmpwZyJ9\">\n\t\t\t\t\t\t\t<img fetchpriority=\"high\" decoding=\"async\" width=\"724\" height=\"1024\" src=\"https:\/\/parafiakrywald.pl\/wp-content\/uploads\/2023\/12\/Abp_Zyczenia_BN_2023_page-0001-724x1024.jpg\" class=\"attachment-large size-large wp-image-2403\" alt=\"\" srcset=\"https:\/\/parafiakrywald.pl\/wp-content\/uploads\/2023\/12\/Abp_Zyczenia_BN_2023_page-0001-724x1024.jpg 724w, https:\/\/parafiakrywald.pl\/wp-content\/uploads\/2023\/12\/Abp_Zyczenia_BN_2023_page-0001-212x300.jpg 212w, https:\/\/parafiakrywald.pl\/wp-content\/uploads\/2023\/12\/Abp_Zyczenia_BN_2023_page-0001-768x1086.jpg 768w, https:\/\/parafiakrywald.pl\/wp-content\/uploads\/2023\/12\/Abp_Zyczenia_BN_2023_page-0001-1086x1536.jpg 1086w, https:\/\/parafiakrywald.pl\/wp-content\/uploads\/2023\/12\/Abp_Zyczenia_BN_2023_page-0001.jpg 1241w\" sizes=\"(max-width: 724px) 100vw, 724px\" \/>\t\t\t\t\t\t\t\t<\/a>\n\t\t\t\t\t\t\t\t\t\t\t\t\t<\/div>\n\t\t\t\t<\/div>\n\t\t\t\t\t<\/div>\n\t\t<\/div>\n\t\t\t\t\t<\/div>\n\t\t<\/section>\n\t\t\t\t<\/div>\n\t\t","protected":false},"excerpt":{"rendered":"<p>Uroczysta Pasterka, Msza \u015awi\u0119ta w Noc Bo\u017cego Narodzeniaw\u00a0intencji wszystkich\u00a0Parafian i dobroczy\u0144c\u00f3w naszego ko\u015bcio\u0142aodprawiona zostanie tradycyjnie o p\u00f3\u0142nocy 24 grudnia.Poprzedzi j\u0105 modlitewne czuwanie o 23:40. W poniedzia\u0142ek 25.12. Uroczysto\u015b\u0107 Narodzenia Pa\u0144skiego Msze \u015awi\u0119te o godzinie 7:30 i \u015bwi\u0105teczna suma o godz. 10:00 We wtorek 26.12. \u2013 \u015awi\u0119to \u015bw. Szczepana Msze \u015awi\u0119te w porz\u0105dku niedzielnym 7:30, 10:00 [&hellip;]<\/p>\n","protected":false},"author":1,"featured_media":1441,"comment_status":"open","ping_status":"open","sticky":false,"template":"","format":"gallery","meta":{"site-sidebar-layout":"default","site-content-layout":"","ast-site-content-layout":"default","site-content-style":"default","site-sidebar-style":"default","ast-global-header-display":"","ast-banner-title-visibility":"","ast-main-header-display":"","ast-hfb-above-header-display":"","ast-hfb-below-header-display":"","ast-hfb-mobile-header-display":"","site-post-title":"","ast-breadcrumbs-content":"","ast-featured-img":"","footer-sml-layout":"","theme-transparent-header-meta":"","adv-header-id-meta":"","stick-header-meta":"","header-above-stick-meta":"","header-main-stick-meta":"","header-below-stick-meta":"","astra-migrate-meta-layouts":"set","ast-page-background-enabled":"default","ast-page-background-meta":{"desktop":{"background-color":"","background-image":"","background-repeat":"repeat","background-position":"center center","background-size":"auto","background-attachment":"scroll","background-type":"","background-media":"","overlay-type":"","overlay-color":"","overlay-opacity":"","overlay-gradient":""},"tablet":{"background-color":"","background-image":"","background-repeat":"repeat","background-position":"center center","background-size":"auto","background-attachment":"scroll","background-type":"","background-media":"","overlay-type":"","overlay-color":"","overlay-opacity":"","overlay-gradient":""},"mobile":{"background-color":"","background-image":"","background-repeat":"repeat","background-position":"center center","background-size":"auto","background-attachment":"scroll","background-type":"","background-media":"","overlay-type":"","overlay-color":"","overlay-opacity":"","overlay-gradient":""}},"ast-content-background-meta":{"desktop":{"background-color":"var(--ast-global-color-5)","background-image":"","background-repeat":"repeat","background-position":"center center","background-size":"auto","background-attachment":"scroll","background-type":"","background-media":"","overlay-type":"","overlay-color":"","overlay-opacity":"","overlay-gradient":""},"tablet":{"background-color":"var(--ast-global-color-5)","background-image":"","background-repeat":"repeat","background-position":"center center","background-size":"auto","background-attachment":"scroll","background-type":"","background-media":"","overlay-type":"","overlay-color":"","overlay-opacity":"","overlay-gradient":""},"mobile":{"background-color":"var(--ast-global-color-5)","background-image":"","background-repeat":"repeat","background-position":"center center","background-size":"auto","background-attachment":"scroll","background-type":"","background-media":"","overlay-type":"","overlay-color":"","overlay-opacity":"","overlay-gradient":""}},"footnotes":""},"categories":[1],"tags":[],"class_list":["post-2389","post","type-post","status-publish","format-gallery","has-post-thumbnail","hentry","category-bez-kategorii","post_format-post-format-gallery"],"_links":{"self":[{"href":"https:\/\/parafiakrywald.pl\/index.php?rest_route=\/wp\/v2\/posts\/2389","targetHints":{"allow":["GET"]}}],"collection":[{"href":"https:\/\/parafiakrywald.pl\/index.php?rest_route=\/wp\/v2\/posts"}],"about":[{"href":"https:\/\/parafiakrywald.pl\/index.php?rest_route=\/wp\/v2\/types\/post"}],"author":[{"embeddable":true,"href":"https:\/\/parafiakrywald.pl\/index.php?rest_route=\/wp\/v2\/users\/1"}],"replies":[{"embeddable":true,"href":"https:\/\/parafiakrywald.pl\/index.php?rest_route=%2Fwp%2Fv2%2Fcomments&post=2389"}],"version-history":[{"count":7,"href":"https:\/\/parafiakrywald.pl\/index.php?rest_route=\/wp\/v2\/posts\/2389\/revisions"}],"predecessor-version":[{"id":2413,"href":"https:\/\/parafiakrywald.pl\/index.php?rest_route=\/wp\/v2\/posts\/2389\/revisions\/2413"}],"wp:featuredmedia":[{"embeddable":true,"href":"https:\/\/parafiakrywald.pl\/index.php?rest_route=\/wp\/v2\/media\/1441"}],"wp:attachment":[{"href":"https:\/\/parafiakrywald.pl\/index.php?rest_route=%2Fwp%2Fv2%2Fmedia&parent=2389"}],"wp:term":[{"taxonomy":"category","embeddable":true,"href":"https:\/\/parafiakrywald.pl\/index.php?rest_route=%2Fwp%2Fv2%2Fcategories&post=2389"},{"taxonomy":"post_tag","embeddable":true,"href":"https:\/\/parafiakrywald.pl\/index.php?rest_route=%2Fwp%2Fv2%2Ftags&post=2389"}],"curies":[{"name":"wp","href":"https:\/\/api.w.org\/{rel}","templated":true}]}}