{"id":2415,"date":"2023-12-30T18:03:19","date_gmt":"2023-12-30T17:03:19","guid":{"rendered":"http:\/\/parafiakrywald.pl\/?p=2415"},"modified":"2024-01-01T20:30:21","modified_gmt":"2024-01-01T19:30:21","slug":"koledowanie-na-feliksowce-2","status":"publish","type":"post","link":"https:\/\/parafiakrywald.pl\/?p=2415","title":{"rendered":"Kol\u0119dowanie na Feliks\u00f3wce"},"content":{"rendered":"\t\t<div data-elementor-type=\"wp-post\" data-elementor-id=\"2415\" class=\"elementor elementor-2415\">\n\t\t\t\t\t\t<section class=\"elementor-section elementor-top-section elementor-element elementor-element-6effd4eb elementor-section-boxed elementor-section-height-default elementor-section-height-default\" data-id=\"6effd4eb\" data-element_type=\"section\">\n\t\t\t\t\t\t<div class=\"elementor-container elementor-column-gap-default\">\n\t\t\t\t\t<div class=\"elementor-column elementor-col-100 elementor-top-column elementor-element elementor-element-2a7c8ed9\" data-id=\"2a7c8ed9\" data-element_type=\"column\">\n\t\t\t<div class=\"elementor-widget-wrap elementor-element-populated\">\n\t\t\t\t\t\t<div class=\"elementor-element elementor-element-e6262cf elementor-widget elementor-widget-text-editor\" data-id=\"e6262cf\" data-element_type=\"widget\" data-widget_type=\"text-editor.default\">\n\t\t\t\t<div class=\"elementor-widget-container\">\n\t\t\t\t\t\t\t<h3 style=\"text-align: center;\"><span style=\"color: #000000;\">29 grudnia odby\u0142o si\u0119 \u201eKol\u0119dowanie na Feliks\u00f3wce\u201d.<\/span><\/h3>\n<h3 style=\"text-align: center;\"><span style=\"color: #000000;\"> Wiele Parafian i Go\u015bci pozytywnie odpowiedzia\u0142o na zaproszenie, by wsp\u00f3lnie przy akompaniamencie gitary i ognisku spotka\u0107 si\u0119, by kol\u0119dowa\u0107. Nie zabrak\u0142o ciep\u0142ej herbaty oraz dar\u00f3w sto\u0142u, przyniesionych spontanicznie przez naszych Go\u015bci. Dzi\u0119kujemy wszystkim, kt\u00f3rzy przyczynili si\u0119 do zorganizowania kol\u0119dowego spotkania oraz wszystkim wpieraj\u0105cych to miejsce. \u00a0Zdj\u0119cia wykona\u0142 pan Krzysztof, kt\u00f3remu r\u00f3wnie\u017c bardzo dzi\u0119kujemy. <\/span><\/h3>\t\t\t\t\t\t<\/div>\n\t\t\t\t<\/div>\n\t\t\t\t<div class=\"elementor-element elementor-element-24a596ab elementor-widget elementor-widget-text-editor\" data-id=\"24a596ab\" data-element_type=\"widget\" data-widget_type=\"text-editor.default\">\n\t\t\t\t<div class=\"elementor-widget-container\">\n\t\t\t\t\t\t\t<!-- wp:gallery {\"linkTo\":\"none\"} -->\n<figure class=\"wp-block-gallery has-nested-images columns-default is-cropped\"><\/figure>\n<!-- \/wp:gallery -->\t\t\t\t\t\t<\/div>\n\t\t\t\t<\/div>\n\t\t\t\t\t<\/div>\n\t\t<\/div>\n\t\t\t\t\t<\/div>\n\t\t<\/section>\n\t\t\t\t<section class=\"elementor-section elementor-top-section elementor-element elementor-element-d0654ac elementor-section-boxed elementor-section-height-default elementor-section-height-default\" data-id=\"d0654ac\" data-element_type=\"section\">\n\t\t\t\t\t\t<div class=\"elementor-container elementor-column-gap-default\">\n\t\t\t\t\t<div class=\"elementor-column elementor-col-100 elementor-top-column elementor-element elementor-element-8a0ceef\" data-id=\"8a0ceef\" data-element_type=\"column\">\n\t\t\t<div class=\"elementor-widget-wrap elementor-element-populated\">\n\t\t\t\t\t\t<div class=\"elementor-element elementor-element-7992775 gallery-spacing-custom elementor-widget elementor-widget-image-gallery\" data-id=\"7992775\" data-element_type=\"widget\" data-widget_type=\"image-gallery.default\">\n\t\t\t\t<div class=\"elementor-widget-container\">\n\t\t\t\t\t<div class=\"elementor-image-gallery\">\n\t\t\t<div id='gallery-1' class='gallery galleryid-2415 gallery-columns-4 gallery-size-medium'><figure class='gallery-item'>\n\t\t\t<div class='gallery-icon landscape'>\n\t\t\t\t<a data-elementor-open-lightbox=\"yes\" data-elementor-lightbox-slideshow=\"7992775\" data-elementor-lightbox-title=\"k2\" data-e-action-hash=\"#elementor-action%3Aaction%3Dlightbox%26settings%3DeyJpZCI6MjQxOCwidXJsIjoiaHR0cHM6XC9cL3BhcmFmaWFrcnl3YWxkLnBsXC93cC1jb250ZW50XC91cGxvYWRzXC8yMDI0XC8wMVwvazIuanBnIiwic2xpZGVzaG93IjoiNzk5Mjc3NSJ9\" href='https:\/\/parafiakrywald.pl\/wp-content\/uploads\/2024\/01\/k2.jpg'><img fetchpriority=\"high\" decoding=\"async\" width=\"300\" height=\"200\" src=\"https:\/\/parafiakrywald.pl\/wp-content\/uploads\/2024\/01\/k2-300x200.jpg\" class=\"attachment-medium size-medium\" alt=\"\" srcset=\"https:\/\/parafiakrywald.pl\/wp-content\/uploads\/2024\/01\/k2-300x200.jpg 300w, https:\/\/parafiakrywald.pl\/wp-content\/uploads\/2024\/01\/k2-1024x683.jpg 1024w, https:\/\/parafiakrywald.pl\/wp-content\/uploads\/2024\/01\/k2-768x512.jpg 768w, https:\/\/parafiakrywald.pl\/wp-content\/uploads\/2024\/01\/k2-1536x1024.jpg 1536w, https:\/\/parafiakrywald.pl\/wp-content\/uploads\/2024\/01\/k2.jpg 1800w\" sizes=\"(max-width: 300px) 100vw, 300px\" \/><\/a>\n\t\t\t<\/div><\/figure><figure class='gallery-item'>\n\t\t\t<div class='gallery-icon landscape'>\n\t\t\t\t<a data-elementor-open-lightbox=\"yes\" data-elementor-lightbox-slideshow=\"7992775\" data-elementor-lightbox-title=\"k3\" data-e-action-hash=\"#elementor-action%3Aaction%3Dlightbox%26settings%3DeyJpZCI6MjQxOSwidXJsIjoiaHR0cHM6XC9cL3BhcmFmaWFrcnl3YWxkLnBsXC93cC1jb250ZW50XC91cGxvYWRzXC8yMDI0XC8wMVwvazMuanBnIiwic2xpZGVzaG93IjoiNzk5Mjc3NSJ9\" href='https:\/\/parafiakrywald.pl\/wp-content\/uploads\/2024\/01\/k3.jpg'><img decoding=\"async\" width=\"300\" height=\"200\" src=\"https:\/\/parafiakrywald.pl\/wp-content\/uploads\/2024\/01\/k3-300x200.jpg\" class=\"attachment-medium size-medium\" alt=\"\" srcset=\"https:\/\/parafiakrywald.pl\/wp-content\/uploads\/2024\/01\/k3-300x200.jpg 300w, https:\/\/parafiakrywald.pl\/wp-content\/uploads\/2024\/01\/k3-1024x683.jpg 1024w, https:\/\/parafiakrywald.pl\/wp-content\/uploads\/2024\/01\/k3-768x512.jpg 768w, https:\/\/parafiakrywald.pl\/wp-content\/uploads\/2024\/01\/k3-1536x1024.jpg 1536w, https:\/\/parafiakrywald.pl\/wp-content\/uploads\/2024\/01\/k3.jpg 1800w\" sizes=\"(max-width: 300px) 100vw, 300px\" \/><\/a>\n\t\t\t<\/div><\/figure><figure class='gallery-item'>\n\t\t\t<div class='gallery-icon landscape'>\n\t\t\t\t<a data-elementor-open-lightbox=\"yes\" data-elementor-lightbox-slideshow=\"7992775\" data-elementor-lightbox-title=\"k4\" data-e-action-hash=\"#elementor-action%3Aaction%3Dlightbox%26settings%3DeyJpZCI6MjQyMCwidXJsIjoiaHR0cHM6XC9cL3BhcmFmaWFrcnl3YWxkLnBsXC93cC1jb250ZW50XC91cGxvYWRzXC8yMDI0XC8wMVwvazQuanBnIiwic2xpZGVzaG93IjoiNzk5Mjc3NSJ9\" href='https:\/\/parafiakrywald.pl\/wp-content\/uploads\/2024\/01\/k4.jpg'><img decoding=\"async\" width=\"300\" height=\"200\" src=\"https:\/\/parafiakrywald.pl\/wp-content\/uploads\/2024\/01\/k4-300x200.jpg\" class=\"attachment-medium size-medium\" alt=\"\" srcset=\"https:\/\/parafiakrywald.pl\/wp-content\/uploads\/2024\/01\/k4-300x200.jpg 300w, https:\/\/parafiakrywald.pl\/wp-content\/uploads\/2024\/01\/k4-1024x683.jpg 1024w, https:\/\/parafiakrywald.pl\/wp-content\/uploads\/2024\/01\/k4-768x512.jpg 768w, https:\/\/parafiakrywald.pl\/wp-content\/uploads\/2024\/01\/k4-1536x1024.jpg 1536w, https:\/\/parafiakrywald.pl\/wp-content\/uploads\/2024\/01\/k4.jpg 1800w\" sizes=\"(max-width: 300px) 100vw, 300px\" \/><\/a>\n\t\t\t<\/div><\/figure><figure class='gallery-item'>\n\t\t\t<div class='gallery-icon landscape'>\n\t\t\t\t<a data-elementor-open-lightbox=\"yes\" data-elementor-lightbox-slideshow=\"7992775\" data-elementor-lightbox-title=\"k5\" data-e-action-hash=\"#elementor-action%3Aaction%3Dlightbox%26settings%3DeyJpZCI6MjQyMSwidXJsIjoiaHR0cHM6XC9cL3BhcmFmaWFrcnl3YWxkLnBsXC93cC1jb250ZW50XC91cGxvYWRzXC8yMDI0XC8wMVwvazUuanBnIiwic2xpZGVzaG93IjoiNzk5Mjc3NSJ9\" href='https:\/\/parafiakrywald.pl\/wp-content\/uploads\/2024\/01\/k5.jpg'><img loading=\"lazy\" decoding=\"async\" width=\"300\" height=\"200\" src=\"https:\/\/parafiakrywald.pl\/wp-content\/uploads\/2024\/01\/k5-300x200.jpg\" class=\"attachment-medium size-medium\" alt=\"\" srcset=\"https:\/\/parafiakrywald.pl\/wp-content\/uploads\/2024\/01\/k5-300x200.jpg 300w, https:\/\/parafiakrywald.pl\/wp-content\/uploads\/2024\/01\/k5-1024x683.jpg 1024w, https:\/\/parafiakrywald.pl\/wp-content\/uploads\/2024\/01\/k5-768x512.jpg 768w, https:\/\/parafiakrywald.pl\/wp-content\/uploads\/2024\/01\/k5-1536x1024.jpg 1536w, https:\/\/parafiakrywald.pl\/wp-content\/uploads\/2024\/01\/k5.jpg 1800w\" sizes=\"(max-width: 300px) 100vw, 300px\" \/><\/a>\n\t\t\t<\/div><\/figure><figure class='gallery-item'>\n\t\t\t<div class='gallery-icon landscape'>\n\t\t\t\t<a data-elementor-open-lightbox=\"yes\" data-elementor-lightbox-slideshow=\"7992775\" data-elementor-lightbox-title=\"k6\" data-e-action-hash=\"#elementor-action%3Aaction%3Dlightbox%26settings%3DeyJpZCI6MjQyMiwidXJsIjoiaHR0cHM6XC9cL3BhcmFmaWFrcnl3YWxkLnBsXC93cC1jb250ZW50XC91cGxvYWRzXC8yMDI0XC8wMVwvazYuanBnIiwic2xpZGVzaG93IjoiNzk5Mjc3NSJ9\" href='https:\/\/parafiakrywald.pl\/wp-content\/uploads\/2024\/01\/k6.jpg'><img loading=\"lazy\" decoding=\"async\" width=\"300\" height=\"200\" src=\"https:\/\/parafiakrywald.pl\/wp-content\/uploads\/2024\/01\/k6-300x200.jpg\" class=\"attachment-medium size-medium\" alt=\"\" srcset=\"https:\/\/parafiakrywald.pl\/wp-content\/uploads\/2024\/01\/k6-300x200.jpg 300w, https:\/\/parafiakrywald.pl\/wp-content\/uploads\/2024\/01\/k6-1024x683.jpg 1024w, https:\/\/parafiakrywald.pl\/wp-content\/uploads\/2024\/01\/k6-768x512.jpg 768w, https:\/\/parafiakrywald.pl\/wp-content\/uploads\/2024\/01\/k6-1536x1024.jpg 1536w, https:\/\/parafiakrywald.pl\/wp-content\/uploads\/2024\/01\/k6.jpg 1800w\" sizes=\"(max-width: 300px) 100vw, 300px\" \/><\/a>\n\t\t\t<\/div><\/figure><figure class='gallery-item'>\n\t\t\t<div class='gallery-icon landscape'>\n\t\t\t\t<a data-elementor-open-lightbox=\"yes\" data-elementor-lightbox-slideshow=\"7992775\" data-elementor-lightbox-title=\"k7\" data-e-action-hash=\"#elementor-action%3Aaction%3Dlightbox%26settings%3DeyJpZCI6MjQyMywidXJsIjoiaHR0cHM6XC9cL3BhcmFmaWFrcnl3YWxkLnBsXC93cC1jb250ZW50XC91cGxvYWRzXC8yMDI0XC8wMVwvazcuanBnIiwic2xpZGVzaG93IjoiNzk5Mjc3NSJ9\" href='https:\/\/parafiakrywald.pl\/wp-content\/uploads\/2024\/01\/k7.jpg'><img loading=\"lazy\" decoding=\"async\" width=\"300\" height=\"200\" src=\"https:\/\/parafiakrywald.pl\/wp-content\/uploads\/2024\/01\/k7-300x200.jpg\" class=\"attachment-medium size-medium\" alt=\"\" srcset=\"https:\/\/parafiakrywald.pl\/wp-content\/uploads\/2024\/01\/k7-300x200.jpg 300w, https:\/\/parafiakrywald.pl\/wp-content\/uploads\/2024\/01\/k7-1024x683.jpg 1024w, https:\/\/parafiakrywald.pl\/wp-content\/uploads\/2024\/01\/k7-768x512.jpg 768w, https:\/\/parafiakrywald.pl\/wp-content\/uploads\/2024\/01\/k7-1536x1024.jpg 1536w, https:\/\/parafiakrywald.pl\/wp-content\/uploads\/2024\/01\/k7.jpg 1800w\" sizes=\"(max-width: 300px) 100vw, 300px\" \/><\/a>\n\t\t\t<\/div><\/figure><figure class='gallery-item'>\n\t\t\t<div class='gallery-icon landscape'>\n\t\t\t\t<a data-elementor-open-lightbox=\"yes\" data-elementor-lightbox-slideshow=\"7992775\" data-elementor-lightbox-title=\"k8\" data-e-action-hash=\"#elementor-action%3Aaction%3Dlightbox%26settings%3DeyJpZCI6MjQyNCwidXJsIjoiaHR0cHM6XC9cL3BhcmFmaWFrcnl3YWxkLnBsXC93cC1jb250ZW50XC91cGxvYWRzXC8yMDI0XC8wMVwvazguanBnIiwic2xpZGVzaG93IjoiNzk5Mjc3NSJ9\" href='https:\/\/parafiakrywald.pl\/wp-content\/uploads\/2024\/01\/k8.jpg'><img loading=\"lazy\" decoding=\"async\" width=\"300\" height=\"200\" src=\"https:\/\/parafiakrywald.pl\/wp-content\/uploads\/2024\/01\/k8-300x200.jpg\" class=\"attachment-medium size-medium\" alt=\"\" srcset=\"https:\/\/parafiakrywald.pl\/wp-content\/uploads\/2024\/01\/k8-300x200.jpg 300w, https:\/\/parafiakrywald.pl\/wp-content\/uploads\/2024\/01\/k8-1024x683.jpg 1024w, https:\/\/parafiakrywald.pl\/wp-content\/uploads\/2024\/01\/k8-768x512.jpg 768w, https:\/\/parafiakrywald.pl\/wp-content\/uploads\/2024\/01\/k8-1536x1024.jpg 1536w, https:\/\/parafiakrywald.pl\/wp-content\/uploads\/2024\/01\/k8.jpg 1800w\" sizes=\"(max-width: 300px) 100vw, 300px\" \/><\/a>\n\t\t\t<\/div><\/figure><figure class='gallery-item'>\n\t\t\t<div class='gallery-icon landscape'>\n\t\t\t\t<a data-elementor-open-lightbox=\"yes\" data-elementor-lightbox-slideshow=\"7992775\" data-elementor-lightbox-title=\"k9\" data-e-action-hash=\"#elementor-action%3Aaction%3Dlightbox%26settings%3DeyJpZCI6MjQyNSwidXJsIjoiaHR0cHM6XC9cL3BhcmFmaWFrcnl3YWxkLnBsXC93cC1jb250ZW50XC91cGxvYWRzXC8yMDI0XC8wMVwvazkuanBnIiwic2xpZGVzaG93IjoiNzk5Mjc3NSJ9\" href='https:\/\/parafiakrywald.pl\/wp-content\/uploads\/2024\/01\/k9.jpg'><img loading=\"lazy\" decoding=\"async\" width=\"300\" height=\"200\" src=\"https:\/\/parafiakrywald.pl\/wp-content\/uploads\/2024\/01\/k9-300x200.jpg\" class=\"attachment-medium size-medium\" alt=\"\" srcset=\"https:\/\/parafiakrywald.pl\/wp-content\/uploads\/2024\/01\/k9-300x200.jpg 300w, https:\/\/parafiakrywald.pl\/wp-content\/uploads\/2024\/01\/k9-1024x683.jpg 1024w, https:\/\/parafiakrywald.pl\/wp-content\/uploads\/2024\/01\/k9-768x512.jpg 768w, https:\/\/parafiakrywald.pl\/wp-content\/uploads\/2024\/01\/k9-1536x1024.jpg 1536w, https:\/\/parafiakrywald.pl\/wp-content\/uploads\/2024\/01\/k9.jpg 1800w\" sizes=\"(max-width: 300px) 100vw, 300px\" \/><\/a>\n\t\t\t<\/div><\/figure>\n\t\t<\/div>\n\t\t<\/div>\n\t\t\t\t<\/div>\n\t\t\t\t<\/div>\n\t\t\t\t<div class=\"elementor-element elementor-element-27ca139 elementor-widget elementor-widget-text-editor\" data-id=\"27ca139\" data-element_type=\"widget\" data-widget_type=\"text-editor.default\">\n\t\t\t\t<div class=\"elementor-widget-container\">\n\t\t\t\t\t\t\t<p>Lorem ipsum dolor sit amet, consectetur adipiscing elit. Ut elit tellus, luctus nec ullamcorper mattis, pulvinar dapibus leo.<\/p>\t\t\t\t\t\t<\/div>\n\t\t\t\t<\/div>\n\t\t\t\t\t<\/div>\n\t\t<\/div>\n\t\t\t\t\t<\/div>\n\t\t<\/section>\n\t\t\t\t<\/div>\n\t\t","protected":false},"excerpt":{"rendered":"<p>29 grudnia odby\u0142o si\u0119 \u201eKol\u0119dowanie na Feliks\u00f3wce\u201d. Wiele Parafian i Go\u015bci pozytywnie odpowiedzia\u0142o na zaproszenie, by wsp\u00f3lnie przy akompaniamencie gitary i ognisku spotka\u0107 si\u0119, by kol\u0119dowa\u0107. Nie zabrak\u0142o ciep\u0142ej herbaty oraz dar\u00f3w sto\u0142u, przyniesionych spontanicznie przez naszych Go\u015bci. Dzi\u0119kujemy wszystkim, kt\u00f3rzy przyczynili si\u0119 do zorganizowania kol\u0119dowego spotkania oraz wszystkim wpieraj\u0105cych to miejsce. \u00a0Zdj\u0119cia wykona\u0142 pan [&hellip;]<\/p>\n","protected":false},"author":1,"featured_media":2416,"comment_status":"open","ping_status":"open","sticky":false,"template":"","format":"gallery","meta":{"site-sidebar-layout":"default","site-content-layout":"","ast-site-content-layout":"default","site-content-style":"default","site-sidebar-style":"default","ast-global-header-display":"","ast-banner-title-visibility":"","ast-main-header-display":"","ast-hfb-above-header-display":"","ast-hfb-below-header-display":"","ast-hfb-mobile-header-display":"","site-post-title":"","ast-breadcrumbs-content":"","ast-featured-img":"","footer-sml-layout":"","theme-transparent-header-meta":"","adv-header-id-meta":"","stick-header-meta":"","header-above-stick-meta":"","header-main-stick-meta":"","header-below-stick-meta":"","astra-migrate-meta-layouts":"set","ast-page-background-enabled":"default","ast-page-background-meta":{"desktop":{"background-color":"","background-image":"","background-repeat":"repeat","background-position":"center center","background-size":"auto","background-attachment":"scroll","background-type":"","background-media":"","overlay-type":"","overlay-color":"","overlay-opacity":"","overlay-gradient":""},"tablet":{"background-color":"","background-image":"","background-repeat":"repeat","background-position":"center center","background-size":"auto","background-attachment":"scroll","background-type":"","background-media":"","overlay-type":"","overlay-color":"","overlay-opacity":"","overlay-gradient":""},"mobile":{"background-color":"","background-image":"","background-repeat":"repeat","background-position":"center center","background-size":"auto","background-attachment":"scroll","background-type":"","background-media":"","overlay-type":"","overlay-color":"","overlay-opacity":"","overlay-gradient":""}},"ast-content-background-meta":{"desktop":{"background-color":"var(--ast-global-color-5)","background-image":"","background-repeat":"repeat","background-position":"center center","background-size":"auto","background-attachment":"scroll","background-type":"","background-media":"","overlay-type":"","overlay-color":"","overlay-opacity":"","overlay-gradient":""},"tablet":{"background-color":"var(--ast-global-color-5)","background-image":"","background-repeat":"repeat","background-position":"center center","background-size":"auto","background-attachment":"scroll","background-type":"","background-media":"","overlay-type":"","overlay-color":"","overlay-opacity":"","overlay-gradient":""},"mobile":{"background-color":"var(--ast-global-color-5)","background-image":"","background-repeat":"repeat","background-position":"center center","background-size":"auto","background-attachment":"scroll","background-type":"","background-media":"","overlay-type":"","overlay-color":"","overlay-opacity":"","overlay-gradient":""}},"footnotes":""},"categories":[1],"tags":[],"class_list":["post-2415","post","type-post","status-publish","format-gallery","has-post-thumbnail","hentry","category-bez-kategorii","post_format-post-format-gallery"],"_links":{"self":[{"href":"https:\/\/parafiakrywald.pl\/index.php?rest_route=\/wp\/v2\/posts\/2415","targetHints":{"allow":["GET"]}}],"collection":[{"href":"https:\/\/parafiakrywald.pl\/index.php?rest_route=\/wp\/v2\/posts"}],"about":[{"href":"https:\/\/parafiakrywald.pl\/index.php?rest_route=\/wp\/v2\/types\/post"}],"author":[{"embeddable":true,"href":"https:\/\/parafiakrywald.pl\/index.php?rest_route=\/wp\/v2\/users\/1"}],"replies":[{"embeddable":true,"href":"https:\/\/parafiakrywald.pl\/index.php?rest_route=%2Fwp%2Fv2%2Fcomments&post=2415"}],"version-history":[{"count":16,"href":"https:\/\/parafiakrywald.pl\/index.php?rest_route=\/wp\/v2\/posts\/2415\/revisions"}],"predecessor-version":[{"id":2458,"href":"https:\/\/parafiakrywald.pl\/index.php?rest_route=\/wp\/v2\/posts\/2415\/revisions\/2458"}],"wp:featuredmedia":[{"embeddable":true,"href":"https:\/\/parafiakrywald.pl\/index.php?rest_route=\/wp\/v2\/media\/2416"}],"wp:attachment":[{"href":"https:\/\/parafiakrywald.pl\/index.php?rest_route=%2Fwp%2Fv2%2Fmedia&parent=2415"}],"wp:term":[{"taxonomy":"category","embeddable":true,"href":"https:\/\/parafiakrywald.pl\/index.php?rest_route=%2Fwp%2Fv2%2Fcategories&post=2415"},{"taxonomy":"post_tag","embeddable":true,"href":"https:\/\/parafiakrywald.pl\/index.php?rest_route=%2Fwp%2Fv2%2Ftags&post=2415"}],"curies":[{"name":"wp","href":"https:\/\/api.w.org\/{rel}","templated":true}]}}