{"id":2494,"date":"2024-03-02T15:18:18","date_gmt":"2024-03-02T14:18:18","guid":{"rendered":"https:\/\/parafiakrywald.pl\/?p=2494"},"modified":"2024-03-02T21:20:59","modified_gmt":"2024-03-02T20:20:59","slug":"wizytacja-kanoniczna-ks-biskupa-grzegorza","status":"publish","type":"post","link":"https:\/\/parafiakrywald.pl\/?p=2494","title":{"rendered":"Wizytacja kanoniczna ks. biskupa Grzegorza Olszowskiego"},"content":{"rendered":"\t\t<div data-elementor-type=\"wp-post\" data-elementor-id=\"2494\" class=\"elementor elementor-2494\">\n\t\t\t\t\t\t<section class=\"elementor-section elementor-top-section elementor-element elementor-element-4e6ae8ba elementor-section-boxed elementor-section-height-default elementor-section-height-default\" data-id=\"4e6ae8ba\" data-element_type=\"section\">\n\t\t\t\t\t\t<div class=\"elementor-container elementor-column-gap-default\">\n\t\t\t\t\t<div class=\"elementor-column elementor-col-100 elementor-top-column elementor-element elementor-element-5b792e9a\" data-id=\"5b792e9a\" data-element_type=\"column\">\n\t\t\t<div class=\"elementor-widget-wrap elementor-element-populated\">\n\t\t\t\t\t\t<div class=\"elementor-element elementor-element-6f6af99a elementor-widget elementor-widget-text-editor\" data-id=\"6f6af99a\" data-element_type=\"widget\" data-widget_type=\"text-editor.default\">\n\t\t\t\t<div class=\"elementor-widget-container\">\n\t\t\t\t\t\t\t<!-- wp:gallery {\"linkTo\":\"none\"} -->\n<figure class=\"wp-block-gallery has-nested-images columns-default is-cropped\"><\/figure>\n<!-- \/wp:gallery -->\t\t\t\t\t\t<\/div>\n\t\t\t\t<\/div>\n\t\t\t\t\t<\/div>\n\t\t<\/div>\n\t\t\t\t\t<\/div>\n\t\t<\/section>\n\t\t\t\t<section class=\"elementor-section elementor-top-section elementor-element elementor-element-9373237 elementor-section-boxed elementor-section-height-default elementor-section-height-default\" data-id=\"9373237\" data-element_type=\"section\">\n\t\t\t\t\t\t<div class=\"elementor-container elementor-column-gap-default\">\n\t\t\t\t\t<div class=\"elementor-column elementor-col-100 elementor-top-column elementor-element elementor-element-fa1b89d\" data-id=\"fa1b89d\" data-element_type=\"column\">\n\t\t\t<div class=\"elementor-widget-wrap elementor-element-populated\">\n\t\t\t\t\t\t<div class=\"elementor-element elementor-element-32e81ae elementor-widget elementor-widget-text-editor\" data-id=\"32e81ae\" data-element_type=\"widget\" data-widget_type=\"text-editor.default\">\n\t\t\t\t<div class=\"elementor-widget-container\">\n\t\t\t\t\t\t\t<h2 style=\"text-align: center;\"><span style=\"color: #000000;\"><strong>Plan wizytacji kanonicznej<br \/>ksi\u0119dza biskupa Grzegorza Olszowskiego <\/strong><\/span><br \/><span style=\"color: #000000;\"><strong><br \/>15 marca \u2013 pi\u0105tek<\/strong><\/span><\/h2>\n<p>\u00a0<\/p>\n<p><span style=\"color: #000000;\">godz. 14:30 \u2013 Spotkanie z pracownikami ZSP w Krywa\u0142dzie<\/span><\/p>\n<p><span style=\"color: #000000;\">godz. 15:30 \u2013 Wizytacja kancelarii parafialnej<\/span><\/p>\n<p><span style=\"color: #000000;\">godz. 16:15 \u2013 Spotkanie z ksi\u0119\u017cmi dekanatu Knur\u00f3w<\/span><\/p>\n<p><span style=\"color: #000000;\">godz. 17:00 \u2013 Liturgiczne powitanie ksi\u0119dza biskupa Grzegorza i Msza \u015awi\u0119ta<\/span><\/p>\n<p><span style=\"color: #000000;\">godz. 18:00 \u2013 Droga Krzy\u017cowa<\/span><\/p>\n<h2 style=\"text-align: center;\"><span style=\"color: #000000;\"><strong>16 marca \u2013 sobota: <\/strong><\/span><\/h2>\n<p>\u00a0<\/p>\n<p><span style=\"color: #000000;\">godz. 14:30 \u2013 Spotkanie <\/span><span style=\"color: #000000;\">z dzie\u0107mi i m\u0142odzie\u017c\u0105<\/span><\/p>\n<p><span style=\"color: #000000;\">godz. 15:00 \u2013 Spotkanie <\/span><span style=\"color: #000000;\">z Parafialn\u0105 Rad\u0105 Duszpastersk\u0105<\/span><\/p>\n<p><span style=\"color: #000000;\">godz. 16:00 \u2013 Spotkanie <\/span><span style=\"color: #000000;\">z grupami doros\u0142ych <\/span><span style=\"color: #000000;\">i cz\u0142onkami Klubu Emeryt\u00f3w<\/span><\/p>\n<p><span style=\"color: #000000;\">godz. 16:30 \u2013 Adoracja Naj\u015bwi\u0119tszego Sakramentu<\/span><\/p>\n<p><span style=\"color: #000000;\">godz. 17:00 \u2013 Msza \u015awi\u0119ta \u00a0<\/span><\/p>\n<h2 style=\"text-align: center;\"><span style=\"color: #000000;\"><strong>17 marca \u2013 niedziela<\/strong>:<\/span><\/h2>\n<p>\u00a0<\/p>\n<p><span style=\"color: #000000;\">godz. 7:30 \u2013 Msza \u015awi\u0119ta z udzia\u0142em os\u00f3b chorych i starszych<\/span><\/p>\n<p><span style=\"color: #000000;\">godz. 10:00 \u2013 Msza \u015awi\u0119ta z b\u0142ogos\u0142awie\u0144stwem rodzic\u00f3w <\/span><span style=\"color: #000000;\">i dzieci<\/span><\/p>\t\t\t\t\t\t<\/div>\n\t\t\t\t<\/div>\n\t\t\t\t\t<\/div>\n\t\t<\/div>\n\t\t\t\t\t<\/div>\n\t\t<\/section>\n\t\t\t\t<\/div>\n\t\t","protected":false},"excerpt":{"rendered":"<p>Plan wizytacji kanonicznejksi\u0119dza biskupa Grzegorza Olszowskiego 15 marca \u2013 pi\u0105tek \u00a0 godz. 14:30 \u2013 Spotkanie z pracownikami ZSP w Krywa\u0142dzie godz. 15:30 \u2013 Wizytacja kancelarii parafialnej godz. 16:15 \u2013 Spotkanie z ksi\u0119\u017cmi dekanatu Knur\u00f3w godz. 17:00 \u2013 Liturgiczne powitanie ksi\u0119dza biskupa Grzegorza i Msza \u015awi\u0119ta godz. 18:00 \u2013 Droga Krzy\u017cowa 16 marca \u2013 sobota: \u00a0 [&hellip;]<\/p>\n","protected":false},"author":1,"featured_media":2102,"comment_status":"open","ping_status":"open","sticky":false,"template":"","format":"gallery","meta":{"site-sidebar-layout":"default","site-content-layout":"","ast-site-content-layout":"default","site-content-style":"default","site-sidebar-style":"default","ast-global-header-display":"","ast-banner-title-visibility":"","ast-main-header-display":"","ast-hfb-above-header-display":"","ast-hfb-below-header-display":"","ast-hfb-mobile-header-display":"","site-post-title":"","ast-breadcrumbs-content":"","ast-featured-img":"","footer-sml-layout":"","theme-transparent-header-meta":"","adv-header-id-meta":"","stick-header-meta":"","header-above-stick-meta":"","header-main-stick-meta":"","header-below-stick-meta":"","astra-migrate-meta-layouts":"set","ast-page-background-enabled":"default","ast-page-background-meta":{"desktop":{"background-color":"","background-image":"","background-repeat":"repeat","background-position":"center center","background-size":"auto","background-attachment":"scroll","background-type":"","background-media":"","overlay-type":"","overlay-color":"","overlay-opacity":"","overlay-gradient":""},"tablet":{"background-color":"","background-image":"","background-repeat":"repeat","background-position":"center center","background-size":"auto","background-attachment":"scroll","background-type":"","background-media":"","overlay-type":"","overlay-color":"","overlay-opacity":"","overlay-gradient":""},"mobile":{"background-color":"","background-image":"","background-repeat":"repeat","background-position":"center center","background-size":"auto","background-attachment":"scroll","background-type":"","background-media":"","overlay-type":"","overlay-color":"","overlay-opacity":"","overlay-gradient":""}},"ast-content-background-meta":{"desktop":{"background-color":"var(--ast-global-color-5)","background-image":"","background-repeat":"repeat","background-position":"center center","background-size":"auto","background-attachment":"scroll","background-type":"","background-media":"","overlay-type":"","overlay-color":"","overlay-opacity":"","overlay-gradient":""},"tablet":{"background-color":"var(--ast-global-color-5)","background-image":"","background-repeat":"repeat","background-position":"center center","background-size":"auto","background-attachment":"scroll","background-type":"","background-media":"","overlay-type":"","overlay-color":"","overlay-opacity":"","overlay-gradient":""},"mobile":{"background-color":"var(--ast-global-color-5)","background-image":"","background-repeat":"repeat","background-position":"center center","background-size":"auto","background-attachment":"scroll","background-type":"","background-media":"","overlay-type":"","overlay-color":"","overlay-opacity":"","overlay-gradient":""}},"footnotes":""},"categories":[1],"tags":[],"class_list":["post-2494","post","type-post","status-publish","format-gallery","has-post-thumbnail","hentry","category-bez-kategorii","post_format-post-format-gallery"],"_links":{"self":[{"href":"https:\/\/parafiakrywald.pl\/index.php?rest_route=\/wp\/v2\/posts\/2494","targetHints":{"allow":["GET"]}}],"collection":[{"href":"https:\/\/parafiakrywald.pl\/index.php?rest_route=\/wp\/v2\/posts"}],"about":[{"href":"https:\/\/parafiakrywald.pl\/index.php?rest_route=\/wp\/v2\/types\/post"}],"author":[{"embeddable":true,"href":"https:\/\/parafiakrywald.pl\/index.php?rest_route=\/wp\/v2\/users\/1"}],"replies":[{"embeddable":true,"href":"https:\/\/parafiakrywald.pl\/index.php?rest_route=%2Fwp%2Fv2%2Fcomments&post=2494"}],"version-history":[{"count":11,"href":"https:\/\/parafiakrywald.pl\/index.php?rest_route=\/wp\/v2\/posts\/2494\/revisions"}],"predecessor-version":[{"id":2506,"href":"https:\/\/parafiakrywald.pl\/index.php?rest_route=\/wp\/v2\/posts\/2494\/revisions\/2506"}],"wp:featuredmedia":[{"embeddable":true,"href":"https:\/\/parafiakrywald.pl\/index.php?rest_route=\/wp\/v2\/media\/2102"}],"wp:attachment":[{"href":"https:\/\/parafiakrywald.pl\/index.php?rest_route=%2Fwp%2Fv2%2Fmedia&parent=2494"}],"wp:term":[{"taxonomy":"category","embeddable":true,"href":"https:\/\/parafiakrywald.pl\/index.php?rest_route=%2Fwp%2Fv2%2Fcategories&post=2494"},{"taxonomy":"post_tag","embeddable":true,"href":"https:\/\/parafiakrywald.pl\/index.php?rest_route=%2Fwp%2Fv2%2Ftags&post=2494"}],"curies":[{"name":"wp","href":"https:\/\/api.w.org\/{rel}","templated":true}]}}