{"id":2509,"date":"2024-03-17T17:59:16","date_gmt":"2024-03-17T16:59:16","guid":{"rendered":"https:\/\/parafiakrywald.pl\/?p=2509"},"modified":"2024-03-29T15:19:07","modified_gmt":"2024-03-29T14:19:07","slug":"wizytacja-kanoniczna","status":"publish","type":"post","link":"https:\/\/parafiakrywald.pl\/?p=2509","title":{"rendered":"Wizytacja Kanoniczna"},"content":{"rendered":"\t\t<div data-elementor-type=\"wp-post\" data-elementor-id=\"2509\" class=\"elementor elementor-2509\">\n\t\t\t\t\t\t<section class=\"elementor-section elementor-top-section elementor-element elementor-element-9b0f3c elementor-section-boxed elementor-section-height-default elementor-section-height-default\" data-id=\"9b0f3c\" data-element_type=\"section\">\n\t\t\t\t\t\t<div class=\"elementor-container elementor-column-gap-default\">\n\t\t\t\t\t<div class=\"elementor-column elementor-col-100 elementor-top-column elementor-element elementor-element-1031427e\" data-id=\"1031427e\" data-element_type=\"column\">\n\t\t\t<div class=\"elementor-widget-wrap elementor-element-populated\">\n\t\t\t\t\t\t<div class=\"elementor-element elementor-element-1e252b45 elementor-widget elementor-widget-text-editor\" data-id=\"1e252b45\" data-element_type=\"widget\" data-widget_type=\"text-editor.default\">\n\t\t\t\t<div class=\"elementor-widget-container\">\n\t\t\t\t\t\t\t<!-- wp:gallery {\"linkTo\":\"none\"} -->\n<figure class=\"wp-block-gallery has-nested-images columns-default is-cropped\">\n<h1 style=\"text-align: center;\"><em><span style=\"color: #800080;\"><strong>\u00a015 \u2013 17 marca 2024r.\u00a0<br \/>Wizytacja Kanoniczna ks. Biskupa Grzegorza Olszowskiego<br \/><\/strong><\/span><\/em><\/h1>\n<\/figure>\n<!-- \/wp:gallery -->\t\t\t\t\t\t<\/div>\n\t\t\t\t<\/div>\n\t\t\t\t\t<\/div>\n\t\t<\/div>\n\t\t\t\t\t<\/div>\n\t\t<\/section>\n\t\t\t\t<section class=\"elementor-section elementor-top-section elementor-element elementor-element-ca35f41 elementor-section-boxed elementor-section-height-default elementor-section-height-default\" data-id=\"ca35f41\" data-element_type=\"section\">\n\t\t\t\t\t\t<div class=\"elementor-container elementor-column-gap-default\">\n\t\t\t\t\t<div class=\"elementor-column elementor-col-100 elementor-top-column elementor-element elementor-element-0fc207e\" data-id=\"0fc207e\" data-element_type=\"column\">\n\t\t\t<div class=\"elementor-widget-wrap elementor-element-populated\">\n\t\t\t\t\t\t<div class=\"elementor-element elementor-element-76efa3d elementor-widget elementor-widget-text-editor\" data-id=\"76efa3d\" data-element_type=\"widget\" data-widget_type=\"text-editor.default\">\n\t\t\t\t<div class=\"elementor-widget-container\">\n\t\t\t\t\t\t\t<p><span style=\"color: #000000; font-style: inherit; font-weight: inherit; font-family: var( --e-global-typography-text-font-family ), Sans-serif; background-color: var(--ast-global-color-5);\">Pierwsze spotkanie odby\u0142o si\u0119 z pracownikami naszej szko\u0142y w Zespole Szkolno-Przedszkolnym nr 1 im. Feliksa Michalskiego, nast\u0119pnie kr\u00f3tka wizyta \u2013 spacer po krywa\u0142dzkiej Feliks\u00f3wce.<\/span><\/p>\n<p><span style=\"color: #000000;\">Kolejnym punktem by\u0142a wizytacja kancelarii parafialnej, po kt\u00f3rej nast\u0105pi\u0142o spotkanie z ksi\u0119\u017cmi dekanatu Knur\u00f3w.<\/span>\u00a0<\/p>\t\t\t\t\t\t<\/div>\n\t\t\t\t<\/div>\n\t\t\t\t<div class=\"elementor-element elementor-element-d6a1b50 elementor-widget elementor-widget-image\" data-id=\"d6a1b50\" data-element_type=\"widget\" data-widget_type=\"image.default\">\n\t\t\t\t<div class=\"elementor-widget-container\">\n\t\t\t\t\t\t\t\t\t\t\t\t\t<img fetchpriority=\"high\" decoding=\"async\" width=\"1024\" height=\"683\" src=\"https:\/\/parafiakrywald.pl\/wp-content\/uploads\/2024\/03\/6R2_9720-1024x683.jpg\" class=\"attachment-large size-large wp-image-2519\" alt=\"\" srcset=\"https:\/\/parafiakrywald.pl\/wp-content\/uploads\/2024\/03\/6R2_9720-1024x683.jpg 1024w, https:\/\/parafiakrywald.pl\/wp-content\/uploads\/2024\/03\/6R2_9720-300x200.jpg 300w, https:\/\/parafiakrywald.pl\/wp-content\/uploads\/2024\/03\/6R2_9720-768x512.jpg 768w, https:\/\/parafiakrywald.pl\/wp-content\/uploads\/2024\/03\/6R2_9720-1536x1024.jpg 1536w, https:\/\/parafiakrywald.pl\/wp-content\/uploads\/2024\/03\/6R2_9720-2048x1365.jpg 2048w\" sizes=\"(max-width: 1024px) 100vw, 1024px\" \/>\t\t\t\t\t\t\t\t\t\t\t\t\t<\/div>\n\t\t\t\t<\/div>\n\t\t\t\t<div class=\"elementor-element elementor-element-c9fcfcf elementor-widget elementor-widget-text-editor\" data-id=\"c9fcfcf\" data-element_type=\"widget\" data-widget_type=\"text-editor.default\">\n\t\t\t\t<div class=\"elementor-widget-container\">\n\t\t\t\t\t\t\t<p><span style=\"color: #000000;\">O godzinie 17:00 nast\u0105pi\u0142o uroczyste liturgiczne powitanie ksi\u0119dza Biskupa w naszej wsp\u00f3lnocie parafialnej.<\/span><\/p>\t\t\t\t\t\t<\/div>\n\t\t\t\t<\/div>\n\t\t\t\t\t<\/div>\n\t\t<\/div>\n\t\t\t\t\t<\/div>\n\t\t<\/section>\n\t\t\t\t<section class=\"elementor-section elementor-top-section elementor-element elementor-element-d3b5b06 elementor-section-boxed elementor-section-height-default elementor-section-height-default\" data-id=\"d3b5b06\" data-element_type=\"section\">\n\t\t\t\t\t\t<div class=\"elementor-container elementor-column-gap-default\">\n\t\t\t\t\t<div class=\"elementor-column elementor-col-100 elementor-top-column elementor-element elementor-element-11f79c8\" data-id=\"11f79c8\" data-element_type=\"column\">\n\t\t\t<div class=\"elementor-widget-wrap elementor-element-populated\">\n\t\t\t\t\t\t<div class=\"elementor-element elementor-element-dc9aa68 elementor-widget elementor-widget-image\" data-id=\"dc9aa68\" data-element_type=\"widget\" data-widget_type=\"image.default\">\n\t\t\t\t<div class=\"elementor-widget-container\">\n\t\t\t\t\t\t\t\t\t\t\t\t\t<img decoding=\"async\" width=\"1024\" height=\"683\" src=\"https:\/\/parafiakrywald.pl\/wp-content\/uploads\/2024\/03\/6R2_9724-1024x683.jpg\" class=\"attachment-large size-large wp-image-2516\" alt=\"\" srcset=\"https:\/\/parafiakrywald.pl\/wp-content\/uploads\/2024\/03\/6R2_9724-1024x683.jpg 1024w, https:\/\/parafiakrywald.pl\/wp-content\/uploads\/2024\/03\/6R2_9724-300x200.jpg 300w, https:\/\/parafiakrywald.pl\/wp-content\/uploads\/2024\/03\/6R2_9724-768x512.jpg 768w, https:\/\/parafiakrywald.pl\/wp-content\/uploads\/2024\/03\/6R2_9724-1536x1024.jpg 1536w, https:\/\/parafiakrywald.pl\/wp-content\/uploads\/2024\/03\/6R2_9724-2048x1365.jpg 2048w\" sizes=\"(max-width: 1024px) 100vw, 1024px\" \/>\t\t\t\t\t\t\t\t\t\t\t\t\t<\/div>\n\t\t\t\t<\/div>\n\t\t\t\t\t<\/div>\n\t\t<\/div>\n\t\t\t\t\t<\/div>\n\t\t<\/section>\n\t\t\t\t<section class=\"elementor-section elementor-top-section elementor-element elementor-element-65d61bd elementor-section-boxed elementor-section-height-default elementor-section-height-default\" data-id=\"65d61bd\" data-element_type=\"section\">\n\t\t\t\t\t\t<div class=\"elementor-container elementor-column-gap-default\">\n\t\t\t\t\t<div class=\"elementor-column elementor-col-100 elementor-top-column elementor-element elementor-element-2ab2a00\" data-id=\"2ab2a00\" data-element_type=\"column\">\n\t\t\t<div class=\"elementor-widget-wrap elementor-element-populated\">\n\t\t\t\t\t\t<div class=\"elementor-element elementor-element-437ca48 elementor-widget elementor-widget-text-editor\" data-id=\"437ca48\" data-element_type=\"widget\" data-widget_type=\"text-editor.default\">\n\t\t\t\t<div class=\"elementor-widget-container\">\n\t\t\t\t\t\t\t<p style=\"text-align: left;\"><span style=\"color: #000000;\">Powitanie przez przedstawiciela Parafialnej Rady Duszpasterskiej, kr\u00f3tkie sprawozdanie przez ksi\u0119dza Proboszcza Marka Kamie\u0144skiego oraz modlitwy przez wstawiennictwo patrona ko\u015bcio\u0142a \u015bwi\u0119tego Antoniego. <br \/>Nast\u0119pnie ksi\u0105dz Biskup sprawowa\u0142 Msz\u0119 \u015awi\u0119t\u0105 koncelebrowan\u0105 w intencji wszystkich Parafian.\u00a0<\/span><\/p>\t\t\t\t\t\t<\/div>\n\t\t\t\t<\/div>\n\t\t\t\t<div class=\"elementor-element elementor-element-0be0edb elementor-widget elementor-widget-image\" data-id=\"0be0edb\" data-element_type=\"widget\" data-widget_type=\"image.default\">\n\t\t\t\t<div class=\"elementor-widget-container\">\n\t\t\t\t\t\t\t\t\t\t\t\t\t<img decoding=\"async\" width=\"1024\" height=\"683\" src=\"https:\/\/parafiakrywald.pl\/wp-content\/uploads\/2024\/03\/6R2_9834-1024x683.jpg\" class=\"attachment-large size-large wp-image-2517\" alt=\"\" srcset=\"https:\/\/parafiakrywald.pl\/wp-content\/uploads\/2024\/03\/6R2_9834-1024x683.jpg 1024w, https:\/\/parafiakrywald.pl\/wp-content\/uploads\/2024\/03\/6R2_9834-300x200.jpg 300w, https:\/\/parafiakrywald.pl\/wp-content\/uploads\/2024\/03\/6R2_9834-768x512.jpg 768w, https:\/\/parafiakrywald.pl\/wp-content\/uploads\/2024\/03\/6R2_9834-1536x1024.jpg 1536w, https:\/\/parafiakrywald.pl\/wp-content\/uploads\/2024\/03\/6R2_9834-2048x1365.jpg 2048w\" sizes=\"(max-width: 1024px) 100vw, 1024px\" \/>\t\t\t\t\t\t\t\t\t\t\t\t\t<\/div>\n\t\t\t\t<\/div>\n\t\t\t\t<div class=\"elementor-element elementor-element-3779122 elementor-widget elementor-widget-image\" data-id=\"3779122\" data-element_type=\"widget\" data-widget_type=\"image.default\">\n\t\t\t\t<div class=\"elementor-widget-container\">\n\t\t\t\t\t\t\t\t\t\t\t\t\t<img loading=\"lazy\" decoding=\"async\" width=\"1024\" height=\"683\" src=\"https:\/\/parafiakrywald.pl\/wp-content\/uploads\/2024\/03\/6R2_9775-1024x683.jpg\" class=\"attachment-large size-large wp-image-2520\" alt=\"\" srcset=\"https:\/\/parafiakrywald.pl\/wp-content\/uploads\/2024\/03\/6R2_9775-1024x683.jpg 1024w, https:\/\/parafiakrywald.pl\/wp-content\/uploads\/2024\/03\/6R2_9775-300x200.jpg 300w, https:\/\/parafiakrywald.pl\/wp-content\/uploads\/2024\/03\/6R2_9775-768x512.jpg 768w, https:\/\/parafiakrywald.pl\/wp-content\/uploads\/2024\/03\/6R2_9775-1536x1024.jpg 1536w, https:\/\/parafiakrywald.pl\/wp-content\/uploads\/2024\/03\/6R2_9775-2048x1365.jpg 2048w\" sizes=\"(max-width: 1024px) 100vw, 1024px\" \/>\t\t\t\t\t\t\t\t\t\t\t\t\t<\/div>\n\t\t\t\t<\/div>\n\t\t\t\t<div class=\"elementor-element elementor-element-84b0ec0 elementor-widget elementor-widget-text-editor\" data-id=\"84b0ec0\" data-element_type=\"widget\" data-widget_type=\"text-editor.default\">\n\t\t\t\t<div class=\"elementor-widget-container\">\n\t\t\t\t\t\t\t<p><span style=\"color: #000000;\">Po Eucharystii odby\u0142a si\u0119 Droga Krzy\u017cowa, poprowadzona przez ks. Proboszcza, zako\u0144czona pasterskim b\u0142ogos\u0142awie\u0144stwem ks. Biskupa Grzegorza.\u00a0\u00a0Wiecz\u00f3r up\u0142yn\u0105\u0142 na wsp\u00f3lnej kolacji z osobami zaanga\u017cowanymi w \u017cycie naszej parafii.<\/span><\/p>\t\t\t\t\t\t<\/div>\n\t\t\t\t<\/div>\n\t\t\t\t<div class=\"elementor-element elementor-element-97449ba elementor-widget elementor-widget-image\" data-id=\"97449ba\" data-element_type=\"widget\" data-widget_type=\"image.default\">\n\t\t\t\t<div class=\"elementor-widget-container\">\n\t\t\t\t\t\t\t\t\t\t\t\t\t<img loading=\"lazy\" decoding=\"async\" width=\"1024\" height=\"683\" src=\"https:\/\/parafiakrywald.pl\/wp-content\/uploads\/2024\/03\/6R2_9916-1024x683.jpg\" class=\"attachment-large size-large wp-image-2512\" alt=\"\" srcset=\"https:\/\/parafiakrywald.pl\/wp-content\/uploads\/2024\/03\/6R2_9916-1024x683.jpg 1024w, https:\/\/parafiakrywald.pl\/wp-content\/uploads\/2024\/03\/6R2_9916-300x200.jpg 300w, https:\/\/parafiakrywald.pl\/wp-content\/uploads\/2024\/03\/6R2_9916-768x512.jpg 768w, https:\/\/parafiakrywald.pl\/wp-content\/uploads\/2024\/03\/6R2_9916-1536x1024.jpg 1536w, https:\/\/parafiakrywald.pl\/wp-content\/uploads\/2024\/03\/6R2_9916-2048x1365.jpg 2048w\" sizes=\"(max-width: 1024px) 100vw, 1024px\" \/>\t\t\t\t\t\t\t\t\t\t\t\t\t<\/div>\n\t\t\t\t<\/div>\n\t\t\t\t<div class=\"elementor-element elementor-element-4e4b4e2 elementor-widget elementor-widget-image\" data-id=\"4e4b4e2\" data-element_type=\"widget\" data-widget_type=\"image.default\">\n\t\t\t\t<div class=\"elementor-widget-container\">\n\t\t\t\t\t\t\t\t\t\t\t\t\t<img loading=\"lazy\" decoding=\"async\" width=\"1024\" height=\"683\" src=\"https:\/\/parafiakrywald.pl\/wp-content\/uploads\/2024\/03\/6R2_9913-1024x683.jpg\" class=\"attachment-large size-large wp-image-2522\" alt=\"\" srcset=\"https:\/\/parafiakrywald.pl\/wp-content\/uploads\/2024\/03\/6R2_9913-1024x683.jpg 1024w, https:\/\/parafiakrywald.pl\/wp-content\/uploads\/2024\/03\/6R2_9913-300x200.jpg 300w, https:\/\/parafiakrywald.pl\/wp-content\/uploads\/2024\/03\/6R2_9913-768x512.jpg 768w, https:\/\/parafiakrywald.pl\/wp-content\/uploads\/2024\/03\/6R2_9913-1536x1024.jpg 1536w, https:\/\/parafiakrywald.pl\/wp-content\/uploads\/2024\/03\/6R2_9913-2048x1365.jpg 2048w\" sizes=\"(max-width: 1024px) 100vw, 1024px\" \/>\t\t\t\t\t\t\t\t\t\t\t\t\t<\/div>\n\t\t\t\t<\/div>\n\t\t\t\t\t<\/div>\n\t\t<\/div>\n\t\t\t\t\t<\/div>\n\t\t<\/section>\n\t\t\t\t<section class=\"elementor-section elementor-top-section elementor-element elementor-element-f561dc7 elementor-section-boxed elementor-section-height-default elementor-section-height-default\" data-id=\"f561dc7\" data-element_type=\"section\">\n\t\t\t\t\t\t<div class=\"elementor-container elementor-column-gap-default\">\n\t\t\t\t\t<div class=\"elementor-column elementor-col-100 elementor-top-column elementor-element elementor-element-62f57a3\" data-id=\"62f57a3\" data-element_type=\"column\">\n\t\t\t<div class=\"elementor-widget-wrap elementor-element-populated\">\n\t\t\t\t\t\t<div class=\"elementor-element elementor-element-5ac1688 elementor-widget elementor-widget-text-editor\" data-id=\"5ac1688\" data-element_type=\"widget\" data-widget_type=\"text-editor.default\">\n\t\t\t\t<div class=\"elementor-widget-container\">\n\t\t\t\t\t\t\t<p><span style=\"color: #000000;\">W sobot\u0119 o 14:30 ks. Biskup Grzegorz spotka\u0142 si\u0119 z dzie\u0107mi i m\u0142odzie\u017c\u0105. Spotkanie stanowi\u0142o \u015bwietn\u0105 okazj\u0119 do bezpo\u015bredniej rozmowy z ksi\u0119dzem biskupem, zadawania pyta\u0144. Obecny by\u0142 r\u00f3wnie\u017c pan Marian, kt\u00f3ry zadba\u0142 o\u00a0 opraw\u0119 muzyczn\u0105.<\/span><\/p>\t\t\t\t\t\t<\/div>\n\t\t\t\t<\/div>\n\t\t\t\t<div class=\"elementor-element elementor-element-d269f8c elementor-widget elementor-widget-image\" data-id=\"d269f8c\" data-element_type=\"widget\" data-widget_type=\"image.default\">\n\t\t\t\t<div class=\"elementor-widget-container\">\n\t\t\t\t\t\t\t\t\t\t\t\t\t<img loading=\"lazy\" decoding=\"async\" width=\"1024\" height=\"768\" src=\"https:\/\/parafiakrywald.pl\/wp-content\/uploads\/2024\/03\/IMG_4381-1024x768.jpeg\" class=\"attachment-large size-large wp-image-2514\" alt=\"\" srcset=\"https:\/\/parafiakrywald.pl\/wp-content\/uploads\/2024\/03\/IMG_4381-1024x768.jpeg 1024w, https:\/\/parafiakrywald.pl\/wp-content\/uploads\/2024\/03\/IMG_4381-300x225.jpeg 300w, https:\/\/parafiakrywald.pl\/wp-content\/uploads\/2024\/03\/IMG_4381-768x576.jpeg 768w, https:\/\/parafiakrywald.pl\/wp-content\/uploads\/2024\/03\/IMG_4381-1536x1152.jpeg 1536w, https:\/\/parafiakrywald.pl\/wp-content\/uploads\/2024\/03\/IMG_4381.jpeg 2048w\" sizes=\"(max-width: 1024px) 100vw, 1024px\" \/>\t\t\t\t\t\t\t\t\t\t\t\t\t<\/div>\n\t\t\t\t<\/div>\n\t\t\t\t\t<\/div>\n\t\t<\/div>\n\t\t\t\t\t<\/div>\n\t\t<\/section>\n\t\t\t\t<section class=\"elementor-section elementor-top-section elementor-element elementor-element-19f88ab elementor-section-boxed elementor-section-height-default elementor-section-height-default\" data-id=\"19f88ab\" data-element_type=\"section\">\n\t\t\t\t\t\t<div class=\"elementor-container elementor-column-gap-default\">\n\t\t\t\t\t<div class=\"elementor-column elementor-col-100 elementor-top-column elementor-element elementor-element-0c3e8a5\" data-id=\"0c3e8a5\" data-element_type=\"column\">\n\t\t\t<div class=\"elementor-widget-wrap elementor-element-populated\">\n\t\t\t\t\t\t<div class=\"elementor-element elementor-element-7c9499c elementor-widget__width-initial elementor-widget elementor-widget-text-editor\" data-id=\"7c9499c\" data-element_type=\"widget\" data-widget_type=\"text-editor.default\">\n\t\t\t\t<div class=\"elementor-widget-container\">\n\t\t\t\t\t\t\t<p><span style=\"color: #000000;\">O 15:00 Parafialna Rada Duszpasterska spotka\u0142a si\u0119 na zapleczu naszego ko\u015bcio\u0142a, by wsp\u00f3lnie porozmawia\u0107 o sprawach dotycz\u0105cych parafii. Po przedstawieniu wszystkich os\u00f3b zaanga\u017cowanych w \u017cycie parafialne, by\u0142y s\u0142owo podzi\u0119kowania ksi\u0119dza Biskupa. Przygotowana i wy\u015bwietlona zosta\u0142a prezentacja, w kt\u00f3rej przedstawiono histori\u0119 naszego ko\u015bcio\u0142a, podsumowano wa\u017cne wydarzenia parafialne ostatnich lat.\u00a0<\/span><\/p>\n<p><span style=\"color: #000000;\">Kolejnym punktem by\u0142o spotkanie z grupami doros\u0142ych i cz\u0142onkami Klubu Emeryt\u00f3w w ko\u015bciele. Podczas Adoracji Naj\u015bwi\u0119tszego Sakramentu by\u0142a mo\u017cliwo\u015b\u0107 do sakramentu pojednania i pokuty. Na wieczornej Mszy \u015awi\u0119tej ks. biskup wyg\u0142osi\u0142 homili\u0119 oraz udzieli\u0142 pasterskiego b\u0142ogos\u0142awie\u0144stwa.<\/span><\/p>\t\t\t\t\t\t<\/div>\n\t\t\t\t<\/div>\n\t\t\t\t\t<\/div>\n\t\t<\/div>\n\t\t\t\t\t<\/div>\n\t\t<\/section>\n\t\t\t\t<section class=\"elementor-section elementor-top-section elementor-element elementor-element-97d6fc3 elementor-section-boxed elementor-section-height-default elementor-section-height-default\" data-id=\"97d6fc3\" data-element_type=\"section\">\n\t\t\t\t\t\t<div class=\"elementor-container elementor-column-gap-default\">\n\t\t\t\t\t<div class=\"elementor-column elementor-col-100 elementor-top-column elementor-element elementor-element-e150724\" data-id=\"e150724\" data-element_type=\"column\">\n\t\t\t<div class=\"elementor-widget-wrap elementor-element-populated\">\n\t\t\t\t\t\t<div class=\"elementor-element elementor-element-7ede09d elementor-widget elementor-widget-image\" data-id=\"7ede09d\" data-element_type=\"widget\" data-widget_type=\"image.default\">\n\t\t\t\t<div class=\"elementor-widget-container\">\n\t\t\t\t\t\t\t\t\t\t\t\t\t<img loading=\"lazy\" decoding=\"async\" width=\"1024\" height=\"683\" src=\"https:\/\/parafiakrywald.pl\/wp-content\/uploads\/2024\/03\/6R2_9907-1024x683.jpg\" class=\"attachment-large size-large wp-image-2521\" alt=\"\" srcset=\"https:\/\/parafiakrywald.pl\/wp-content\/uploads\/2024\/03\/6R2_9907-1024x683.jpg 1024w, https:\/\/parafiakrywald.pl\/wp-content\/uploads\/2024\/03\/6R2_9907-300x200.jpg 300w, https:\/\/parafiakrywald.pl\/wp-content\/uploads\/2024\/03\/6R2_9907-768x512.jpg 768w, https:\/\/parafiakrywald.pl\/wp-content\/uploads\/2024\/03\/6R2_9907-1536x1024.jpg 1536w, https:\/\/parafiakrywald.pl\/wp-content\/uploads\/2024\/03\/6R2_9907-2048x1365.jpg 2048w\" sizes=\"(max-width: 1024px) 100vw, 1024px\" \/>\t\t\t\t\t\t\t\t\t\t\t\t\t<\/div>\n\t\t\t\t<\/div>\n\t\t\t\t\t<\/div>\n\t\t<\/div>\n\t\t\t\t\t<\/div>\n\t\t<\/section>\n\t\t\t\t<section class=\"elementor-section elementor-top-section elementor-element elementor-element-db985e4 elementor-section-boxed elementor-section-height-default elementor-section-height-default\" data-id=\"db985e4\" data-element_type=\"section\">\n\t\t\t\t\t\t<div class=\"elementor-container elementor-column-gap-default\">\n\t\t\t\t\t<div class=\"elementor-column elementor-col-100 elementor-top-column elementor-element elementor-element-c309634\" data-id=\"c309634\" data-element_type=\"column\">\n\t\t\t<div class=\"elementor-widget-wrap elementor-element-populated\">\n\t\t\t\t\t\t<div class=\"elementor-element elementor-element-804e437 elementor-widget elementor-widget-text-editor\" data-id=\"804e437\" data-element_type=\"widget\" data-widget_type=\"text-editor.default\">\n\t\t\t\t<div class=\"elementor-widget-container\">\n\t\t\t\t\t\t\t<p><span style=\"color: #000000;\">V Niedziela Wielkiego Postu by\u0142a ostatnim dniem wizytacji kanonicznej. W przedpo\u0142udnie odby\u0142y si\u0119 Msze \u015awi\u0119te pontyfikalne.\u00a0 Poranna o godzinie 7:30 z udzia\u0142em os\u00f3b chorych i starszych, po kt\u00f3rej uczestnicy otrzymali indywidualne b\u0142ogos\u0142awie\u0144stwo.<\/span><\/p>\n<p><span style=\"color: #000000;\"> Uroczysta Suma Pontyfikalna o godzinie 10:00 zosta\u0142a odprawiona w intencji wszystkich rodzin naszej parafii. Podczas homilii ksi\u0105dz Biskup dzi\u0119kowa\u0142 wszystkim zaanga\u017cowanym w \u017cyciu naszej wsp\u00f3lnoty parafialnej. Po Mszy \u015awi\u0119tej celebrans udziela\u0142 indywidualnego b\u0142ogos\u0142awie\u0144stwa rodzinom i dzieciom.<\/span><\/p>\t\t\t\t\t\t<\/div>\n\t\t\t\t<\/div>\n\t\t\t\t<div class=\"elementor-element elementor-element-d44486f elementor-widget elementor-widget-image\" data-id=\"d44486f\" data-element_type=\"widget\" data-widget_type=\"image.default\">\n\t\t\t\t<div class=\"elementor-widget-container\">\n\t\t\t\t\t\t\t\t\t\t\t\t\t<img loading=\"lazy\" decoding=\"async\" width=\"1024\" height=\"683\" src=\"https:\/\/parafiakrywald.pl\/wp-content\/uploads\/2024\/03\/6R2_9809-1024x683.jpg\" class=\"attachment-large size-large wp-image-2518\" alt=\"\" srcset=\"https:\/\/parafiakrywald.pl\/wp-content\/uploads\/2024\/03\/6R2_9809-1024x683.jpg 1024w, https:\/\/parafiakrywald.pl\/wp-content\/uploads\/2024\/03\/6R2_9809-300x200.jpg 300w, https:\/\/parafiakrywald.pl\/wp-content\/uploads\/2024\/03\/6R2_9809-768x512.jpg 768w, https:\/\/parafiakrywald.pl\/wp-content\/uploads\/2024\/03\/6R2_9809-1536x1024.jpg 1536w, https:\/\/parafiakrywald.pl\/wp-content\/uploads\/2024\/03\/6R2_9809-2048x1365.jpg 2048w\" sizes=\"(max-width: 1024px) 100vw, 1024px\" \/>\t\t\t\t\t\t\t\t\t\t\t\t\t<\/div>\n\t\t\t\t<\/div>\n\t\t\t\t\t<\/div>\n\t\t<\/div>\n\t\t\t\t\t<\/div>\n\t\t<\/section>\n\t\t\t\t<section class=\"elementor-section elementor-top-section elementor-element elementor-element-ea8739d elementor-section-boxed elementor-section-height-default elementor-section-height-default\" data-id=\"ea8739d\" data-element_type=\"section\">\n\t\t\t\t\t\t<div class=\"elementor-container elementor-column-gap-default\">\n\t\t\t\t\t<div class=\"elementor-column elementor-col-100 elementor-top-column elementor-element elementor-element-108ed22\" data-id=\"108ed22\" data-element_type=\"column\">\n\t\t\t<div class=\"elementor-widget-wrap elementor-element-populated\">\n\t\t\t\t\t\t<div class=\"elementor-element elementor-element-3d60ee6 elementor-widget elementor-widget-image\" data-id=\"3d60ee6\" data-element_type=\"widget\" data-widget_type=\"image.default\">\n\t\t\t\t<div class=\"elementor-widget-container\">\n\t\t\t\t\t\t\t\t\t\t\t\t\t<img loading=\"lazy\" decoding=\"async\" width=\"1024\" height=\"683\" src=\"https:\/\/parafiakrywald.pl\/wp-content\/uploads\/2024\/03\/6R2_9790-1024x683.jpg\" class=\"attachment-large size-large wp-image-2515\" alt=\"\" srcset=\"https:\/\/parafiakrywald.pl\/wp-content\/uploads\/2024\/03\/6R2_9790-1024x683.jpg 1024w, https:\/\/parafiakrywald.pl\/wp-content\/uploads\/2024\/03\/6R2_9790-300x200.jpg 300w, https:\/\/parafiakrywald.pl\/wp-content\/uploads\/2024\/03\/6R2_9790-768x512.jpg 768w, https:\/\/parafiakrywald.pl\/wp-content\/uploads\/2024\/03\/6R2_9790-1536x1024.jpg 1536w, https:\/\/parafiakrywald.pl\/wp-content\/uploads\/2024\/03\/6R2_9790-2048x1365.jpg 2048w\" sizes=\"(max-width: 1024px) 100vw, 1024px\" \/>\t\t\t\t\t\t\t\t\t\t\t\t\t<\/div>\n\t\t\t\t<\/div>\n\t\t\t\t\t<\/div>\n\t\t<\/div>\n\t\t\t\t\t<\/div>\n\t\t<\/section>\n\t\t\t\t<\/div>\n\t\t","protected":false},"excerpt":{"rendered":"<p>Pierwsze spotkanie odby\u0142o si\u0119 z pracownikami naszej szko\u0142y w Zespole Szkolno-Przedszkolnym nr 1 im. Feliksa Michalskiego, nast\u0119pnie kr\u00f3tka wizyta \u2013 spacer po krywa\u0142dzkiej Feliks\u00f3wce. Kolejnym punktem by\u0142a wizytacja kancelarii parafialnej, po kt\u00f3rej nast\u0105pi\u0142o spotkanie z ksi\u0119\u017cmi dekanatu Knur\u00f3w.\u00a0 O godzinie 17:00 nast\u0105pi\u0142o uroczyste liturgiczne powitanie ksi\u0119dza Biskupa w naszej wsp\u00f3lnocie parafialnej. Powitanie przez przedstawiciela Parafialnej [&hellip;]<\/p>\n","protected":false},"author":1,"featured_media":2510,"comment_status":"open","ping_status":"open","sticky":false,"template":"","format":"gallery","meta":{"site-sidebar-layout":"default","site-content-layout":"","ast-site-content-layout":"default","site-content-style":"default","site-sidebar-style":"default","ast-global-header-display":"","ast-banner-title-visibility":"","ast-main-header-display":"","ast-hfb-above-header-display":"","ast-hfb-below-header-display":"","ast-hfb-mobile-header-display":"","site-post-title":"","ast-breadcrumbs-content":"","ast-featured-img":"","footer-sml-layout":"","theme-transparent-header-meta":"","adv-header-id-meta":"","stick-header-meta":"","header-above-stick-meta":"","header-main-stick-meta":"","header-below-stick-meta":"","astra-migrate-meta-layouts":"set","ast-page-background-enabled":"default","ast-page-background-meta":{"desktop":{"background-color":"","background-image":"","background-repeat":"repeat","background-position":"center center","background-size":"auto","background-attachment":"scroll","background-type":"","background-media":"","overlay-type":"","overlay-color":"","overlay-opacity":"","overlay-gradient":""},"tablet":{"background-color":"","background-image":"","background-repeat":"repeat","background-position":"center center","background-size":"auto","background-attachment":"scroll","background-type":"","background-media":"","overlay-type":"","overlay-color":"","overlay-opacity":"","overlay-gradient":""},"mobile":{"background-color":"","background-image":"","background-repeat":"repeat","background-position":"center center","background-size":"auto","background-attachment":"scroll","background-type":"","background-media":"","overlay-type":"","overlay-color":"","overlay-opacity":"","overlay-gradient":""}},"ast-content-background-meta":{"desktop":{"background-color":"var(--ast-global-color-5)","background-image":"","background-repeat":"repeat","background-position":"center center","background-size":"auto","background-attachment":"scroll","background-type":"","background-media":"","overlay-type":"","overlay-color":"","overlay-opacity":"","overlay-gradient":""},"tablet":{"background-color":"var(--ast-global-color-5)","background-image":"","background-repeat":"repeat","background-position":"center center","background-size":"auto","background-attachment":"scroll","background-type":"","background-media":"","overlay-type":"","overlay-color":"","overlay-opacity":"","overlay-gradient":""},"mobile":{"background-color":"var(--ast-global-color-5)","background-image":"","background-repeat":"repeat","background-position":"center center","background-size":"auto","background-attachment":"scroll","background-type":"","background-media":"","overlay-type":"","overlay-color":"","overlay-opacity":"","overlay-gradient":""}},"footnotes":""},"categories":[1],"tags":[],"class_list":["post-2509","post","type-post","status-publish","format-gallery","has-post-thumbnail","hentry","category-bez-kategorii","post_format-post-format-gallery"],"_links":{"self":[{"href":"https:\/\/parafiakrywald.pl\/index.php?rest_route=\/wp\/v2\/posts\/2509","targetHints":{"allow":["GET"]}}],"collection":[{"href":"https:\/\/parafiakrywald.pl\/index.php?rest_route=\/wp\/v2\/posts"}],"about":[{"href":"https:\/\/parafiakrywald.pl\/index.php?rest_route=\/wp\/v2\/types\/post"}],"author":[{"embeddable":true,"href":"https:\/\/parafiakrywald.pl\/index.php?rest_route=\/wp\/v2\/users\/1"}],"replies":[{"embeddable":true,"href":"https:\/\/parafiakrywald.pl\/index.php?rest_route=%2Fwp%2Fv2%2Fcomments&post=2509"}],"version-history":[{"count":8,"href":"https:\/\/parafiakrywald.pl\/index.php?rest_route=\/wp\/v2\/posts\/2509\/revisions"}],"predecessor-version":[{"id":2551,"href":"https:\/\/parafiakrywald.pl\/index.php?rest_route=\/wp\/v2\/posts\/2509\/revisions\/2551"}],"wp:featuredmedia":[{"embeddable":true,"href":"https:\/\/parafiakrywald.pl\/index.php?rest_route=\/wp\/v2\/media\/2510"}],"wp:attachment":[{"href":"https:\/\/parafiakrywald.pl\/index.php?rest_route=%2Fwp%2Fv2%2Fmedia&parent=2509"}],"wp:term":[{"taxonomy":"category","embeddable":true,"href":"https:\/\/parafiakrywald.pl\/index.php?rest_route=%2Fwp%2Fv2%2Fcategories&post=2509"},{"taxonomy":"post_tag","embeddable":true,"href":"https:\/\/parafiakrywald.pl\/index.php?rest_route=%2Fwp%2Fv2%2Ftags&post=2509"}],"curies":[{"name":"wp","href":"https:\/\/api.w.org\/{rel}","templated":true}]}}