{"id":2540,"date":"2024-03-28T18:05:45","date_gmt":"2024-03-28T17:05:45","guid":{"rendered":"https:\/\/parafiakrywald.pl\/?p=2540"},"modified":"2024-04-05T16:40:10","modified_gmt":"2024-04-05T14:40:10","slug":"triduum-paschalne-2024r","status":"publish","type":"post","link":"https:\/\/parafiakrywald.pl\/?p=2540","title":{"rendered":"Triduum Paschalne 2024r."},"content":{"rendered":"\t\t<div data-elementor-type=\"wp-post\" data-elementor-id=\"2540\" class=\"elementor elementor-2540\">\n\t\t\t\t\t\t<section class=\"elementor-section elementor-top-section elementor-element elementor-element-37b43de4 elementor-section-boxed elementor-section-height-default elementor-section-height-default\" data-id=\"37b43de4\" data-element_type=\"section\">\n\t\t\t\t\t\t<div class=\"elementor-container elementor-column-gap-default\">\n\t\t\t\t\t<div class=\"elementor-column elementor-col-100 elementor-top-column elementor-element elementor-element-57978155\" data-id=\"57978155\" data-element_type=\"column\">\n\t\t\t<div class=\"elementor-widget-wrap elementor-element-populated\">\n\t\t\t\t\t\t<div class=\"elementor-element elementor-element-3f567af1 elementor-widget elementor-widget-text-editor\" data-id=\"3f567af1\" data-element_type=\"widget\" data-widget_type=\"text-editor.default\">\n\t\t\t\t<div class=\"elementor-widget-container\">\n\t\t\t\t\t\t\t<!-- wp:gallery {\"linkTo\":\"none\"} -->\n<figure class=\"wp-block-gallery has-nested-images columns-default is-cropped\"><\/figure>\n<!-- \/wp:gallery -->\t\t\t\t\t\t<\/div>\n\t\t\t\t<\/div>\n\t\t\t\t<div class=\"elementor-element elementor-element-784b7ba elementor-widget elementor-widget-text-editor\" data-id=\"784b7ba\" data-element_type=\"widget\" data-widget_type=\"text-editor.default\">\n\t\t\t\t<div class=\"elementor-widget-container\">\n\t\t\t\t\t\t\t<section class=\"elementor-section elementor-top-section elementor-element elementor-element-18d05d76 elementor-section-boxed elementor-section-height-default elementor-section-height-default\" data-id=\"18d05d76\" data-element_type=\"section\">\n<div class=\"elementor-container elementor-column-gap-default\">\n<div class=\"elementor-column elementor-col-100 elementor-top-column elementor-element elementor-element-2650899e\" data-id=\"2650899e\" data-element_type=\"column\">\n<div class=\"elementor-widget-wrap elementor-element-populated\">\n<div class=\"elementor-element elementor-element-0d2a652 elementor-widget elementor-widget-text-editor\" data-id=\"0d2a652\" data-element_type=\"widget\" data-widget_type=\"text-editor.default\">\n<h1 class=\"elementor-widget-container\" style=\"text-align: center;\"><span style=\"color: #0000ff;\"><strong>\u015awi\u0119te Triduum Paschalne 2024r.<\/strong><\/span><\/h1>\n<\/div>\n<\/div>\n<\/div>\n<\/div>\n<\/section>\n<section class=\"elementor-section elementor-top-section elementor-element elementor-element-c30ee37 elementor-section-boxed elementor-section-height-default elementor-section-height-default\" data-id=\"c30ee37\" data-element_type=\"section\">\n<div class=\"elementor-container elementor-column-gap-default\">\n<div class=\"elementor-column elementor-col-100 elementor-top-column elementor-element elementor-element-e681338\" data-id=\"e681338\" data-element_type=\"column\">\n<div class=\"elementor-widget-wrap elementor-element-populated\">\n<div class=\"elementor-element elementor-element-b60441c elementor-widget elementor-widget-text-editor\" data-id=\"b60441c\" data-element_type=\"widget\" data-widget_type=\"text-editor.default\">\n<div class=\"elementor-widget-container\">\n<h2 style=\"text-align: center;\"><span style=\"color: #000000;\"><strong><span style=\"text-decoration: underline;\">Wielki Czwartek<\/span><br \/>O 18:00 Uroczysta Msza Wieczerzy Pa\u0144skiej<br \/>w intencji ks. Proboszcza oraz<br \/>o u\u015bwi\u0119cenie duchowie\u0144stwa i nowe powo\u0142ania do s\u0142u\u017cby Bo\u017cej.\u00a0<\/strong><\/span><\/h2>\n<p style=\"text-align: center;\"><span style=\"color: #000000;\">Po Mszy \u015awi\u0119tej modlitewne czuwanie w ciemnicy.<\/span><\/p>\n<h2 style=\"text-align: center;\"><span style=\"text-decoration: underline; color: #ff0000;\"><strong>Wielki Pi\u0105tek<\/strong><\/span><\/h2>\n<h2 style=\"text-align: center;\"><span style=\"color: #ff0000;\"><strong>O 9:00 Droga Krzy\u017cowa<br \/><\/strong><\/span><\/h2>\n<h2 style=\"text-align: center;\"><span style=\"color: #ff0000;\"><strong>O godzinie 18:00 Uroczysta Liturgia M\u0119ki Pa\u0144skiej.<\/strong><\/span><\/h2>\n<p style=\"text-align: center;\"><span style=\"color: #ff0000;\">W Wielki Pi\u0105tek po uroczystej Liturgii adoracja przy Bo\u017cym Grobie:<\/span><\/p>\n<p style=\"text-align: center;\"><span style=\"color: #ff0000;\">\u00a0do godz. 20:00 \u2013 kobiety i dziewcz\u0119ta; do 21:00 \u2013 m\u0119\u017cczy\u017ani i m\u0142odzie\u0144cy.<\/span><\/p>\n<p style=\"text-align: center;\"><span style=\"color: #ff0000;\">\u2013 Spowied\u017a w Wielki Pi\u0105tek \u2013 od godz. 8:30 -10<\/span><\/p>\n<h2 style=\"text-align: center;\"><span style=\"color: #000000;\">\u00a0<span style=\"text-decoration: underline;\">Wielka Sobota<\/span><\/span><\/h2>\n<p style=\"text-align: center;\"><span style=\"color: #000000;\"><strong>W Wielk\u0105 Sobot\u0119<\/strong>\u00a0spowied\u017a od godz. 9-10 \u00a0oraz od godz. 12-13.<\/span><\/p>\n<p style=\"text-align: center;\"><span style=\"color: #000000;\">\u015awi\u0119cenie potraw w Wielk\u0105 Sobot\u0119 o godz. 10, 12 i 15.<\/span><\/p>\n<h1 style=\"text-align: center;\"><span style=\"color: #ff0000;\"><strong>O godz. 20:00\u00a0<\/strong><strong>Uroczysta Liturgia Wigilii Paschlanej.<\/strong><\/span><\/h1>\n<h2>\u00a0<\/h2>\n<h2 style=\"text-align: center;\"><span style=\"color: #333399;\"><strong><span style=\"text-decoration: underline;\">Niedziela Zmartwychwstania Pa\u0144skiego<\/span> <br \/><\/strong><\/span><\/h2>\n<h2 style=\"text-align: center;\"><span style=\"color: #333399;\"><strong>O godzinie 6:00 Uroczysta procesja rezurekcyjna<br \/>i Msza \u015awi\u0119ta.<\/strong><\/span><\/h2>\n<h2 style=\"text-align: center;\"><span style=\"color: #333399;\"><strong>O godzinie 10:00 Uroczysta suma \u015bwi\u0105teczna \u2013 <br \/>w intencji Parafian.<\/strong><\/span><\/h2>\n<\/div>\n<\/div>\n<\/div>\n<\/div>\n<\/div>\n<\/section>\n<section class=\"elementor-section elementor-top-section elementor-element elementor-element-620405b elementor-section-boxed elementor-section-height-default elementor-section-height-default\" data-id=\"620405b\" data-element_type=\"section\">\n<div class=\"elementor-container elementor-column-gap-default\">\n<div class=\"elementor-column elementor-col-100 elementor-top-column elementor-element elementor-element-bf97433\" data-id=\"bf97433\" data-element_type=\"column\">\u00a0<\/div>\n<\/div>\n<\/section>\t\t\t\t\t\t<\/div>\n\t\t\t\t<\/div>\n\t\t\t\t\t<\/div>\n\t\t<\/div>\n\t\t\t\t\t<\/div>\n\t\t<\/section>\n\t\t\t\t<section class=\"elementor-section elementor-top-section elementor-element elementor-element-ac0b460 elementor-section-boxed elementor-section-height-default elementor-section-height-default\" data-id=\"ac0b460\" data-element_type=\"section\">\n\t\t\t\t\t\t<div class=\"elementor-container elementor-column-gap-default\">\n\t\t\t\t\t<div class=\"elementor-column elementor-col-100 elementor-top-column elementor-element elementor-element-2c7ac67\" data-id=\"2c7ac67\" data-element_type=\"column\">\n\t\t\t<div class=\"elementor-widget-wrap elementor-element-populated\">\n\t\t\t\t\t\t<div class=\"elementor-element elementor-element-a1e800e elementor-widget elementor-widget-image\" data-id=\"a1e800e\" data-element_type=\"widget\" data-widget_type=\"image.default\">\n\t\t\t\t<div class=\"elementor-widget-container\">\n\t\t\t\t\t\t\t\t\t\t\t\t\t<img fetchpriority=\"high\" decoding=\"async\" width=\"1024\" height=\"657\" src=\"https:\/\/parafiakrywald.pl\/wp-content\/uploads\/2023\/04\/resurrection-of-jesus-christ-g92f6f581a_1920-1024x657.jpg\" class=\"attachment-large size-large wp-image-2129\" alt=\"\" srcset=\"https:\/\/parafiakrywald.pl\/wp-content\/uploads\/2023\/04\/resurrection-of-jesus-christ-g92f6f581a_1920-1024x657.jpg 1024w, https:\/\/parafiakrywald.pl\/wp-content\/uploads\/2023\/04\/resurrection-of-jesus-christ-g92f6f581a_1920-300x193.jpg 300w, https:\/\/parafiakrywald.pl\/wp-content\/uploads\/2023\/04\/resurrection-of-jesus-christ-g92f6f581a_1920-768x493.jpg 768w, https:\/\/parafiakrywald.pl\/wp-content\/uploads\/2023\/04\/resurrection-of-jesus-christ-g92f6f581a_1920-1536x986.jpg 1536w, https:\/\/parafiakrywald.pl\/wp-content\/uploads\/2023\/04\/resurrection-of-jesus-christ-g92f6f581a_1920.jpg 1920w\" sizes=\"(max-width: 1024px) 100vw, 1024px\" \/>\t\t\t\t\t\t\t\t\t\t\t\t\t<\/div>\n\t\t\t\t<\/div>\n\t\t\t\t\t<\/div>\n\t\t<\/div>\n\t\t\t\t\t<\/div>\n\t\t<\/section>\n\t\t\t\t<\/div>\n\t\t","protected":false},"excerpt":{"rendered":"<p>\u015awi\u0119te Triduum Paschalne 2024r. Wielki CzwartekO 18:00 Uroczysta Msza Wieczerzy Pa\u0144skiejw intencji ks. Proboszcza orazo u\u015bwi\u0119cenie duchowie\u0144stwa i nowe powo\u0142ania do s\u0142u\u017cby Bo\u017cej.\u00a0 Po Mszy \u015awi\u0119tej modlitewne czuwanie w ciemnicy. Wielki Pi\u0105tek O 9:00 Droga Krzy\u017cowa O godzinie 18:00 Uroczysta Liturgia M\u0119ki Pa\u0144skiej. W Wielki Pi\u0105tek po uroczystej Liturgii adoracja przy Bo\u017cym Grobie: \u00a0do godz. [&hellip;]<\/p>\n","protected":false},"author":1,"featured_media":1628,"comment_status":"open","ping_status":"open","sticky":false,"template":"","format":"gallery","meta":{"site-sidebar-layout":"default","site-content-layout":"","ast-site-content-layout":"default","site-content-style":"default","site-sidebar-style":"default","ast-global-header-display":"","ast-banner-title-visibility":"","ast-main-header-display":"","ast-hfb-above-header-display":"","ast-hfb-below-header-display":"","ast-hfb-mobile-header-display":"","site-post-title":"","ast-breadcrumbs-content":"","ast-featured-img":"","footer-sml-layout":"","theme-transparent-header-meta":"","adv-header-id-meta":"","stick-header-meta":"","header-above-stick-meta":"","header-main-stick-meta":"","header-below-stick-meta":"","astra-migrate-meta-layouts":"set","ast-page-background-enabled":"default","ast-page-background-meta":{"desktop":{"background-color":"","background-image":"","background-repeat":"repeat","background-position":"center center","background-size":"auto","background-attachment":"scroll","background-type":"","background-media":"","overlay-type":"","overlay-color":"","overlay-opacity":"","overlay-gradient":""},"tablet":{"background-color":"","background-image":"","background-repeat":"repeat","background-position":"center center","background-size":"auto","background-attachment":"scroll","background-type":"","background-media":"","overlay-type":"","overlay-color":"","overlay-opacity":"","overlay-gradient":""},"mobile":{"background-color":"","background-image":"","background-repeat":"repeat","background-position":"center center","background-size":"auto","background-attachment":"scroll","background-type":"","background-media":"","overlay-type":"","overlay-color":"","overlay-opacity":"","overlay-gradient":""}},"ast-content-background-meta":{"desktop":{"background-color":"var(--ast-global-color-5)","background-image":"","background-repeat":"repeat","background-position":"center center","background-size":"auto","background-attachment":"scroll","background-type":"","background-media":"","overlay-type":"","overlay-color":"","overlay-opacity":"","overlay-gradient":""},"tablet":{"background-color":"var(--ast-global-color-5)","background-image":"","background-repeat":"repeat","background-position":"center center","background-size":"auto","background-attachment":"scroll","background-type":"","background-media":"","overlay-type":"","overlay-color":"","overlay-opacity":"","overlay-gradient":""},"mobile":{"background-color":"var(--ast-global-color-5)","background-image":"","background-repeat":"repeat","background-position":"center center","background-size":"auto","background-attachment":"scroll","background-type":"","background-media":"","overlay-type":"","overlay-color":"","overlay-opacity":"","overlay-gradient":""}},"footnotes":""},"categories":[1],"tags":[],"class_list":["post-2540","post","type-post","status-publish","format-gallery","has-post-thumbnail","hentry","category-bez-kategorii","post_format-post-format-gallery"],"_links":{"self":[{"href":"https:\/\/parafiakrywald.pl\/index.php?rest_route=\/wp\/v2\/posts\/2540","targetHints":{"allow":["GET"]}}],"collection":[{"href":"https:\/\/parafiakrywald.pl\/index.php?rest_route=\/wp\/v2\/posts"}],"about":[{"href":"https:\/\/parafiakrywald.pl\/index.php?rest_route=\/wp\/v2\/types\/post"}],"author":[{"embeddable":true,"href":"https:\/\/parafiakrywald.pl\/index.php?rest_route=\/wp\/v2\/users\/1"}],"replies":[{"embeddable":true,"href":"https:\/\/parafiakrywald.pl\/index.php?rest_route=%2Fwp%2Fv2%2Fcomments&post=2540"}],"version-history":[{"count":10,"href":"https:\/\/parafiakrywald.pl\/index.php?rest_route=\/wp\/v2\/posts\/2540\/revisions"}],"predecessor-version":[{"id":2562,"href":"https:\/\/parafiakrywald.pl\/index.php?rest_route=\/wp\/v2\/posts\/2540\/revisions\/2562"}],"wp:featuredmedia":[{"embeddable":true,"href":"https:\/\/parafiakrywald.pl\/index.php?rest_route=\/wp\/v2\/media\/1628"}],"wp:attachment":[{"href":"https:\/\/parafiakrywald.pl\/index.php?rest_route=%2Fwp%2Fv2%2Fmedia&parent=2540"}],"wp:term":[{"taxonomy":"category","embeddable":true,"href":"https:\/\/parafiakrywald.pl\/index.php?rest_route=%2Fwp%2Fv2%2Fcategories&post=2540"},{"taxonomy":"post_tag","embeddable":true,"href":"https:\/\/parafiakrywald.pl\/index.php?rest_route=%2Fwp%2Fv2%2Ftags&post=2540"}],"curies":[{"name":"wp","href":"https:\/\/api.w.org\/{rel}","templated":true}]}}