{"id":2617,"date":"2024-03-27T16:33:39","date_gmt":"2024-03-27T15:33:39","guid":{"rendered":"https:\/\/parafiakrywald.pl\/?p=2617"},"modified":"2024-04-05T16:42:04","modified_gmt":"2024-04-05T14:42:04","slug":"wizyta-harcerzy-w-parafii","status":"publish","type":"post","link":"https:\/\/parafiakrywald.pl\/?p=2617","title":{"rendered":"Wizyta harcerzy w parafii"},"content":{"rendered":"\t\t<div data-elementor-type=\"wp-post\" data-elementor-id=\"2617\" class=\"elementor elementor-2617\">\n\t\t\t\t\t\t<section class=\"elementor-section elementor-top-section elementor-element elementor-element-7ab7b727 elementor-section-boxed elementor-section-height-default elementor-section-height-default\" data-id=\"7ab7b727\" data-element_type=\"section\">\n\t\t\t\t\t\t<div class=\"elementor-container elementor-column-gap-default\">\n\t\t\t\t\t<div class=\"elementor-column elementor-col-100 elementor-top-column elementor-element elementor-element-50b93471\" data-id=\"50b93471\" data-element_type=\"column\">\n\t\t\t<div class=\"elementor-widget-wrap elementor-element-populated\">\n\t\t\t\t\t\t<div class=\"elementor-element elementor-element-59b624f8 elementor-widget elementor-widget-text-editor\" data-id=\"59b624f8\" data-element_type=\"widget\" data-widget_type=\"text-editor.default\">\n\t\t\t\t<div class=\"elementor-widget-container\">\n\t\t\t\t\t\t\t<!-- wp:gallery {\"linkTo\":\"none\"} -->\n<figure class=\"wp-block-gallery has-nested-images columns-default is-cropped\"><\/figure>\n<!-- \/wp:gallery -->\t\t\t\t\t\t<\/div>\n\t\t\t\t<\/div>\n\t\t\t\t\t<\/div>\n\t\t<\/div>\n\t\t\t\t\t<\/div>\n\t\t<\/section>\n\t\t\t\t<section class=\"elementor-section elementor-top-section elementor-element elementor-element-acceb0d elementor-section-boxed elementor-section-height-default elementor-section-height-default\" data-id=\"acceb0d\" data-element_type=\"section\">\n\t\t\t\t\t\t<div class=\"elementor-container elementor-column-gap-default\">\n\t\t\t\t\t<div class=\"elementor-column elementor-col-100 elementor-top-column elementor-element elementor-element-4972be3\" data-id=\"4972be3\" data-element_type=\"column\">\n\t\t\t<div class=\"elementor-widget-wrap elementor-element-populated\">\n\t\t\t\t\t\t<div class=\"elementor-element elementor-element-ebb1ca0 elementor-widget elementor-widget-text-editor\" data-id=\"ebb1ca0\" data-element_type=\"widget\" data-widget_type=\"text-editor.default\">\n\t\t\t\t<div class=\"elementor-widget-container\">\n\t\t\t\t\t\t\t<h1 style=\"text-align: center;\"><span style=\"color: #ff0000;\"><strong>Wizyta harcerska u \u015bw. Antoniego<\/strong><\/span><\/h1>\t\t\t\t\t\t<\/div>\n\t\t\t\t<\/div>\n\t\t\t\t<div class=\"elementor-element elementor-element-6bfd116 elementor-widget elementor-widget-image\" data-id=\"6bfd116\" data-element_type=\"widget\" data-widget_type=\"image.default\">\n\t\t\t\t<div class=\"elementor-widget-container\">\n\t\t\t\t\t\t\t\t\t\t\t\t\t<img fetchpriority=\"high\" decoding=\"async\" width=\"1024\" height=\"768\" src=\"https:\/\/parafiakrywald.pl\/wp-content\/uploads\/2024\/04\/druzynaharcerzy-1024x768.jpg\" class=\"attachment-large size-large wp-image-2618\" alt=\"\" srcset=\"https:\/\/parafiakrywald.pl\/wp-content\/uploads\/2024\/04\/druzynaharcerzy-1024x768.jpg 1024w, https:\/\/parafiakrywald.pl\/wp-content\/uploads\/2024\/04\/druzynaharcerzy-300x225.jpg 300w, https:\/\/parafiakrywald.pl\/wp-content\/uploads\/2024\/04\/druzynaharcerzy-768x576.jpg 768w, https:\/\/parafiakrywald.pl\/wp-content\/uploads\/2024\/04\/druzynaharcerzy-1536x1152.jpg 1536w, https:\/\/parafiakrywald.pl\/wp-content\/uploads\/2024\/04\/druzynaharcerzy.jpg 2048w\" sizes=\"(max-width: 1024px) 100vw, 1024px\" \/>\t\t\t\t\t\t\t\t\t\t\t\t\t<\/div>\n\t\t\t\t<\/div>\n\t\t\t\t\t<\/div>\n\t\t<\/div>\n\t\t\t\t\t<\/div>\n\t\t<\/section>\n\t\t\t\t<section class=\"elementor-section elementor-top-section elementor-element elementor-element-14c4931 elementor-section-boxed elementor-section-height-default elementor-section-height-default\" data-id=\"14c4931\" data-element_type=\"section\">\n\t\t\t\t\t\t<div class=\"elementor-container elementor-column-gap-default\">\n\t\t\t\t\t<div class=\"elementor-column elementor-col-100 elementor-top-column elementor-element elementor-element-a2a04ba\" data-id=\"a2a04ba\" data-element_type=\"column\">\n\t\t\t<div class=\"elementor-widget-wrap elementor-element-populated\">\n\t\t\t\t\t\t<div class=\"elementor-element elementor-element-b834944 elementor-widget elementor-widget-text-editor\" data-id=\"b834944\" data-element_type=\"widget\" data-widget_type=\"text-editor.default\">\n\t\t\t\t<div class=\"elementor-widget-container\">\n\t\t\t\t\t\t\t<h3 style=\"text-align: center;\"><span style=\"color: #000000;\">26 marca \u015brodowisko harcerskie zgromadzi\u0142o si\u0119 na wsp\u00f3lnej modlitwie, by uczci\u0107 pami\u0119\u0107 swojego darczy\u0144cy, mieszka\u0144ca Krywa\u0142du \u015b.p. J\u00f3zefa Nastuli.<br \/><\/span><\/h3>\n<h3 style=\"text-align: center;\"><span style=\"color: #000000;\"> Po Mszy \u015awi\u0119tej zgodnie z ceremonia\u0142em kapelan ks. Piotr poda\u0142 komend\u0119 do modlitwy harcerskiej.<br \/>Podczas Eucharystii harcerze dzi\u0119kowali za otwarto\u015b\u0107, \u017cyczliwo\u015b\u0107 i hojne serce, kt\u00f3re okaza\u0142 \u015a.P. J\u00f3zef <br \/>na rzecz dobra \u015brodowisk harcerskich. <br \/><\/span><\/h3>\n<h3 style=\"text-align: center;\"><span style=\"color: #000000;\">Za wstawiennictwem \u015bw. Antoniego, patrona parafii, ks. proboszcz Marek <br \/>prosi\u0142 o dalszy rozw\u00f3j Feliks\u00f3wki i harcerskich projekt\u00f3w.<\/span><\/h3>\t\t\t\t\t\t<\/div>\n\t\t\t\t<\/div>\n\t\t\t\t\t<\/div>\n\t\t<\/div>\n\t\t\t\t\t<\/div>\n\t\t<\/section>\n\t\t\t\t<\/div>\n\t\t","protected":false},"excerpt":{"rendered":"<p>Wizyta harcerska u \u015bw. Antoniego 26 marca \u015brodowisko harcerskie zgromadzi\u0142o si\u0119 na wsp\u00f3lnej modlitwie, by uczci\u0107 pami\u0119\u0107 swojego darczy\u0144cy, mieszka\u0144ca Krywa\u0142du \u015b.p. J\u00f3zefa Nastuli. Po Mszy \u015awi\u0119tej zgodnie z ceremonia\u0142em kapelan ks. Piotr poda\u0142 komend\u0119 do modlitwy harcerskiej.Podczas Eucharystii harcerze dzi\u0119kowali za otwarto\u015b\u0107, \u017cyczliwo\u015b\u0107 i hojne serce, kt\u00f3re okaza\u0142 \u015a.P. J\u00f3zef na rzecz dobra \u015brodowisk [&hellip;]<\/p>\n","protected":false},"author":1,"featured_media":2618,"comment_status":"open","ping_status":"open","sticky":false,"template":"","format":"gallery","meta":{"site-sidebar-layout":"default","site-content-layout":"","ast-site-content-layout":"default","site-content-style":"default","site-sidebar-style":"default","ast-global-header-display":"","ast-banner-title-visibility":"","ast-main-header-display":"","ast-hfb-above-header-display":"","ast-hfb-below-header-display":"","ast-hfb-mobile-header-display":"","site-post-title":"","ast-breadcrumbs-content":"","ast-featured-img":"","footer-sml-layout":"","theme-transparent-header-meta":"","adv-header-id-meta":"","stick-header-meta":"","header-above-stick-meta":"","header-main-stick-meta":"","header-below-stick-meta":"","astra-migrate-meta-layouts":"set","ast-page-background-enabled":"default","ast-page-background-meta":{"desktop":{"background-color":"","background-image":"","background-repeat":"repeat","background-position":"center center","background-size":"auto","background-attachment":"scroll","background-type":"","background-media":"","overlay-type":"","overlay-color":"","overlay-opacity":"","overlay-gradient":""},"tablet":{"background-color":"","background-image":"","background-repeat":"repeat","background-position":"center center","background-size":"auto","background-attachment":"scroll","background-type":"","background-media":"","overlay-type":"","overlay-color":"","overlay-opacity":"","overlay-gradient":""},"mobile":{"background-color":"","background-image":"","background-repeat":"repeat","background-position":"center center","background-size":"auto","background-attachment":"scroll","background-type":"","background-media":"","overlay-type":"","overlay-color":"","overlay-opacity":"","overlay-gradient":""}},"ast-content-background-meta":{"desktop":{"background-color":"var(--ast-global-color-5)","background-image":"","background-repeat":"repeat","background-position":"center center","background-size":"auto","background-attachment":"scroll","background-type":"","background-media":"","overlay-type":"","overlay-color":"","overlay-opacity":"","overlay-gradient":""},"tablet":{"background-color":"var(--ast-global-color-5)","background-image":"","background-repeat":"repeat","background-position":"center center","background-size":"auto","background-attachment":"scroll","background-type":"","background-media":"","overlay-type":"","overlay-color":"","overlay-opacity":"","overlay-gradient":""},"mobile":{"background-color":"var(--ast-global-color-5)","background-image":"","background-repeat":"repeat","background-position":"center center","background-size":"auto","background-attachment":"scroll","background-type":"","background-media":"","overlay-type":"","overlay-color":"","overlay-opacity":"","overlay-gradient":""}},"footnotes":""},"categories":[1],"tags":[],"class_list":["post-2617","post","type-post","status-publish","format-gallery","has-post-thumbnail","hentry","category-bez-kategorii","post_format-post-format-gallery"],"_links":{"self":[{"href":"https:\/\/parafiakrywald.pl\/index.php?rest_route=\/wp\/v2\/posts\/2617","targetHints":{"allow":["GET"]}}],"collection":[{"href":"https:\/\/parafiakrywald.pl\/index.php?rest_route=\/wp\/v2\/posts"}],"about":[{"href":"https:\/\/parafiakrywald.pl\/index.php?rest_route=\/wp\/v2\/types\/post"}],"author":[{"embeddable":true,"href":"https:\/\/parafiakrywald.pl\/index.php?rest_route=\/wp\/v2\/users\/1"}],"replies":[{"embeddable":true,"href":"https:\/\/parafiakrywald.pl\/index.php?rest_route=%2Fwp%2Fv2%2Fcomments&post=2617"}],"version-history":[{"count":10,"href":"https:\/\/parafiakrywald.pl\/index.php?rest_route=\/wp\/v2\/posts\/2617\/revisions"}],"predecessor-version":[{"id":2628,"href":"https:\/\/parafiakrywald.pl\/index.php?rest_route=\/wp\/v2\/posts\/2617\/revisions\/2628"}],"wp:featuredmedia":[{"embeddable":true,"href":"https:\/\/parafiakrywald.pl\/index.php?rest_route=\/wp\/v2\/media\/2618"}],"wp:attachment":[{"href":"https:\/\/parafiakrywald.pl\/index.php?rest_route=%2Fwp%2Fv2%2Fmedia&parent=2617"}],"wp:term":[{"taxonomy":"category","embeddable":true,"href":"https:\/\/parafiakrywald.pl\/index.php?rest_route=%2Fwp%2Fv2%2Fcategories&post=2617"},{"taxonomy":"post_tag","embeddable":true,"href":"https:\/\/parafiakrywald.pl\/index.php?rest_route=%2Fwp%2Fv2%2Ftags&post=2617"}],"curies":[{"name":"wp","href":"https:\/\/api.w.org\/{rel}","templated":true}]}}