{"id":2920,"date":"2024-11-23T13:22:51","date_gmt":"2024-11-23T12:22:51","guid":{"rendered":"https:\/\/parafiakrywald.pl\/?p=2920"},"modified":"2024-11-30T18:00:13","modified_gmt":"2024-11-30T17:00:13","slug":"jubileusz-100-lecia-archidiecezji-katowickiej","status":"publish","type":"post","link":"https:\/\/parafiakrywald.pl\/?p=2920","title":{"rendered":"Jubileusz 100-lecia Archidiecezji Katowickiej"},"content":{"rendered":"\t\t<div data-elementor-type=\"wp-post\" data-elementor-id=\"2920\" class=\"elementor elementor-2920\">\n\t\t\t\t\t\t<section class=\"elementor-section elementor-top-section elementor-element elementor-element-145bfae elementor-section-boxed elementor-section-height-default elementor-section-height-default\" data-id=\"145bfae\" data-element_type=\"section\">\n\t\t\t\t\t\t<div class=\"elementor-container elementor-column-gap-default\">\n\t\t\t\t\t<div class=\"elementor-column elementor-col-100 elementor-top-column elementor-element elementor-element-d4606dc\" data-id=\"d4606dc\" data-element_type=\"column\">\n\t\t\t<div class=\"elementor-widget-wrap elementor-element-populated\">\n\t\t\t\t\t\t<div class=\"elementor-element elementor-element-a727bce elementor-widget elementor-widget-image\" data-id=\"a727bce\" data-element_type=\"widget\" data-widget_type=\"image.default\">\n\t\t\t\t<div class=\"elementor-widget-container\">\n\t\t\t\t\t\t\t\t\t\t\t\t\t<img fetchpriority=\"high\" decoding=\"async\" width=\"1024\" height=\"605\" src=\"https:\/\/parafiakrywald.pl\/wp-content\/uploads\/2024\/11\/jubileusz-1024x605.jpg\" class=\"attachment-large size-large wp-image-2916\" alt=\"\" srcset=\"https:\/\/parafiakrywald.pl\/wp-content\/uploads\/2024\/11\/jubileusz-1024x605.jpg 1024w, https:\/\/parafiakrywald.pl\/wp-content\/uploads\/2024\/11\/jubileusz-300x177.jpg 300w, https:\/\/parafiakrywald.pl\/wp-content\/uploads\/2024\/11\/jubileusz-768x454.jpg 768w, https:\/\/parafiakrywald.pl\/wp-content\/uploads\/2024\/11\/jubileusz.jpg 1490w\" sizes=\"(max-width: 1024px) 100vw, 1024px\" \/>\t\t\t\t\t\t\t\t\t\t\t\t\t<\/div>\n\t\t\t\t<\/div>\n\t\t\t\t<div class=\"elementor-element elementor-element-0ab8fde elementor-widget-divider--view-line elementor-widget elementor-widget-divider\" data-id=\"0ab8fde\" data-element_type=\"widget\" data-widget_type=\"divider.default\">\n\t\t\t\t<div class=\"elementor-widget-container\">\n\t\t\t\t\t<div class=\"elementor-divider\">\n\t\t\t<span class=\"elementor-divider-separator\">\n\t\t\t\t\t\t<\/span>\n\t\t<\/div>\n\t\t\t\t<\/div>\n\t\t\t\t<\/div>\n\t\t\t\t<div class=\"elementor-element elementor-element-844f1bc elementor-widget elementor-widget-text-editor\" data-id=\"844f1bc\" data-element_type=\"widget\" data-widget_type=\"text-editor.default\">\n\t\t\t\t<div class=\"elementor-widget-container\">\n\t\t\t\t\t\t\t<div class=\"xdj266r x11i5rnm xat24cr x1mh8g0r x1vvkbs x126k92a\">\n<h2 dir=\"auto\" style=\"text-align: center;\"><strong><span style=\"color: #000000;\">W 2025 roku archidiecezja katowicka\u00a0 obchodzi 100-lecie swojego istnienia.<br \/>\u015awi\u0119towanie rozpocz\u0119\u0142o si\u0119 od uroczystych nieszpor\u00f3w w Katedrze Chrystusa Kr\u00f3la w Katowicach, w sobot\u0119 23 listopada 2024 r. kt\u00f3rym\u00a0 przewodniczy\u0142 nuncjusz apostolski w Polsce abp. Antonio Guido Filipazzi.<\/span><\/strong><\/h2>\n<\/div>\t\t\t\t\t\t<\/div>\n\t\t\t\t<\/div>\n\t\t\t\t\t<\/div>\n\t\t<\/div>\n\t\t\t\t\t<\/div>\n\t\t<\/section>\n\t\t\t\t<section class=\"elementor-section elementor-top-section elementor-element elementor-element-36c839d9 elementor-section-boxed elementor-section-height-default elementor-section-height-default\" data-id=\"36c839d9\" data-element_type=\"section\">\n\t\t\t\t\t\t<div class=\"elementor-container elementor-column-gap-default\">\n\t\t\t\t\t<div class=\"elementor-column elementor-col-100 elementor-top-column elementor-element elementor-element-25ccc742\" data-id=\"25ccc742\" data-element_type=\"column\">\n\t\t\t<div class=\"elementor-widget-wrap elementor-element-populated\">\n\t\t\t\t\t\t<div class=\"elementor-element elementor-element-5b3359b elementor-widget-divider--view-line elementor-widget elementor-widget-divider\" data-id=\"5b3359b\" data-element_type=\"widget\" data-widget_type=\"divider.default\">\n\t\t\t\t<div class=\"elementor-widget-container\">\n\t\t\t\t\t<div class=\"elementor-divider\">\n\t\t\t<span class=\"elementor-divider-separator\">\n\t\t\t\t\t\t<\/span>\n\t\t<\/div>\n\t\t\t\t<\/div>\n\t\t\t\t<\/div>\n\t\t\t\t<div class=\"elementor-element elementor-element-28e214c elementor-widget elementor-widget-image\" data-id=\"28e214c\" data-element_type=\"widget\" data-widget_type=\"image.default\">\n\t\t\t\t<div class=\"elementor-widget-container\">\n\t\t\t\t\t\t\t\t\t\t\t\t\t<img decoding=\"async\" width=\"250\" height=\"341\" src=\"https:\/\/parafiakrywald.pl\/wp-content\/uploads\/2024\/11\/herb_Francisci.png\" class=\"attachment-large size-large wp-image-2939\" alt=\"\" srcset=\"https:\/\/parafiakrywald.pl\/wp-content\/uploads\/2024\/11\/herb_Francisci.png 250w, https:\/\/parafiakrywald.pl\/wp-content\/uploads\/2024\/11\/herb_Francisci-220x300.png 220w\" sizes=\"(max-width: 250px) 100vw, 250px\" \/>\t\t\t\t\t\t\t\t\t\t\t\t\t<\/div>\n\t\t\t\t<\/div>\n\t\t\t\t<div class=\"elementor-element elementor-element-2f2b5ab elementor-widget elementor-widget-text-editor\" data-id=\"2f2b5ab\" data-element_type=\"widget\" data-widget_type=\"text-editor.default\">\n\t\t\t\t<div class=\"elementor-widget-container\">\n\t\t\t\t\t\t\t<p style=\"text-align: center;\"><span style=\"color: #000000;\"><strong>Do Czcigodnego Brata<\/strong><\/span><br><span style=\"color: #000000;\"><strong>Jego Ekscelencji Adriana J\u00f3zefa Galbasa, S.A.C.<\/strong><\/span><br><span style=\"color: #000000;\"><strong>Arcybiskupa Katowickiego<\/strong><\/span><\/p><p style=\"text-align: center;\"><span style=\"color: rgb(0, 0, 0); font-style: inherit; font-weight: inherit; font-family: var( --e-global-typography-text-font-family ), Sans-serif; background-color: var(--ast-global-color-5);\">Bull\u0105 \u201e<\/span><em style=\"color: rgb(0, 0, 0); font-weight: inherit; font-family: var( --e-global-typography-text-font-family ), Sans-serif; background-color: var(--ast-global-color-5);\">Vixdum Poloniae unitas<\/em><span style=\"color: rgb(0, 0, 0); font-style: inherit; font-weight: inherit; font-family: var( --e-global-typography-text-font-family ), Sans-serif; background-color: var(--ast-global-color-5);\">&#8222;, z dnia 28 pa\u017adziernika 1925 roku, Papie\u017c Pius XI erygowa\u0142 Diecezje Katowick\u0105, \u0142\u0105cz\u0105c Wikariat Cieszy\u0144ski i G\u00f3rny \u015al\u0105sk. Akt ten zapocz\u0105tkowa\u0142 stuletni\u0105 histori\u0119, za kt\u00f3r\u0105 sk\u0142adacie Bogu dzi\u0119kczynienie, rozpoczynaj\u0105c je w \u015bwi\u0119to katowickiej katedry, kt\u00f3rej patronuje Chrystus Kr\u00f3l.<\/span><\/p>\n<p><span style=\"color: #000000;\">Dzi\u0119kuje wraz z Wami Opatrzno\u015bci Bo\u017cej za ludzi i dzie\u0142a wyros\u0142e na tej ziemi, tak bogatej wielorak\u0105 r\u00f3\u017cnorodno\u015bci\u0105, a zarazem zroszon\u0105 krwi\u0105 tak licznych m\u0119czennik\u00f3w. \u0141\u0105cz\u0105c si\u0119 duchowo z obecn\u0105 Wsp\u00f3lnot\u0105 lokalnego Ko\u015bcio\u0142a, zach\u0119cam duchowie\u0144stwo, osoby konsekrowane i wiernych \u015bwieckich dzisiejszej Archidiecezji Katowickiej, do pe\u0142nego nadziei spojrzenia w przysz\u0142o\u015b\u0107, do otwarcia umys\u0142\u00f3w i serc na Ducha \u015awi\u0119tego, aby On sam wprowadzi\u0142 Was w nowe stulecie.<\/span><\/p>\n<p><span style=\"color: #000000;\">Wasze \u015bwi\u0119towanie zbiega si\u0119 z Rokiem \u015awi\u0119tym w Ko\u015bciele Powszechnym, kt\u00f3rego motto brzmi: \u201ePielgrzymi nadziei&#8221;; przyjmijcie je zatem za swoje. Ubogaceni duchowym i materialnym dziedzictwem przodk\u00f3w, kultur\u0105 oraz tradycj\u0105, podtrzymujcie przekazany Wam ogie\u0144 wiary i wype\u0142nijcie misj\u0119 bycia \u015bwiadkami nadziei, kt\u00f3ra swe \u017ar\u00f3d\u0142o ma w Bogu i Jego S\u0142owie. \u015awiadkiem mo\u017ce by\u0107 ten, kto odkry\u0142, \u017ce&nbsp;<em>drogi jest w oczach Boga i \u017ce B\u00f3g go mi\u0142uje&nbsp;<\/em>(por. Iz 43, 4). Duch \u015awi\u0119ty, kt\u00f3ry umo\u017cliwia do\u015bwiadczenie tej mi\u0142o\u015bci, uzdalnia do dzielenia si\u0119 ni\u0105 z innymi, i z\u0142o\u017cenia ca\u0142ej nadziei w Bogu. Dlatego, kierowani mi\u0142o\u015bci\u0105 Serca Jezusa, szukajcie nowych areopag\u00f3w przepowiadania S\u0142owa Bo\u017cego i \u015bwiadczenia mi\u0142osierdzia, tworz\u0105c dogodne warunki dla chrze\u015bcija\u0144skiej formacji, stosownie do wieku, stanu i zawodu. Zasiewanie nadziei musi dokonywa\u0107 si\u0119 na konkretnej glebie umys\u0142u, ducha i cia\u0142a, znajduj\u0105c swoje prze\u0142o\u017cenie w trosce o \u017cycie duchowe i sakramentalne, edukacj\u0119 i kultur\u0119 oraz w zaspokajaniu materialnych potrzeb ludzi ubogich i znajduj\u0105cych si\u0119 na wielorakich peryferiach. Wymaga to zaanga\u017cowania i wsp\u00f3\u0142pracy os\u00f3b duchownych, zakonnych i \u015bwieckich, pe\u0142nych \u017caru Ducha oraz kompetencji.<\/span><\/p>\n<p><span style=\"color: #000000;\">Ka\u017cdy Rok \u015awi\u0119ty w Ko\u015bciele wzywa zar\u00f3wno do przebaczenia i darowania d\u0142ug\u00f3w, jak i do nawr\u00f3cenia, pokuty i pro\u015bby o przebaczenie. Kto szczerym sercem przyjmuje Boga za Pana, ten z pokor\u0105 przyjmuje swoje ograniczenia, a w konsekwencji, przyjmuje i modli si\u0119 za s\u0142abego brata. To jest droga do budowania pokoju Chrystusowego, kt\u00f3rego tak bardzo potrzeba naszemu \u015bwiatu! \u201e<em>Soli Deo honor et gloria<\/em>&#8221; (Jedynie Bogu cze\u015b\u0107 i chwa\u0142a), ten napis umieszczony na fasadzie Waszej katedry niech przypomina \u2013 od Kogo pochodzicie i do Kogo zmierzacie! Kr\u00f3lestwo Bo\u017ce jest po\u015br\u00f3d Was, a jego najwa\u017cniejszym prawem jest przykazanie mi\u0142o\u015bci!<\/span><\/p>\n<p><span style=\"color: #000000;\">\u017bycz\u0119 Wam owocnego prze\u017cycia Roku Jubileuszu w duchu wiary, nadziei i mi\u0142o\u015bci, a polecaj\u0105c Wszystkich wstawiennictwu Matki sprawiedliwo\u015bci i mi\u0142o\u015bci spo\u0142ecznej w Piekarach \u015al\u0105skich oraz \u015bw. Jacka Odrow\u0105\u017ca, z serca udzielam ka\u017cdemu i ka\u017cdej z Was Apostolskiego B\u0142ogos\u0142awie\u0144stwa.<\/span><\/p>\n<p><span style=\"color: #000000;\">Rzym, u \u015awi\u0119tego Jana na Lateranie, dnia 31 pa\u017adziernika 2024 roku.<\/span><\/p>\n<p style=\"text-align: center;\"><span style=\"color: #000000;\">Franciszek|<\/span><\/p>\t\t\t\t\t\t<\/div>\n\t\t\t\t<\/div>\n\t\t\t\t<div class=\"elementor-element elementor-element-ab7b268 elementor-widget-divider--view-line elementor-widget elementor-widget-divider\" data-id=\"ab7b268\" data-element_type=\"widget\" data-widget_type=\"divider.default\">\n\t\t\t\t<div class=\"elementor-widget-container\">\n\t\t\t\t\t<div class=\"elementor-divider\">\n\t\t\t<span class=\"elementor-divider-separator\">\n\t\t\t\t\t\t<\/span>\n\t\t<\/div>\n\t\t\t\t<\/div>\n\t\t\t\t<\/div>\n\t\t\t\t\t<\/div>\n\t\t<\/div>\n\t\t\t\t\t<\/div>\n\t\t<\/section>\n\t\t\t\t<section class=\"elementor-section elementor-top-section elementor-element elementor-element-756ca42 elementor-section-boxed elementor-section-height-default elementor-section-height-default\" data-id=\"756ca42\" data-element_type=\"section\">\n\t\t\t\t\t\t<div class=\"elementor-container elementor-column-gap-default\">\n\t\t\t\t\t<div class=\"elementor-column elementor-col-100 elementor-top-column elementor-element elementor-element-c505b95\" data-id=\"c505b95\" data-element_type=\"column\">\n\t\t\t<div class=\"elementor-widget-wrap elementor-element-populated\">\n\t\t\t\t\t\t<div class=\"elementor-element elementor-element-b52866c elementor-widget elementor-widget-text-editor\" data-id=\"b52866c\" data-element_type=\"widget\" data-widget_type=\"text-editor.default\">\n\t\t\t\t<div class=\"elementor-widget-container\">\n\t\t\t\t\t\t\t<h1 class=\"page-header\" style=\"text-align: center;\"><strong><span style=\"color: #000000;\">Modlitwa jubileuszowa 1925-2025<\/span><\/strong><\/h1>\n<div class=\"articleBody\">\n<p><span style=\"color: #000000;\">Panie, <\/span><span style=\"color: #000000;\">dzi\u0119kujemy Ci za Ko\u015bci\u00f3\u0142 na G\u00f3rnym \u015al\u0105sku. Historia naszej wiary jest d\u0142uga i bogata. Prawda i nadzieja zbawienia, znajomo\u015b\u0107 Boga, kt\u00f3ry jest Mi\u0142o\u015bci\u0105 i do kt\u00f3rego mo\u017cemy razem z Tob\u0105 m\u00f3wi\u0107 \u201eAbba, Ojcze\u201d, dotar\u0142a do naszej ziemi i do naszych przodk\u00f3w przesz\u0142o tysi\u0105c lat temu, z po\u0142udnia i zachodu, z ust i serc g\u0142osicieli Twojej Ewangelii. Niech b\u0119d\u0105 b\u0142ogos\u0142awieni, obdarz ich wieczn\u0105 nagrod\u0105. Panie, nasza diecezja, nasz katowicki Ko\u015bci\u00f3\u0142 istnieje ju\u017c ca\u0142y wiek. Dzi\u0119kujemy Ci za jego istnienie, dobro, \u017cywotno\u015b\u0107, specyfik\u0119. Panie, dzi\u0119kujemy Ci za jego za\u0142o\u017cycieli, za biskup\u00f3w i ksi\u0119\u017cy, za zakonnice i zakonnik\u00f3w, za nasze rodziny i m\u0142odzie\u017c, za dzieci i za ca\u0142y nasz lud. Za ludzi chorych, biednych, wykluczonych, bezrobotnych, bezdomnych, jakkolwiek cierpi\u0105cych \u2013 dzi\u0119kujemy szczeg\u00f3lnie. Ci s\u0105 naszym najdro\u017cszym skarbem. Dzi\u0119kujemy Ci za powo\u0142ania i ko\u015bcio\u0142y, za parafie i sanktuaria, za dzie\u0142a mi\u0142osierdzia i diecezjalne media, za seminarium duchowne i wydzia\u0142 teologiczny. Dzi\u0119kujemy Ci za ka\u017cdy krzy\u017c nam dany, za wszelkie jego postaci, dzi\u0119ki kt\u00f3rym mo\u017cemy wsp\u00f3\u0142cierpie\u0107 dla naszego Ko\u015bcio\u0142a z Tob\u0105 i z ca\u0142ym Ko\u015bcio\u0142em. I s\u0142u\u017cy\u0107 Tobie w zbawianiu \u015bwiata. Panie, dzi\u0119kujemy ci za naszych \u015bwi\u0119tych i b\u0142ogos\u0142awionych, znanych i nieznanych.<\/span><br \/><br \/><span style=\"color: #000000;\">Prosimy Ci\u0119 za ka\u017cd\u0105 i ka\u017cdego z nas, grzesznych \u2013 id\u017a za nami do zbawczego skutku, jak za setn\u0105 owc\u0105. Dzi\u0119kujemy Ci za wszelkie zbawcze owoce tych stu lat. Panie, posy\u0142aj naszemu Ko\u015bcio\u0142owi Pocieszyciela, Ducha Prawdy. Niech nam przypomina wszystko, co nam powiedzia\u0142e\u015b. Prosimy, by nasz Ko\u015bci\u00f3\u0142 by\u0142 najg\u0142\u0119biej Tw\u00f3j, by obfitowa\u0142 w dobre i liczne powo\u0142ania kap\u0142a\u0144skie i zakonne, \u00a0by\u015bmy byli Ci wierni, by nam nigdy nie brak\u0142o wiary, nadziei i mi\u0142o\u015bci. By nasze rodziny by\u0142y \u015bwi\u0119te, sakramentalne, trwa\u0142e i dzietne. Prosimy przez wstawiennictwo naszych \u015bwi\u0119tych patron\u00f3w, Jacka, Barbary i Floriana, za przyczyn\u0105 Pani Piekarskiej, Matki Sprawiedliwo\u015bci i Mi\u0142o\u015bci Spo\u0142ecznej, Tej, kt\u00f3ra w ci\u0105gu tych stu lat nie\u0142atwych dziej\u00f3w, zmiennych, bo zarazem wspania\u0142ych i burzliwych, pomaga\u0142a je zmienia\u0107 w histori\u0119 naszego zbawienia i by\u0142a dla nas zawsze\u00a0<em>Causa Nostrae Laetitiae\u00a0<\/em>\u2013 Przyczyn\u0105 Naszej Rado\u015bci. Matko nasza, kt\u00f3ra pierwsza by\u0142a\u015b Ko\u015bcio\u0142em, pos\u0142uszna i pokorna S\u0142u\u017cebnico Pana, do kt\u00f3rej Jego Anio\u0142 skierowa\u0142 pierwsze s\u0142owo naszego zbawienia: b\u0105d\u017a pozdrowiona, pe\u0142na \u0142aski; zdrowa\u015b Maryjo, raduj si\u0119. Pomnij, \u017ce nigdy nie s\u0142yszano, aby\u015b opu\u015bci\u0142a tego, kto si\u0119 do Ciebie ucieka. B\u0105d\u017a Przyczyn\u0105 Rado\u015bci z Boga dla naszego Ko\u015bcio\u0142a na przysz\u0142e lata \u017cycia i modlitwy, krzy\u017ca i \u015bwi\u0119to\u015bci. <\/span><span style=\"color: #000000;\">Amen.<\/span><br \/><br \/><span style=\"color: #000000;\">Autor: <em>ks. prof. dr hab. Jerzy Szymik<\/em><\/span><\/p>\n<\/div>\t\t\t\t\t\t<\/div>\n\t\t\t\t<\/div>\n\t\t\t\t<div class=\"elementor-element elementor-element-bbf7bfa elementor-widget-divider--view-line elementor-widget elementor-widget-divider\" data-id=\"bbf7bfa\" data-element_type=\"widget\" data-widget_type=\"divider.default\">\n\t\t\t\t<div class=\"elementor-widget-container\">\n\t\t\t\t\t<div class=\"elementor-divider\">\n\t\t\t<span class=\"elementor-divider-separator\">\n\t\t\t\t\t\t<\/span>\n\t\t<\/div>\n\t\t\t\t<\/div>\n\t\t\t\t<\/div>\n\t\t\t\t<div class=\"elementor-element elementor-element-bd28e92 elementor-widget elementor-widget-text-editor\" data-id=\"bd28e92\" data-element_type=\"widget\" data-widget_type=\"text-editor.default\">\n\t\t\t\t<div class=\"elementor-widget-container\">\n\t\t\t\t\t\t\t<h1 style=\"text-align: center;\"><span style=\"color: #800080;\"><strong><em><a style=\"color: #800080;\" href=\"https:\/\/archidiecezjakatowicka.pl\/jubileusz100\">Strona Internetowa Archidiecezji Katowickiej &#8211; Jubileusz 100 lecia\u00a0<\/a><\/em><\/strong><\/span><\/h1>\t\t\t\t\t\t<\/div>\n\t\t\t\t<\/div>\n\t\t\t\t<div class=\"elementor-element elementor-element-269f2ba elementor-widget-divider--view-line elementor-widget elementor-widget-divider\" data-id=\"269f2ba\" data-element_type=\"widget\" data-widget_type=\"divider.default\">\n\t\t\t\t<div class=\"elementor-widget-container\">\n\t\t\t\t\t<div class=\"elementor-divider\">\n\t\t\t<span class=\"elementor-divider-separator\">\n\t\t\t\t\t\t<\/span>\n\t\t<\/div>\n\t\t\t\t<\/div>\n\t\t\t\t<\/div>\n\t\t\t\t\t<\/div>\n\t\t<\/div>\n\t\t\t\t\t<\/div>\n\t\t<\/section>\n\t\t\t\t<section class=\"elementor-section elementor-top-section elementor-element elementor-element-4910033 elementor-section-boxed elementor-section-height-default elementor-section-height-default\" data-id=\"4910033\" data-element_type=\"section\">\n\t\t\t\t\t\t<div class=\"elementor-container elementor-column-gap-default\">\n\t\t\t\t\t<div class=\"elementor-column elementor-col-100 elementor-top-column elementor-element elementor-element-1bf0ef4\" data-id=\"1bf0ef4\" data-element_type=\"column\">\n\t\t\t<div class=\"elementor-widget-wrap elementor-element-populated\">\n\t\t\t\t\t\t<div class=\"elementor-element elementor-element-2278162 elementor-widget elementor-widget-text-editor\" data-id=\"2278162\" data-element_type=\"widget\" data-widget_type=\"text-editor.default\">\n\t\t\t\t<div class=\"elementor-widget-container\">\n\t\t\t\t\t\t\t<h1 style=\"text-align: center;\"><a href=\"https:\/\/archidiecezjakatowicka.pl\/jubileusz100\/3422-kalendarium-celebracji\"><span style=\"color: #ffcc00;\"><em><strong>Kalendarium Jubileuszowych Celebracji Liturgicznych <br \/>w\u00a0 Katedrze Chrystusa Kr\u00f3la w Katowicach<\/strong><\/em><\/span><\/a><\/h1>\t\t\t\t\t\t<\/div>\n\t\t\t\t<\/div>\n\t\t\t\t\t<\/div>\n\t\t<\/div>\n\t\t\t\t\t<\/div>\n\t\t<\/section>\n\t\t\t\t<section class=\"elementor-section elementor-top-section elementor-element elementor-element-e45db3e elementor-section-boxed elementor-section-height-default elementor-section-height-default\" data-id=\"e45db3e\" data-element_type=\"section\">\n\t\t\t\t\t\t<div class=\"elementor-container elementor-column-gap-default\">\n\t\t\t\t\t<div class=\"elementor-column elementor-col-100 elementor-top-column elementor-element elementor-element-c860ee7\" data-id=\"c860ee7\" data-element_type=\"column\">\n\t\t\t<div class=\"elementor-widget-wrap elementor-element-populated\">\n\t\t\t\t\t\t<div class=\"elementor-element elementor-element-272463f elementor-widget-divider--view-line elementor-widget elementor-widget-divider\" data-id=\"272463f\" data-element_type=\"widget\" data-widget_type=\"divider.default\">\n\t\t\t\t<div class=\"elementor-widget-container\">\n\t\t\t\t\t<div class=\"elementor-divider\">\n\t\t\t<span class=\"elementor-divider-separator\">\n\t\t\t\t\t\t<\/span>\n\t\t<\/div>\n\t\t\t\t<\/div>\n\t\t\t\t<\/div>\n\t\t\t\t\t<\/div>\n\t\t<\/div>\n\t\t\t\t\t<\/div>\n\t\t<\/section>\n\t\t\t\t<\/div>\n\t\t","protected":false},"excerpt":{"rendered":"<p>W 2025 roku archidiecezja katowicka\u00a0 obchodzi 100-lecie swojego istnienia.\u015awi\u0119towanie rozpocz\u0119\u0142o si\u0119 od uroczystych nieszpor\u00f3w w Katedrze Chrystusa Kr\u00f3la w Katowicach, w sobot\u0119 23 listopada 2024 r. kt\u00f3rym\u00a0 przewodniczy\u0142 nuncjusz apostolski w Polsce abp. Antonio Guido Filipazzi. Do Czcigodnego BrataJego Ekscelencji Adriana J\u00f3zefa Galbasa, S.A.C.Arcybiskupa Katowickiego Bull\u0105 \u201eVixdum Poloniae unitas&#8222;, z dnia 28 pa\u017adziernika 1925 roku, [&hellip;]<\/p>\n","protected":false},"author":1,"featured_media":2916,"comment_status":"open","ping_status":"open","sticky":false,"template":"","format":"gallery","meta":{"site-sidebar-layout":"default","site-content-layout":"","ast-site-content-layout":"default","site-content-style":"default","site-sidebar-style":"default","ast-global-header-display":"","ast-banner-title-visibility":"","ast-main-header-display":"","ast-hfb-above-header-display":"","ast-hfb-below-header-display":"","ast-hfb-mobile-header-display":"","site-post-title":"","ast-breadcrumbs-content":"","ast-featured-img":"","footer-sml-layout":"","theme-transparent-header-meta":"","adv-header-id-meta":"","stick-header-meta":"","header-above-stick-meta":"","header-main-stick-meta":"","header-below-stick-meta":"","astra-migrate-meta-layouts":"set","ast-page-background-enabled":"default","ast-page-background-meta":{"desktop":{"background-color":"","background-image":"","background-repeat":"repeat","background-position":"center center","background-size":"auto","background-attachment":"scroll","background-type":"","background-media":"","overlay-type":"","overlay-color":"","overlay-opacity":"","overlay-gradient":""},"tablet":{"background-color":"","background-image":"","background-repeat":"repeat","background-position":"center center","background-size":"auto","background-attachment":"scroll","background-type":"","background-media":"","overlay-type":"","overlay-color":"","overlay-opacity":"","overlay-gradient":""},"mobile":{"background-color":"","background-image":"","background-repeat":"repeat","background-position":"center center","background-size":"auto","background-attachment":"scroll","background-type":"","background-media":"","overlay-type":"","overlay-color":"","overlay-opacity":"","overlay-gradient":""}},"ast-content-background-meta":{"desktop":{"background-color":"var(--ast-global-color-5)","background-image":"","background-repeat":"repeat","background-position":"center center","background-size":"auto","background-attachment":"scroll","background-type":"","background-media":"","overlay-type":"","overlay-color":"","overlay-opacity":"","overlay-gradient":""},"tablet":{"background-color":"var(--ast-global-color-5)","background-image":"","background-repeat":"repeat","background-position":"center center","background-size":"auto","background-attachment":"scroll","background-type":"","background-media":"","overlay-type":"","overlay-color":"","overlay-opacity":"","overlay-gradient":""},"mobile":{"background-color":"var(--ast-global-color-5)","background-image":"","background-repeat":"repeat","background-position":"center center","background-size":"auto","background-attachment":"scroll","background-type":"","background-media":"","overlay-type":"","overlay-color":"","overlay-opacity":"","overlay-gradient":""}},"footnotes":""},"categories":[1],"tags":[],"class_list":["post-2920","post","type-post","status-publish","format-gallery","has-post-thumbnail","hentry","category-bez-kategorii","post_format-post-format-gallery"],"_links":{"self":[{"href":"https:\/\/parafiakrywald.pl\/index.php?rest_route=\/wp\/v2\/posts\/2920","targetHints":{"allow":["GET"]}}],"collection":[{"href":"https:\/\/parafiakrywald.pl\/index.php?rest_route=\/wp\/v2\/posts"}],"about":[{"href":"https:\/\/parafiakrywald.pl\/index.php?rest_route=\/wp\/v2\/types\/post"}],"author":[{"embeddable":true,"href":"https:\/\/parafiakrywald.pl\/index.php?rest_route=\/wp\/v2\/users\/1"}],"replies":[{"embeddable":true,"href":"https:\/\/parafiakrywald.pl\/index.php?rest_route=%2Fwp%2Fv2%2Fcomments&post=2920"}],"version-history":[{"count":37,"href":"https:\/\/parafiakrywald.pl\/index.php?rest_route=\/wp\/v2\/posts\/2920\/revisions"}],"predecessor-version":[{"id":2969,"href":"https:\/\/parafiakrywald.pl\/index.php?rest_route=\/wp\/v2\/posts\/2920\/revisions\/2969"}],"wp:featuredmedia":[{"embeddable":true,"href":"https:\/\/parafiakrywald.pl\/index.php?rest_route=\/wp\/v2\/media\/2916"}],"wp:attachment":[{"href":"https:\/\/parafiakrywald.pl\/index.php?rest_route=%2Fwp%2Fv2%2Fmedia&parent=2920"}],"wp:term":[{"taxonomy":"category","embeddable":true,"href":"https:\/\/parafiakrywald.pl\/index.php?rest_route=%2Fwp%2Fv2%2Fcategories&post=2920"},{"taxonomy":"post_tag","embeddable":true,"href":"https:\/\/parafiakrywald.pl\/index.php?rest_route=%2Fwp%2Fv2%2Ftags&post=2920"}],"curies":[{"name":"wp","href":"https:\/\/api.w.org\/{rel}","templated":true}]}}