{"id":587,"date":"2021-06-13T18:11:00","date_gmt":"2021-06-13T16:11:00","guid":{"rendered":"http:\/\/parafiakrywald.pl\/?p=587"},"modified":"2021-08-16T10:59:33","modified_gmt":"2021-08-16T08:59:33","slug":"jubileusz-100-lecia-kosciola","status":"publish","type":"post","link":"https:\/\/parafiakrywald.pl\/?p=587","title":{"rendered":"13 czerwca 2021r.- Odpust ku czci \u015bwi\u0119tgo Antoniego"},"content":{"rendered":"\t\t<div data-elementor-type=\"wp-post\" data-elementor-id=\"587\" class=\"elementor elementor-587\">\n\t\t\t\t\t\t<section class=\"elementor-section elementor-top-section elementor-element elementor-element-b746335 elementor-section-boxed elementor-section-height-default elementor-section-height-default\" data-id=\"b746335\" data-element_type=\"section\">\n\t\t\t\t\t\t<div class=\"elementor-container elementor-column-gap-default\">\n\t\t\t\t\t<div class=\"elementor-column elementor-col-100 elementor-top-column elementor-element elementor-element-5b2663fb\" data-id=\"5b2663fb\" data-element_type=\"column\">\n\t\t\t<div class=\"elementor-widget-wrap elementor-element-populated\">\n\t\t\t\t\t\t<div class=\"elementor-element elementor-element-d1922b1 elementor-widget elementor-widget-heading\" data-id=\"d1922b1\" data-element_type=\"widget\" data-widget_type=\"heading.default\">\n\t\t\t\t<div class=\"elementor-widget-container\">\n\t\t\t<h2 class=\"elementor-heading-title elementor-size-default\">13 czerwca 2021r. - Jubileuszowy odpust ku czci \u015bwi\u0119tego Antoniego z Padwy <\/h2>\t\t<\/div>\n\t\t\t\t<\/div>\n\t\t\t\t<div class=\"elementor-element elementor-element-1953c70 elementor-widget elementor-widget-text-editor\" data-id=\"1953c70\" data-element_type=\"widget\" data-widget_type=\"text-editor.default\">\n\t\t\t\t<div class=\"elementor-widget-container\">\n\t\t\t\t\t\t\t<p><strong>12 i 13 czerwca 2021r. w naszej parafii odbywa\u0142y si\u0119 uroczysto\u015bci odpustowe ku czci \u015bwi\u0119tego Antoniego z Padwy<\/strong><\/p>\t\t\t\t\t\t<\/div>\n\t\t\t\t<\/div>\n\t\t\t\t<div class=\"elementor-element elementor-element-25a5589 elementor-widget elementor-widget-image\" data-id=\"25a5589\" data-element_type=\"widget\" data-widget_type=\"image.default\">\n\t\t\t\t<div class=\"elementor-widget-container\">\n\t\t\t\t\t\t\t\t\t\t\t\t\t<img fetchpriority=\"high\" decoding=\"async\" width=\"768\" height=\"512\" src=\"https:\/\/parafiakrywald.pl\/wp-content\/uploads\/2021\/06\/EOSR0505-768x512.jpg\" class=\"attachment-medium_large size-medium_large wp-image-1081\" alt=\"\" srcset=\"https:\/\/parafiakrywald.pl\/wp-content\/uploads\/2021\/06\/EOSR0505-768x512.jpg 768w, https:\/\/parafiakrywald.pl\/wp-content\/uploads\/2021\/06\/EOSR0505-300x200.jpg 300w, https:\/\/parafiakrywald.pl\/wp-content\/uploads\/2021\/06\/EOSR0505-1024x683.jpg 1024w, https:\/\/parafiakrywald.pl\/wp-content\/uploads\/2021\/06\/EOSR0505-1536x1024.jpg 1536w, https:\/\/parafiakrywald.pl\/wp-content\/uploads\/2021\/06\/EOSR0505-2048x1365.jpg 2048w\" sizes=\"(max-width: 768px) 100vw, 768px\" \/>\t\t\t\t\t\t\t\t\t\t\t\t\t<\/div>\n\t\t\t\t<\/div>\n\t\t\t\t<div class=\"elementor-element elementor-element-7318a52 elementor-widget elementor-widget-text-editor\" data-id=\"7318a52\" data-element_type=\"widget\" data-widget_type=\"text-editor.default\">\n\t\t\t\t<div class=\"elementor-widget-container\">\n\t\t\t\t\t\t\t<p>13 czerwca uroczystej sumie odpustowej o godzinie 11:00 przewodniczy\u0142 oraz okoliczno\u015bciow\u0105 homili\u0119 wyg\u0142osi\u0142 ksi\u0105dz Grzegorz Wieczorek, nasz parafianin. Po s\u0142owach powitania Parafian i Go\u015bci, podzi\u0119kowania za\u00a0 zaproszenie rozpocz\u0119\u0142a si\u0119 okoliczno\u015bciowa homilia:<br \/>\u201eObchodzimy w tym roku wyj\u0105tkowy odpust z okazji\u00a0 100 lecia ko\u015bcio\u0142a w Krywa\u0142dzie. Jest to wielkie wydarzenie dla ca\u0142ej naszej wsp\u00f3lnoty parafialnej. Mamy jednak w\u00a0 tym roku co\u015b wyj\u0105tkowego, bowiem zosta\u0142y tutaj przyniesione do naszego ko\u015bcio\u0142a relikwie \u015bwi\u0119tego Antoniego w pielgrzymce z Katowic z parafii franciszka\u0144skiej, a \u015bwi\u0119ty Antoni by\u0142 w\u0142a\u015bnie franciszkaninem. Relikwiarz zosta\u0142 wykonany z drewna, nawi\u0105zuje do greckiej litery tau. Jest to krzy\u017c franciszka\u0144ski, zwany krzy\u017cem \u015bwi\u0119tego Antoniego.\u201d<\/p>\t\t\t\t\t\t<\/div>\n\t\t\t\t<\/div>\n\t\t\t\t<div class=\"elementor-element elementor-element-d7be767 elementor-widget elementor-widget-image\" data-id=\"d7be767\" data-element_type=\"widget\" data-widget_type=\"image.default\">\n\t\t\t\t<div class=\"elementor-widget-container\">\n\t\t\t\t\t\t\t\t\t\t\t\t\t<img decoding=\"async\" width=\"768\" height=\"549\" src=\"https:\/\/parafiakrywald.pl\/wp-content\/uploads\/2021\/06\/relikwie-1-768x549.jpg\" class=\"attachment-medium_large size-medium_large wp-image-995\" alt=\"\" srcset=\"https:\/\/parafiakrywald.pl\/wp-content\/uploads\/2021\/06\/relikwie-1-768x549.jpg 768w, https:\/\/parafiakrywald.pl\/wp-content\/uploads\/2021\/06\/relikwie-1-300x214.jpg 300w, https:\/\/parafiakrywald.pl\/wp-content\/uploads\/2021\/06\/relikwie-1-1024x732.jpg 1024w, https:\/\/parafiakrywald.pl\/wp-content\/uploads\/2021\/06\/relikwie-1.jpg 1378w\" sizes=\"(max-width: 768px) 100vw, 768px\" \/>\t\t\t\t\t\t\t\t\t\t\t\t\t<\/div>\n\t\t\t\t<\/div>\n\t\t\t\t<div class=\"elementor-element elementor-element-75b477a elementor-widget elementor-widget-text-editor\" data-id=\"75b477a\" data-element_type=\"widget\" data-widget_type=\"text-editor.default\">\n\t\t\t\t<div class=\"elementor-widget-container\">\n\t\t\t\t\t\t\t<p>Nast\u0119pnie przytoczone zosta\u0142y fragmenty \u017cywotu\u00a0 \u015bwi\u0119tego:<\/p>\n<p>\u201e\u015awi\u0119ty Antoni od samego dzieci\u0144stwa pragn\u0105\u0142 by\u0107 ubogim i pobo\u017cnym cz\u0142owiekiem. Pan B\u00f3g obdarzy\u0142 go m\u0105dro\u015bci\u0105 i rozumiem. W ci\u0105gu swojego kr\u00f3tkiego \u017cycia, bo \u017cy\u0142 tylko 36 lat naprawd\u0119 zrobi\u0142 wiele dobrego. Zosta\u0142 franciszkaninem. \u015aw. Antoni mia\u0142 wielki dar przekazywania wiedzy. Dosta\u0142 propozycje by zosta\u0142 profesorem na jednym z uniwersytet\u00f3w, ale nie przyj\u0105\u0142 tej posady, bowiem czu\u0142, \u017ce Pan B\u00f3g obdarzy\u0142 go wielkim talentem, kt\u00f3ry chcia\u0142 wykorzysta\u0107 i kt\u00f3ry przyni\u00f3s\u0142 mu s\u0142aw\u0119 na ca\u0142ym \u015bwiecie. By\u0142 doskona\u0142ym m\u00f3wc\u0105, mia\u0142 niezwykle barwne i poruszaj\u0105ce kazania, mia\u0142 czysty i dono\u015bny g\u0142os. W wielu krajach ludzie gromadzili si\u0119 na rynkach, by go s\u0142ucha\u0107. \u015awi\u0119ty Antoni swoimi kazaniami nawraca\u0142 najwi\u0119kszych grzesznik\u00f3w. By\u0142 prawdziwym lekarzem dusz.\u00a0 \u2026\u201d<\/p>\n<p>Kolejne w\u0105tki homilii dotyczy\u0142y atrybut\u00f3w \u015bwi\u0119tego:<\/p>\n<p>\u201eTypowym wizerunkiem, kt\u00f3ry kojarzy si\u0119 z naszym ko\u015bcio\u0142em jest stary zabytkowy witra\u017c, przedstawiaj\u0105cy \u015bwi\u0119tego Antoniego. Witra\u017ce stawiano najpopularniejszym \u015bwi\u0119tym. Przez witra\u017c przechodzi \u015bwiat\u0142o do ko\u015bcio\u0142a, aby tutaj by\u0142o jasno, przechodz\u0105 promienie s\u0142o\u0144ca i to ma wymowne znaczenie tak przez \u015bwi\u0119tego Antoniego, jakby \u017cy\u0142, przebija\u0142o si\u0119 boskie \u015bwiat\u0142o wiedzy, m\u0105dro\u015bci, po prostu samego Boga. Antoni przedstawia si\u0119 najcz\u0119\u015bciej z dwoma atrybutami w jednej r\u0119ce przedstawiany jest z kwiatem lili, natomiast w drugiej trzyma Dzieci\u0105tko Jezus\u2026\u201d<\/p>\t\t\t\t\t\t<\/div>\n\t\t\t\t<\/div>\n\t\t\t\t<div class=\"elementor-element elementor-element-1b6f257 elementor-widget elementor-widget-image\" data-id=\"1b6f257\" data-element_type=\"widget\" data-widget_type=\"image.default\">\n\t\t\t\t<div class=\"elementor-widget-container\">\n\t\t\t\t\t\t\t\t\t\t\t\t\t<img decoding=\"async\" width=\"768\" height=\"570\" src=\"https:\/\/parafiakrywald.pl\/wp-content\/uploads\/2021\/06\/ant-768x570.jpg\" class=\"attachment-medium_large size-medium_large wp-image-1086\" alt=\"\" srcset=\"https:\/\/parafiakrywald.pl\/wp-content\/uploads\/2021\/06\/ant-768x570.jpg 768w, https:\/\/parafiakrywald.pl\/wp-content\/uploads\/2021\/06\/ant-300x223.jpg 300w, https:\/\/parafiakrywald.pl\/wp-content\/uploads\/2021\/06\/ant-1024x761.jpg 1024w, https:\/\/parafiakrywald.pl\/wp-content\/uploads\/2021\/06\/ant-1536x1141.jpg 1536w, https:\/\/parafiakrywald.pl\/wp-content\/uploads\/2021\/06\/ant.jpg 1924w\" sizes=\"(max-width: 768px) 100vw, 768px\" \/>\t\t\t\t\t\t\t\t\t\t\t\t\t<\/div>\n\t\t\t\t<\/div>\n\t\t\t\t<div class=\"elementor-element elementor-element-06c22cd elementor-widget elementor-widget-text-editor\" data-id=\"06c22cd\" data-element_type=\"widget\" data-widget_type=\"text-editor.default\">\n\t\t\t\t<div class=\"elementor-widget-container\">\n\t\t\t\t\t\t\t<p>Ks. Grzegorz nawi\u0105za\u0142 do jubileuszu 100 lecia naszego ko\u015bcio\u0142a:<\/p><p>&#8222;Wi\u0119kszo\u015b\u0107 z Was zna histori\u0119 naszego ko\u015bcio\u0142a. Jak wiecie kiedy\u015b by\u0142a tutaj fabryka materia\u0142\u00f3w wybuchowych, w roku 1921 mia\u0142 miejsce tutaj najwi\u0119kszy wybuch, kt\u00f3rych poch\u0142on\u0105\u0142 19 ofiar. [\u2026] Co by by\u0142o, gdyby nie by\u0142o tego wybuchu, czy powsta\u0142by tutaj ko\u015bci\u00f3\u0142 \u015bw. Antoniego. Zobaczmy jak z tego tragicznego wybuchu wynik\u0142o co\u015b dobrego. Nie wiemy, czy by\u0142by tutaj ko\u015bci\u00f3\u0142. B\u00f3g potrafi ze z\u0142a wyci\u0105gn\u0105\u0107 dobro. Z ludzkiej tragedii \u015bmierci, powsta\u0142o miejsce w kt\u00f3rym ludzie odradzaj\u0105 si\u0119 do nowego \u017cycia w Bogu. Ludzie kt\u00f3rzy zgin\u0119li przyczynili si\u0119 do powstania miejsca \u015bwi\u0119tego\u2026\u201d<\/p><p>\u00a0<\/p>\t\t\t\t\t\t<\/div>\n\t\t\t\t<\/div>\n\t\t\t\t<div class=\"elementor-element elementor-element-12e2d22 elementor-widget elementor-widget-image\" data-id=\"12e2d22\" data-element_type=\"widget\" data-widget_type=\"image.default\">\n\t\t\t\t<div class=\"elementor-widget-container\">\n\t\t\t\t\t\t\t\t\t\t\t\t\t<img decoding=\"async\" src=\"https:\/\/parafiakrywald.pl\/wp-content\/uploads\/2021\/06\/49.jpg\" title=\"49\" alt=\"\" loading=\"lazy\" \/>\t\t\t\t\t\t\t\t\t\t\t\t\t<\/div>\n\t\t\t\t<\/div>\n\t\t\t\t<div class=\"elementor-element elementor-element-f623255 elementor-widget elementor-widget-text-editor\" data-id=\"f623255\" data-element_type=\"widget\" data-widget_type=\"text-editor.default\">\n\t\t\t\t<div class=\"elementor-widget-container\">\n\t\t\t\t\t\t\t<p>Homili\u0119 zako\u0144czy\u0142y s\u0142owa:<\/p><p>\u201eLudzie, kt\u00f3rzy podczas wybuchu ponad 100 lat temu stracili swoich bliskich, prosili Pana Boga, by mogli po tym wr\u00f3ci\u0107 do normalnego \u017cycia. \u015awi\u0119ty Antoni wstawia si\u0119 zw\u0142aszcza za tymi, kt\u00f3rzy co\u015b stracili. Taki jest patron naszego ko\u015bcio\u0142a, skromny i konsekwentny do samego ko\u0144ca. [\u2026] Wszyscy mo\u017cemy by\u0107 dumni, \u017ce mamy taki pi\u0119kny ko\u015bci\u00f3\u0142. Wdzi\u0119czni tym ludziom, kt\u00f3rzy zgin\u0119li tutaj 100 lat temu i Bogu za to \u015bwi\u0119te miejsce naszego ko\u015bcio\u0142a i \u015bwi\u0119tego Antoniego, kt\u00f3ry jest jego Patronem. Amen \u00a0\u00a0<\/p><p>Uroczyst\u0105 sum\u0119 zako\u0144czy\u0142o tradycyjne nabo\u017ce\u0144stwo do \u015bwi\u0119tego Antoniego oraz procesja teoforyczna. W tym roku Naj\u015bwi\u0119tszy Sakrament niesiony by\u0142 w XVIII wiecznej monstrancji, pochodz\u0105cej z najstarszego knurowskiego ko\u015bcio\u0142a p.w. \u015bw. Wawrzy\u0144ca.\u00a0 \u00a0<\/p><p>Popo\u0142udniu odby\u0142y si\u0119 uroczyste nieszpory odpustowe.<\/p>\t\t\t\t\t\t<\/div>\n\t\t\t\t<\/div>\n\t\t\t\t<div class=\"elementor-element elementor-element-775acdf elementor-widget elementor-widget-image-gallery\" data-id=\"775acdf\" data-element_type=\"widget\" data-widget_type=\"image-gallery.default\">\n\t\t\t\t<div class=\"elementor-widget-container\">\n\t\t\t\t\t<div class=\"elementor-image-gallery\">\n\t\t\t<div id='gallery-1' class='gallery galleryid-587 gallery-columns-5 gallery-size-full'><figure class='gallery-item'>\n\t\t\t<div class='gallery-icon landscape'>\n\t\t\t\t<a data-elementor-open-lightbox=\"yes\" data-elementor-lightbox-slideshow=\"775acdf\" data-elementor-lightbox-title=\"1\" data-e-action-hash=\"#elementor-action%3Aaction%3Dlightbox%26settings%3DeyJpZCI6OTQwLCJ1cmwiOiJodHRwczpcL1wvcGFyYWZpYWtyeXdhbGQucGxcL3dwLWNvbnRlbnRcL3VwbG9hZHNcLzIwMjFcLzA2XC8xLmpwZyIsInNsaWRlc2hvdyI6Ijc3NWFjZGYifQ%3D%3D\" href='https:\/\/parafiakrywald.pl\/wp-content\/uploads\/2021\/06\/1.jpg'><img loading=\"lazy\" decoding=\"async\" width=\"2480\" height=\"1653\" src=\"https:\/\/parafiakrywald.pl\/wp-content\/uploads\/2021\/06\/1.jpg\" class=\"attachment-full size-full\" alt=\"\" srcset=\"https:\/\/parafiakrywald.pl\/wp-content\/uploads\/2021\/06\/1.jpg 2480w, https:\/\/parafiakrywald.pl\/wp-content\/uploads\/2021\/06\/1-300x200.jpg 300w, https:\/\/parafiakrywald.pl\/wp-content\/uploads\/2021\/06\/1-1024x683.jpg 1024w, https:\/\/parafiakrywald.pl\/wp-content\/uploads\/2021\/06\/1-768x512.jpg 768w, https:\/\/parafiakrywald.pl\/wp-content\/uploads\/2021\/06\/1-1536x1024.jpg 1536w, https:\/\/parafiakrywald.pl\/wp-content\/uploads\/2021\/06\/1-2048x1365.jpg 2048w\" sizes=\"(max-width: 2480px) 100vw, 2480px\" \/><\/a>\n\t\t\t<\/div><\/figure><figure class='gallery-item'>\n\t\t\t<div class='gallery-icon landscape'>\n\t\t\t\t<a data-elementor-open-lightbox=\"yes\" data-elementor-lightbox-slideshow=\"775acdf\" data-elementor-lightbox-title=\"2\" data-e-action-hash=\"#elementor-action%3Aaction%3Dlightbox%26settings%3DeyJpZCI6OTQxLCJ1cmwiOiJodHRwczpcL1wvcGFyYWZpYWtyeXdhbGQucGxcL3dwLWNvbnRlbnRcL3VwbG9hZHNcLzIwMjFcLzA2XC8yLmpwZyIsInNsaWRlc2hvdyI6Ijc3NWFjZGYifQ%3D%3D\" href='https:\/\/parafiakrywald.pl\/wp-content\/uploads\/2021\/06\/2.jpg'><img loading=\"lazy\" decoding=\"async\" width=\"2480\" height=\"1653\" src=\"https:\/\/parafiakrywald.pl\/wp-content\/uploads\/2021\/06\/2.jpg\" class=\"attachment-full size-full\" alt=\"\" srcset=\"https:\/\/parafiakrywald.pl\/wp-content\/uploads\/2021\/06\/2.jpg 2480w, https:\/\/parafiakrywald.pl\/wp-content\/uploads\/2021\/06\/2-300x200.jpg 300w, https:\/\/parafiakrywald.pl\/wp-content\/uploads\/2021\/06\/2-1024x683.jpg 1024w, https:\/\/parafiakrywald.pl\/wp-content\/uploads\/2021\/06\/2-768x512.jpg 768w, https:\/\/parafiakrywald.pl\/wp-content\/uploads\/2021\/06\/2-1536x1024.jpg 1536w, https:\/\/parafiakrywald.pl\/wp-content\/uploads\/2021\/06\/2-2048x1365.jpg 2048w\" sizes=\"(max-width: 2480px) 100vw, 2480px\" \/><\/a>\n\t\t\t<\/div><\/figure><figure class='gallery-item'>\n\t\t\t<div class='gallery-icon landscape'>\n\t\t\t\t<a data-elementor-open-lightbox=\"yes\" data-elementor-lightbox-slideshow=\"775acdf\" data-elementor-lightbox-title=\"3\" data-e-action-hash=\"#elementor-action%3Aaction%3Dlightbox%26settings%3DeyJpZCI6OTQyLCJ1cmwiOiJodHRwczpcL1wvcGFyYWZpYWtyeXdhbGQucGxcL3dwLWNvbnRlbnRcL3VwbG9hZHNcLzIwMjFcLzA2XC8zLTEuanBnIiwic2xpZGVzaG93IjoiNzc1YWNkZiJ9\" href='https:\/\/parafiakrywald.pl\/wp-content\/uploads\/2021\/06\/3-1.jpg'><img loading=\"lazy\" decoding=\"async\" width=\"2480\" height=\"1653\" src=\"https:\/\/parafiakrywald.pl\/wp-content\/uploads\/2021\/06\/3-1.jpg\" class=\"attachment-full size-full\" alt=\"\" srcset=\"https:\/\/parafiakrywald.pl\/wp-content\/uploads\/2021\/06\/3-1.jpg 2480w, https:\/\/parafiakrywald.pl\/wp-content\/uploads\/2021\/06\/3-1-300x200.jpg 300w, https:\/\/parafiakrywald.pl\/wp-content\/uploads\/2021\/06\/3-1-1024x683.jpg 1024w, https:\/\/parafiakrywald.pl\/wp-content\/uploads\/2021\/06\/3-1-768x512.jpg 768w, https:\/\/parafiakrywald.pl\/wp-content\/uploads\/2021\/06\/3-1-1536x1024.jpg 1536w, https:\/\/parafiakrywald.pl\/wp-content\/uploads\/2021\/06\/3-1-2048x1365.jpg 2048w\" sizes=\"(max-width: 2480px) 100vw, 2480px\" \/><\/a>\n\t\t\t<\/div><\/figure><figure class='gallery-item'>\n\t\t\t<div class='gallery-icon landscape'>\n\t\t\t\t<a data-elementor-open-lightbox=\"yes\" data-elementor-lightbox-slideshow=\"775acdf\" data-elementor-lightbox-title=\"4\" data-e-action-hash=\"#elementor-action%3Aaction%3Dlightbox%26settings%3DeyJpZCI6OTQzLCJ1cmwiOiJodHRwczpcL1wvcGFyYWZpYWtyeXdhbGQucGxcL3dwLWNvbnRlbnRcL3VwbG9hZHNcLzIwMjFcLzA2XC80LTEuanBnIiwic2xpZGVzaG93IjoiNzc1YWNkZiJ9\" href='https:\/\/parafiakrywald.pl\/wp-content\/uploads\/2021\/06\/4-1.jpg'><img loading=\"lazy\" decoding=\"async\" width=\"2363\" height=\"1652\" src=\"https:\/\/parafiakrywald.pl\/wp-content\/uploads\/2021\/06\/4-1.jpg\" class=\"attachment-full size-full\" alt=\"\" srcset=\"https:\/\/parafiakrywald.pl\/wp-content\/uploads\/2021\/06\/4-1.jpg 2363w, https:\/\/parafiakrywald.pl\/wp-content\/uploads\/2021\/06\/4-1-300x210.jpg 300w, https:\/\/parafiakrywald.pl\/wp-content\/uploads\/2021\/06\/4-1-1024x716.jpg 1024w, https:\/\/parafiakrywald.pl\/wp-content\/uploads\/2021\/06\/4-1-768x537.jpg 768w, https:\/\/parafiakrywald.pl\/wp-content\/uploads\/2021\/06\/4-1-1536x1074.jpg 1536w, https:\/\/parafiakrywald.pl\/wp-content\/uploads\/2021\/06\/4-1-2048x1432.jpg 2048w\" sizes=\"(max-width: 2363px) 100vw, 2363px\" \/><\/a>\n\t\t\t<\/div><\/figure><figure class='gallery-item'>\n\t\t\t<div class='gallery-icon landscape'>\n\t\t\t\t<a data-elementor-open-lightbox=\"yes\" data-elementor-lightbox-slideshow=\"775acdf\" data-elementor-lightbox-title=\"5\" data-e-action-hash=\"#elementor-action%3Aaction%3Dlightbox%26settings%3DeyJpZCI6OTQ0LCJ1cmwiOiJodHRwczpcL1wvcGFyYWZpYWtyeXdhbGQucGxcL3dwLWNvbnRlbnRcL3VwbG9hZHNcLzIwMjFcLzA2XC81LTEuanBnIiwic2xpZGVzaG93IjoiNzc1YWNkZiJ9\" href='https:\/\/parafiakrywald.pl\/wp-content\/uploads\/2021\/06\/5-1.jpg'><img loading=\"lazy\" decoding=\"async\" width=\"2480\" height=\"1653\" src=\"https:\/\/parafiakrywald.pl\/wp-content\/uploads\/2021\/06\/5-1.jpg\" class=\"attachment-full size-full\" alt=\"\" srcset=\"https:\/\/parafiakrywald.pl\/wp-content\/uploads\/2021\/06\/5-1.jpg 2480w, https:\/\/parafiakrywald.pl\/wp-content\/uploads\/2021\/06\/5-1-300x200.jpg 300w, https:\/\/parafiakrywald.pl\/wp-content\/uploads\/2021\/06\/5-1-1024x683.jpg 1024w, https:\/\/parafiakrywald.pl\/wp-content\/uploads\/2021\/06\/5-1-768x512.jpg 768w, https:\/\/parafiakrywald.pl\/wp-content\/uploads\/2021\/06\/5-1-1536x1024.jpg 1536w, https:\/\/parafiakrywald.pl\/wp-content\/uploads\/2021\/06\/5-1-2048x1365.jpg 2048w\" sizes=\"(max-width: 2480px) 100vw, 2480px\" \/><\/a>\n\t\t\t<\/div><\/figure><figure class='gallery-item'>\n\t\t\t<div class='gallery-icon landscape'>\n\t\t\t\t<a data-elementor-open-lightbox=\"yes\" data-elementor-lightbox-slideshow=\"775acdf\" data-elementor-lightbox-title=\"14\" data-e-action-hash=\"#elementor-action%3Aaction%3Dlightbox%26settings%3DeyJpZCI6OTU0LCJ1cmwiOiJodHRwczpcL1wvcGFyYWZpYWtyeXdhbGQucGxcL3dwLWNvbnRlbnRcL3VwbG9hZHNcLzIwMjFcLzA2XC8xNC5qcGciLCJzbGlkZXNob3ciOiI3NzVhY2RmIn0%3D\" href='https:\/\/parafiakrywald.pl\/wp-content\/uploads\/2021\/06\/14.jpg'><img loading=\"lazy\" decoding=\"async\" width=\"2480\" height=\"1653\" src=\"https:\/\/parafiakrywald.pl\/wp-content\/uploads\/2021\/06\/14.jpg\" class=\"attachment-full size-full\" alt=\"\" srcset=\"https:\/\/parafiakrywald.pl\/wp-content\/uploads\/2021\/06\/14.jpg 2480w, https:\/\/parafiakrywald.pl\/wp-content\/uploads\/2021\/06\/14-300x200.jpg 300w, https:\/\/parafiakrywald.pl\/wp-content\/uploads\/2021\/06\/14-1024x683.jpg 1024w, https:\/\/parafiakrywald.pl\/wp-content\/uploads\/2021\/06\/14-768x512.jpg 768w, https:\/\/parafiakrywald.pl\/wp-content\/uploads\/2021\/06\/14-1536x1024.jpg 1536w, https:\/\/parafiakrywald.pl\/wp-content\/uploads\/2021\/06\/14-2048x1365.jpg 2048w\" sizes=\"(max-width: 2480px) 100vw, 2480px\" \/><\/a>\n\t\t\t<\/div><\/figure><figure class='gallery-item'>\n\t\t\t<div class='gallery-icon landscape'>\n\t\t\t\t<a data-elementor-open-lightbox=\"yes\" data-elementor-lightbox-slideshow=\"775acdf\" data-elementor-lightbox-title=\"12\" data-e-action-hash=\"#elementor-action%3Aaction%3Dlightbox%26settings%3DeyJpZCI6OTUxLCJ1cmwiOiJodHRwczpcL1wvcGFyYWZpYWtyeXdhbGQucGxcL3dwLWNvbnRlbnRcL3VwbG9hZHNcLzIwMjFcLzA2XC8xMi5qcGciLCJzbGlkZXNob3ciOiI3NzVhY2RmIn0%3D\" href='https:\/\/parafiakrywald.pl\/wp-content\/uploads\/2021\/06\/12.jpg'><img loading=\"lazy\" decoding=\"async\" width=\"2480\" height=\"1653\" src=\"https:\/\/parafiakrywald.pl\/wp-content\/uploads\/2021\/06\/12.jpg\" class=\"attachment-full size-full\" alt=\"\" srcset=\"https:\/\/parafiakrywald.pl\/wp-content\/uploads\/2021\/06\/12.jpg 2480w, https:\/\/parafiakrywald.pl\/wp-content\/uploads\/2021\/06\/12-300x200.jpg 300w, https:\/\/parafiakrywald.pl\/wp-content\/uploads\/2021\/06\/12-1024x683.jpg 1024w, https:\/\/parafiakrywald.pl\/wp-content\/uploads\/2021\/06\/12-768x512.jpg 768w, https:\/\/parafiakrywald.pl\/wp-content\/uploads\/2021\/06\/12-1536x1024.jpg 1536w, https:\/\/parafiakrywald.pl\/wp-content\/uploads\/2021\/06\/12-2048x1365.jpg 2048w\" sizes=\"(max-width: 2480px) 100vw, 2480px\" \/><\/a>\n\t\t\t<\/div><\/figure><figure class='gallery-item'>\n\t\t\t<div class='gallery-icon landscape'>\n\t\t\t\t<a data-elementor-open-lightbox=\"yes\" data-elementor-lightbox-slideshow=\"775acdf\" data-elementor-lightbox-title=\"10\" data-e-action-hash=\"#elementor-action%3Aaction%3Dlightbox%26settings%3DeyJpZCI6OTQ5LCJ1cmwiOiJodHRwczpcL1wvcGFyYWZpYWtyeXdhbGQucGxcL3dwLWNvbnRlbnRcL3VwbG9hZHNcLzIwMjFcLzA2XC8xMC5qcGciLCJzbGlkZXNob3ciOiI3NzVhY2RmIn0%3D\" href='https:\/\/parafiakrywald.pl\/wp-content\/uploads\/2021\/06\/10.jpg'><img loading=\"lazy\" decoding=\"async\" width=\"2480\" height=\"1653\" src=\"https:\/\/parafiakrywald.pl\/wp-content\/uploads\/2021\/06\/10.jpg\" class=\"attachment-full size-full\" alt=\"\" srcset=\"https:\/\/parafiakrywald.pl\/wp-content\/uploads\/2021\/06\/10.jpg 2480w, https:\/\/parafiakrywald.pl\/wp-content\/uploads\/2021\/06\/10-300x200.jpg 300w, https:\/\/parafiakrywald.pl\/wp-content\/uploads\/2021\/06\/10-1024x683.jpg 1024w, https:\/\/parafiakrywald.pl\/wp-content\/uploads\/2021\/06\/10-768x512.jpg 768w, https:\/\/parafiakrywald.pl\/wp-content\/uploads\/2021\/06\/10-1536x1024.jpg 1536w, https:\/\/parafiakrywald.pl\/wp-content\/uploads\/2021\/06\/10-2048x1365.jpg 2048w\" sizes=\"(max-width: 2480px) 100vw, 2480px\" \/><\/a>\n\t\t\t<\/div><\/figure><figure class='gallery-item'>\n\t\t\t<div class='gallery-icon landscape'>\n\t\t\t\t<a data-elementor-open-lightbox=\"yes\" data-elementor-lightbox-slideshow=\"775acdf\" data-elementor-lightbox-title=\"9\" data-e-action-hash=\"#elementor-action%3Aaction%3Dlightbox%26settings%3DeyJpZCI6OTQ4LCJ1cmwiOiJodHRwczpcL1wvcGFyYWZpYWtyeXdhbGQucGxcL3dwLWNvbnRlbnRcL3VwbG9hZHNcLzIwMjFcLzA2XC85LmpwZyIsInNsaWRlc2hvdyI6Ijc3NWFjZGYifQ%3D%3D\" href='https:\/\/parafiakrywald.pl\/wp-content\/uploads\/2021\/06\/9.jpg'><img loading=\"lazy\" decoding=\"async\" width=\"2480\" height=\"1653\" src=\"https:\/\/parafiakrywald.pl\/wp-content\/uploads\/2021\/06\/9.jpg\" class=\"attachment-full size-full\" alt=\"\" srcset=\"https:\/\/parafiakrywald.pl\/wp-content\/uploads\/2021\/06\/9.jpg 2480w, https:\/\/parafiakrywald.pl\/wp-content\/uploads\/2021\/06\/9-300x200.jpg 300w, https:\/\/parafiakrywald.pl\/wp-content\/uploads\/2021\/06\/9-1024x683.jpg 1024w, https:\/\/parafiakrywald.pl\/wp-content\/uploads\/2021\/06\/9-768x512.jpg 768w, https:\/\/parafiakrywald.pl\/wp-content\/uploads\/2021\/06\/9-1536x1024.jpg 1536w, https:\/\/parafiakrywald.pl\/wp-content\/uploads\/2021\/06\/9-2048x1365.jpg 2048w\" sizes=\"(max-width: 2480px) 100vw, 2480px\" \/><\/a>\n\t\t\t<\/div><\/figure><figure class='gallery-item'>\n\t\t\t<div class='gallery-icon landscape'>\n\t\t\t\t<a data-elementor-open-lightbox=\"yes\" data-elementor-lightbox-slideshow=\"775acdf\" data-elementor-lightbox-title=\"8\" data-e-action-hash=\"#elementor-action%3Aaction%3Dlightbox%26settings%3DeyJpZCI6OTQ3LCJ1cmwiOiJodHRwczpcL1wvcGFyYWZpYWtyeXdhbGQucGxcL3dwLWNvbnRlbnRcL3VwbG9hZHNcLzIwMjFcLzA2XC84LTEuanBnIiwic2xpZGVzaG93IjoiNzc1YWNkZiJ9\" href='https:\/\/parafiakrywald.pl\/wp-content\/uploads\/2021\/06\/8-1.jpg'><img loading=\"lazy\" decoding=\"async\" width=\"2480\" height=\"1653\" src=\"https:\/\/parafiakrywald.pl\/wp-content\/uploads\/2021\/06\/8-1.jpg\" class=\"attachment-full size-full\" alt=\"\" srcset=\"https:\/\/parafiakrywald.pl\/wp-content\/uploads\/2021\/06\/8-1.jpg 2480w, https:\/\/parafiakrywald.pl\/wp-content\/uploads\/2021\/06\/8-1-300x200.jpg 300w, https:\/\/parafiakrywald.pl\/wp-content\/uploads\/2021\/06\/8-1-1024x683.jpg 1024w, https:\/\/parafiakrywald.pl\/wp-content\/uploads\/2021\/06\/8-1-768x512.jpg 768w, https:\/\/parafiakrywald.pl\/wp-content\/uploads\/2021\/06\/8-1-1536x1024.jpg 1536w, https:\/\/parafiakrywald.pl\/wp-content\/uploads\/2021\/06\/8-1-2048x1365.jpg 2048w\" sizes=\"(max-width: 2480px) 100vw, 2480px\" \/><\/a>\n\t\t\t<\/div><\/figure><figure class='gallery-item'>\n\t\t\t<div class='gallery-icon landscape'>\n\t\t\t\t<a data-elementor-open-lightbox=\"yes\" data-elementor-lightbox-slideshow=\"775acdf\" data-elementor-lightbox-title=\"7\" data-e-action-hash=\"#elementor-action%3Aaction%3Dlightbox%26settings%3DeyJpZCI6OTQ2LCJ1cmwiOiJodHRwczpcL1wvcGFyYWZpYWtyeXdhbGQucGxcL3dwLWNvbnRlbnRcL3VwbG9hZHNcLzIwMjFcLzA2XC83LTEuanBnIiwic2xpZGVzaG93IjoiNzc1YWNkZiJ9\" href='https:\/\/parafiakrywald.pl\/wp-content\/uploads\/2021\/06\/7-1.jpg'><img loading=\"lazy\" decoding=\"async\" width=\"2480\" height=\"1653\" src=\"https:\/\/parafiakrywald.pl\/wp-content\/uploads\/2021\/06\/7-1.jpg\" class=\"attachment-full size-full\" alt=\"\" srcset=\"https:\/\/parafiakrywald.pl\/wp-content\/uploads\/2021\/06\/7-1.jpg 2480w, https:\/\/parafiakrywald.pl\/wp-content\/uploads\/2021\/06\/7-1-300x200.jpg 300w, https:\/\/parafiakrywald.pl\/wp-content\/uploads\/2021\/06\/7-1-1024x683.jpg 1024w, https:\/\/parafiakrywald.pl\/wp-content\/uploads\/2021\/06\/7-1-768x512.jpg 768w, https:\/\/parafiakrywald.pl\/wp-content\/uploads\/2021\/06\/7-1-1536x1024.jpg 1536w, https:\/\/parafiakrywald.pl\/wp-content\/uploads\/2021\/06\/7-1-2048x1365.jpg 2048w\" sizes=\"(max-width: 2480px) 100vw, 2480px\" \/><\/a>\n\t\t\t<\/div><\/figure><figure class='gallery-item'>\n\t\t\t<div class='gallery-icon landscape'>\n\t\t\t\t<a data-elementor-open-lightbox=\"yes\" data-elementor-lightbox-slideshow=\"775acdf\" data-elementor-lightbox-title=\"6\" data-e-action-hash=\"#elementor-action%3Aaction%3Dlightbox%26settings%3DeyJpZCI6OTQ1LCJ1cmwiOiJodHRwczpcL1wvcGFyYWZpYWtyeXdhbGQucGxcL3dwLWNvbnRlbnRcL3VwbG9hZHNcLzIwMjFcLzA2XC82LTEuanBnIiwic2xpZGVzaG93IjoiNzc1YWNkZiJ9\" href='https:\/\/parafiakrywald.pl\/wp-content\/uploads\/2021\/06\/6-1.jpg'><img loading=\"lazy\" decoding=\"async\" width=\"2480\" height=\"1653\" src=\"https:\/\/parafiakrywald.pl\/wp-content\/uploads\/2021\/06\/6-1.jpg\" class=\"attachment-full size-full\" alt=\"\" srcset=\"https:\/\/parafiakrywald.pl\/wp-content\/uploads\/2021\/06\/6-1.jpg 2480w, https:\/\/parafiakrywald.pl\/wp-content\/uploads\/2021\/06\/6-1-300x200.jpg 300w, https:\/\/parafiakrywald.pl\/wp-content\/uploads\/2021\/06\/6-1-1024x683.jpg 1024w, https:\/\/parafiakrywald.pl\/wp-content\/uploads\/2021\/06\/6-1-768x512.jpg 768w, https:\/\/parafiakrywald.pl\/wp-content\/uploads\/2021\/06\/6-1-1536x1024.jpg 1536w, https:\/\/parafiakrywald.pl\/wp-content\/uploads\/2021\/06\/6-1-2048x1365.jpg 2048w\" sizes=\"(max-width: 2480px) 100vw, 2480px\" \/><\/a>\n\t\t\t<\/div><\/figure><figure class='gallery-item'>\n\t\t\t<div class='gallery-icon landscape'>\n\t\t\t\t<a data-elementor-open-lightbox=\"yes\" data-elementor-lightbox-slideshow=\"775acdf\" data-elementor-lightbox-title=\"15\" data-e-action-hash=\"#elementor-action%3Aaction%3Dlightbox%26settings%3DeyJpZCI6OTU1LCJ1cmwiOiJodHRwczpcL1wvcGFyYWZpYWtyeXdhbGQucGxcL3dwLWNvbnRlbnRcL3VwbG9hZHNcLzIwMjFcLzA2XC8xNS5qcGciLCJzbGlkZXNob3ciOiI3NzVhY2RmIn0%3D\" href='https:\/\/parafiakrywald.pl\/wp-content\/uploads\/2021\/06\/15.jpg'><img loading=\"lazy\" decoding=\"async\" width=\"2480\" height=\"1653\" src=\"https:\/\/parafiakrywald.pl\/wp-content\/uploads\/2021\/06\/15.jpg\" class=\"attachment-full size-full\" alt=\"\" srcset=\"https:\/\/parafiakrywald.pl\/wp-content\/uploads\/2021\/06\/15.jpg 2480w, https:\/\/parafiakrywald.pl\/wp-content\/uploads\/2021\/06\/15-300x200.jpg 300w, https:\/\/parafiakrywald.pl\/wp-content\/uploads\/2021\/06\/15-1024x683.jpg 1024w, https:\/\/parafiakrywald.pl\/wp-content\/uploads\/2021\/06\/15-768x512.jpg 768w, https:\/\/parafiakrywald.pl\/wp-content\/uploads\/2021\/06\/15-1536x1024.jpg 1536w, https:\/\/parafiakrywald.pl\/wp-content\/uploads\/2021\/06\/15-2048x1365.jpg 2048w\" sizes=\"(max-width: 2480px) 100vw, 2480px\" \/><\/a>\n\t\t\t<\/div><\/figure><figure class='gallery-item'>\n\t\t\t<div class='gallery-icon landscape'>\n\t\t\t\t<a data-elementor-open-lightbox=\"yes\" data-elementor-lightbox-slideshow=\"775acdf\" data-elementor-lightbox-title=\"16\" data-e-action-hash=\"#elementor-action%3Aaction%3Dlightbox%26settings%3DeyJpZCI6OTU2LCJ1cmwiOiJodHRwczpcL1wvcGFyYWZpYWtyeXdhbGQucGxcL3dwLWNvbnRlbnRcL3VwbG9hZHNcLzIwMjFcLzA2XC8xNi5qcGciLCJzbGlkZXNob3ciOiI3NzVhY2RmIn0%3D\" href='https:\/\/parafiakrywald.pl\/wp-content\/uploads\/2021\/06\/16.jpg'><img loading=\"lazy\" decoding=\"async\" width=\"2480\" height=\"1653\" src=\"https:\/\/parafiakrywald.pl\/wp-content\/uploads\/2021\/06\/16.jpg\" class=\"attachment-full size-full\" alt=\"\" srcset=\"https:\/\/parafiakrywald.pl\/wp-content\/uploads\/2021\/06\/16.jpg 2480w, https:\/\/parafiakrywald.pl\/wp-content\/uploads\/2021\/06\/16-300x200.jpg 300w, https:\/\/parafiakrywald.pl\/wp-content\/uploads\/2021\/06\/16-1024x683.jpg 1024w, https:\/\/parafiakrywald.pl\/wp-content\/uploads\/2021\/06\/16-768x512.jpg 768w, https:\/\/parafiakrywald.pl\/wp-content\/uploads\/2021\/06\/16-1536x1024.jpg 1536w, https:\/\/parafiakrywald.pl\/wp-content\/uploads\/2021\/06\/16-2048x1365.jpg 2048w\" sizes=\"(max-width: 2480px) 100vw, 2480px\" \/><\/a>\n\t\t\t<\/div><\/figure><figure class='gallery-item'>\n\t\t\t<div class='gallery-icon landscape'>\n\t\t\t\t<a data-elementor-open-lightbox=\"yes\" data-elementor-lightbox-slideshow=\"775acdf\" data-elementor-lightbox-title=\"17\" data-e-action-hash=\"#elementor-action%3Aaction%3Dlightbox%26settings%3DeyJpZCI6OTU3LCJ1cmwiOiJodHRwczpcL1wvcGFyYWZpYWtyeXdhbGQucGxcL3dwLWNvbnRlbnRcL3VwbG9hZHNcLzIwMjFcLzA2XC8xNy5qcGciLCJzbGlkZXNob3ciOiI3NzVhY2RmIn0%3D\" href='https:\/\/parafiakrywald.pl\/wp-content\/uploads\/2021\/06\/17.jpg'><img loading=\"lazy\" decoding=\"async\" width=\"2480\" height=\"1653\" src=\"https:\/\/parafiakrywald.pl\/wp-content\/uploads\/2021\/06\/17.jpg\" class=\"attachment-full size-full\" alt=\"\" srcset=\"https:\/\/parafiakrywald.pl\/wp-content\/uploads\/2021\/06\/17.jpg 2480w, https:\/\/parafiakrywald.pl\/wp-content\/uploads\/2021\/06\/17-300x200.jpg 300w, https:\/\/parafiakrywald.pl\/wp-content\/uploads\/2021\/06\/17-1024x683.jpg 1024w, https:\/\/parafiakrywald.pl\/wp-content\/uploads\/2021\/06\/17-768x512.jpg 768w, https:\/\/parafiakrywald.pl\/wp-content\/uploads\/2021\/06\/17-1536x1024.jpg 1536w, https:\/\/parafiakrywald.pl\/wp-content\/uploads\/2021\/06\/17-2048x1365.jpg 2048w\" sizes=\"(max-width: 2480px) 100vw, 2480px\" \/><\/a>\n\t\t\t<\/div><\/figure><figure class='gallery-item'>\n\t\t\t<div class='gallery-icon landscape'>\n\t\t\t\t<a data-elementor-open-lightbox=\"yes\" data-elementor-lightbox-slideshow=\"775acdf\" data-elementor-lightbox-title=\"18\" data-e-action-hash=\"#elementor-action%3Aaction%3Dlightbox%26settings%3DeyJpZCI6OTU4LCJ1cmwiOiJodHRwczpcL1wvcGFyYWZpYWtyeXdhbGQucGxcL3dwLWNvbnRlbnRcL3VwbG9hZHNcLzIwMjFcLzA2XC8xOC5qcGciLCJzbGlkZXNob3ciOiI3NzVhY2RmIn0%3D\" href='https:\/\/parafiakrywald.pl\/wp-content\/uploads\/2021\/06\/18.jpg'><img loading=\"lazy\" decoding=\"async\" width=\"2480\" height=\"1653\" src=\"https:\/\/parafiakrywald.pl\/wp-content\/uploads\/2021\/06\/18.jpg\" class=\"attachment-full size-full\" alt=\"\" srcset=\"https:\/\/parafiakrywald.pl\/wp-content\/uploads\/2021\/06\/18.jpg 2480w, https:\/\/parafiakrywald.pl\/wp-content\/uploads\/2021\/06\/18-300x200.jpg 300w, https:\/\/parafiakrywald.pl\/wp-content\/uploads\/2021\/06\/18-1024x683.jpg 1024w, https:\/\/parafiakrywald.pl\/wp-content\/uploads\/2021\/06\/18-768x512.jpg 768w, https:\/\/parafiakrywald.pl\/wp-content\/uploads\/2021\/06\/18-1536x1024.jpg 1536w, https:\/\/parafiakrywald.pl\/wp-content\/uploads\/2021\/06\/18-2048x1365.jpg 2048w\" sizes=\"(max-width: 2480px) 100vw, 2480px\" \/><\/a>\n\t\t\t<\/div><\/figure><figure class='gallery-item'>\n\t\t\t<div class='gallery-icon landscape'>\n\t\t\t\t<a data-elementor-open-lightbox=\"yes\" data-elementor-lightbox-slideshow=\"775acdf\" data-elementor-lightbox-title=\"19\" data-e-action-hash=\"#elementor-action%3Aaction%3Dlightbox%26settings%3DeyJpZCI6OTU5LCJ1cmwiOiJodHRwczpcL1wvcGFyYWZpYWtyeXdhbGQucGxcL3dwLWNvbnRlbnRcL3VwbG9hZHNcLzIwMjFcLzA2XC8xOS5qcGciLCJzbGlkZXNob3ciOiI3NzVhY2RmIn0%3D\" href='https:\/\/parafiakrywald.pl\/wp-content\/uploads\/2021\/06\/19.jpg'><img loading=\"lazy\" decoding=\"async\" width=\"2480\" height=\"1653\" src=\"https:\/\/parafiakrywald.pl\/wp-content\/uploads\/2021\/06\/19.jpg\" class=\"attachment-full size-full\" alt=\"\" srcset=\"https:\/\/parafiakrywald.pl\/wp-content\/uploads\/2021\/06\/19.jpg 2480w, https:\/\/parafiakrywald.pl\/wp-content\/uploads\/2021\/06\/19-300x200.jpg 300w, https:\/\/parafiakrywald.pl\/wp-content\/uploads\/2021\/06\/19-1024x683.jpg 1024w, https:\/\/parafiakrywald.pl\/wp-content\/uploads\/2021\/06\/19-768x512.jpg 768w, https:\/\/parafiakrywald.pl\/wp-content\/uploads\/2021\/06\/19-1536x1024.jpg 1536w, https:\/\/parafiakrywald.pl\/wp-content\/uploads\/2021\/06\/19-2048x1365.jpg 2048w\" sizes=\"(max-width: 2480px) 100vw, 2480px\" \/><\/a>\n\t\t\t<\/div><\/figure><figure class='gallery-item'>\n\t\t\t<div class='gallery-icon landscape'>\n\t\t\t\t<a data-elementor-open-lightbox=\"yes\" data-elementor-lightbox-slideshow=\"775acdf\" data-elementor-lightbox-title=\"20\" data-e-action-hash=\"#elementor-action%3Aaction%3Dlightbox%26settings%3DeyJpZCI6OTYwLCJ1cmwiOiJodHRwczpcL1wvcGFyYWZpYWtyeXdhbGQucGxcL3dwLWNvbnRlbnRcL3VwbG9hZHNcLzIwMjFcLzA2XC8yMC5qcGciLCJzbGlkZXNob3ciOiI3NzVhY2RmIn0%3D\" href='https:\/\/parafiakrywald.pl\/wp-content\/uploads\/2021\/06\/20.jpg'><img loading=\"lazy\" decoding=\"async\" width=\"2480\" height=\"1653\" src=\"https:\/\/parafiakrywald.pl\/wp-content\/uploads\/2021\/06\/20.jpg\" class=\"attachment-full size-full\" alt=\"\" srcset=\"https:\/\/parafiakrywald.pl\/wp-content\/uploads\/2021\/06\/20.jpg 2480w, https:\/\/parafiakrywald.pl\/wp-content\/uploads\/2021\/06\/20-300x200.jpg 300w, https:\/\/parafiakrywald.pl\/wp-content\/uploads\/2021\/06\/20-1024x683.jpg 1024w, https:\/\/parafiakrywald.pl\/wp-content\/uploads\/2021\/06\/20-768x512.jpg 768w, https:\/\/parafiakrywald.pl\/wp-content\/uploads\/2021\/06\/20-1536x1024.jpg 1536w, https:\/\/parafiakrywald.pl\/wp-content\/uploads\/2021\/06\/20-2048x1365.jpg 2048w\" sizes=\"(max-width: 2480px) 100vw, 2480px\" \/><\/a>\n\t\t\t<\/div><\/figure><figure class='gallery-item'>\n\t\t\t<div class='gallery-icon landscape'>\n\t\t\t\t<a data-elementor-open-lightbox=\"yes\" data-elementor-lightbox-slideshow=\"775acdf\" data-elementor-lightbox-title=\"22\" data-e-action-hash=\"#elementor-action%3Aaction%3Dlightbox%26settings%3DeyJpZCI6OTYyLCJ1cmwiOiJodHRwczpcL1wvcGFyYWZpYWtyeXdhbGQucGxcL3dwLWNvbnRlbnRcL3VwbG9hZHNcLzIwMjFcLzA2XC8yMi5qcGciLCJzbGlkZXNob3ciOiI3NzVhY2RmIn0%3D\" href='https:\/\/parafiakrywald.pl\/wp-content\/uploads\/2021\/06\/22.jpg'><img loading=\"lazy\" decoding=\"async\" width=\"2480\" height=\"1653\" src=\"https:\/\/parafiakrywald.pl\/wp-content\/uploads\/2021\/06\/22.jpg\" class=\"attachment-full size-full\" alt=\"\" srcset=\"https:\/\/parafiakrywald.pl\/wp-content\/uploads\/2021\/06\/22.jpg 2480w, https:\/\/parafiakrywald.pl\/wp-content\/uploads\/2021\/06\/22-300x200.jpg 300w, https:\/\/parafiakrywald.pl\/wp-content\/uploads\/2021\/06\/22-1024x683.jpg 1024w, https:\/\/parafiakrywald.pl\/wp-content\/uploads\/2021\/06\/22-768x512.jpg 768w, https:\/\/parafiakrywald.pl\/wp-content\/uploads\/2021\/06\/22-1536x1024.jpg 1536w, https:\/\/parafiakrywald.pl\/wp-content\/uploads\/2021\/06\/22-2048x1365.jpg 2048w\" sizes=\"(max-width: 2480px) 100vw, 2480px\" \/><\/a>\n\t\t\t<\/div><\/figure><figure class='gallery-item'>\n\t\t\t<div class='gallery-icon landscape'>\n\t\t\t\t<a data-elementor-open-lightbox=\"yes\" data-elementor-lightbox-slideshow=\"775acdf\" data-elementor-lightbox-title=\"23\" data-e-action-hash=\"#elementor-action%3Aaction%3Dlightbox%26settings%3DeyJpZCI6OTYzLCJ1cmwiOiJodHRwczpcL1wvcGFyYWZpYWtyeXdhbGQucGxcL3dwLWNvbnRlbnRcL3VwbG9hZHNcLzIwMjFcLzA2XC8yMy5qcGciLCJzbGlkZXNob3ciOiI3NzVhY2RmIn0%3D\" href='https:\/\/parafiakrywald.pl\/wp-content\/uploads\/2021\/06\/23.jpg'><img loading=\"lazy\" decoding=\"async\" width=\"2480\" height=\"1653\" src=\"https:\/\/parafiakrywald.pl\/wp-content\/uploads\/2021\/06\/23.jpg\" class=\"attachment-full size-full\" alt=\"\" srcset=\"https:\/\/parafiakrywald.pl\/wp-content\/uploads\/2021\/06\/23.jpg 2480w, https:\/\/parafiakrywald.pl\/wp-content\/uploads\/2021\/06\/23-300x200.jpg 300w, https:\/\/parafiakrywald.pl\/wp-content\/uploads\/2021\/06\/23-1024x683.jpg 1024w, https:\/\/parafiakrywald.pl\/wp-content\/uploads\/2021\/06\/23-768x512.jpg 768w, https:\/\/parafiakrywald.pl\/wp-content\/uploads\/2021\/06\/23-1536x1024.jpg 1536w, https:\/\/parafiakrywald.pl\/wp-content\/uploads\/2021\/06\/23-2048x1365.jpg 2048w\" sizes=\"(max-width: 2480px) 100vw, 2480px\" \/><\/a>\n\t\t\t<\/div><\/figure><figure class='gallery-item'>\n\t\t\t<div class='gallery-icon landscape'>\n\t\t\t\t<a data-elementor-open-lightbox=\"yes\" data-elementor-lightbox-slideshow=\"775acdf\" data-elementor-lightbox-title=\"33\" data-e-action-hash=\"#elementor-action%3Aaction%3Dlightbox%26settings%3DeyJpZCI6OTcyLCJ1cmwiOiJodHRwczpcL1wvcGFyYWZpYWtyeXdhbGQucGxcL3dwLWNvbnRlbnRcL3VwbG9hZHNcLzIwMjFcLzA2XC8zMy5qcGciLCJzbGlkZXNob3ciOiI3NzVhY2RmIn0%3D\" href='https:\/\/parafiakrywald.pl\/wp-content\/uploads\/2021\/06\/33.jpg'><img loading=\"lazy\" decoding=\"async\" width=\"2480\" height=\"1653\" src=\"https:\/\/parafiakrywald.pl\/wp-content\/uploads\/2021\/06\/33.jpg\" class=\"attachment-full size-full\" alt=\"\" srcset=\"https:\/\/parafiakrywald.pl\/wp-content\/uploads\/2021\/06\/33.jpg 2480w, https:\/\/parafiakrywald.pl\/wp-content\/uploads\/2021\/06\/33-300x200.jpg 300w, https:\/\/parafiakrywald.pl\/wp-content\/uploads\/2021\/06\/33-1024x683.jpg 1024w, https:\/\/parafiakrywald.pl\/wp-content\/uploads\/2021\/06\/33-768x512.jpg 768w, https:\/\/parafiakrywald.pl\/wp-content\/uploads\/2021\/06\/33-1536x1024.jpg 1536w, https:\/\/parafiakrywald.pl\/wp-content\/uploads\/2021\/06\/33-2048x1365.jpg 2048w\" sizes=\"(max-width: 2480px) 100vw, 2480px\" \/><\/a>\n\t\t\t<\/div><\/figure><figure class='gallery-item'>\n\t\t\t<div class='gallery-icon landscape'>\n\t\t\t\t<a data-elementor-open-lightbox=\"yes\" data-elementor-lightbox-slideshow=\"775acdf\" data-elementor-lightbox-title=\"32\" data-e-action-hash=\"#elementor-action%3Aaction%3Dlightbox%26settings%3DeyJpZCI6OTcxLCJ1cmwiOiJodHRwczpcL1wvcGFyYWZpYWtyeXdhbGQucGxcL3dwLWNvbnRlbnRcL3VwbG9hZHNcLzIwMjFcLzA2XC8zMi5qcGciLCJzbGlkZXNob3ciOiI3NzVhY2RmIn0%3D\" href='https:\/\/parafiakrywald.pl\/wp-content\/uploads\/2021\/06\/32.jpg'><img loading=\"lazy\" decoding=\"async\" width=\"2480\" height=\"1653\" src=\"https:\/\/parafiakrywald.pl\/wp-content\/uploads\/2021\/06\/32.jpg\" class=\"attachment-full size-full\" alt=\"\" srcset=\"https:\/\/parafiakrywald.pl\/wp-content\/uploads\/2021\/06\/32.jpg 2480w, https:\/\/parafiakrywald.pl\/wp-content\/uploads\/2021\/06\/32-300x200.jpg 300w, https:\/\/parafiakrywald.pl\/wp-content\/uploads\/2021\/06\/32-1024x683.jpg 1024w, https:\/\/parafiakrywald.pl\/wp-content\/uploads\/2021\/06\/32-768x512.jpg 768w, https:\/\/parafiakrywald.pl\/wp-content\/uploads\/2021\/06\/32-1536x1024.jpg 1536w, https:\/\/parafiakrywald.pl\/wp-content\/uploads\/2021\/06\/32-2048x1365.jpg 2048w\" sizes=\"(max-width: 2480px) 100vw, 2480px\" \/><\/a>\n\t\t\t<\/div><\/figure><figure class='gallery-item'>\n\t\t\t<div class='gallery-icon landscape'>\n\t\t\t\t<a data-elementor-open-lightbox=\"yes\" data-elementor-lightbox-slideshow=\"775acdf\" data-elementor-lightbox-title=\"31\" data-e-action-hash=\"#elementor-action%3Aaction%3Dlightbox%26settings%3DeyJpZCI6OTcwLCJ1cmwiOiJodHRwczpcL1wvcGFyYWZpYWtyeXdhbGQucGxcL3dwLWNvbnRlbnRcL3VwbG9hZHNcLzIwMjFcLzA2XC8zMS5qcGciLCJzbGlkZXNob3ciOiI3NzVhY2RmIn0%3D\" href='https:\/\/parafiakrywald.pl\/wp-content\/uploads\/2021\/06\/31.jpg'><img loading=\"lazy\" decoding=\"async\" width=\"2480\" height=\"1653\" src=\"https:\/\/parafiakrywald.pl\/wp-content\/uploads\/2021\/06\/31.jpg\" class=\"attachment-full size-full\" alt=\"\" srcset=\"https:\/\/parafiakrywald.pl\/wp-content\/uploads\/2021\/06\/31.jpg 2480w, https:\/\/parafiakrywald.pl\/wp-content\/uploads\/2021\/06\/31-300x200.jpg 300w, https:\/\/parafiakrywald.pl\/wp-content\/uploads\/2021\/06\/31-1024x683.jpg 1024w, https:\/\/parafiakrywald.pl\/wp-content\/uploads\/2021\/06\/31-768x512.jpg 768w, https:\/\/parafiakrywald.pl\/wp-content\/uploads\/2021\/06\/31-1536x1024.jpg 1536w, https:\/\/parafiakrywald.pl\/wp-content\/uploads\/2021\/06\/31-2048x1365.jpg 2048w\" sizes=\"(max-width: 2480px) 100vw, 2480px\" \/><\/a>\n\t\t\t<\/div><\/figure><figure class='gallery-item'>\n\t\t\t<div class='gallery-icon landscape'>\n\t\t\t\t<a data-elementor-open-lightbox=\"yes\" data-elementor-lightbox-slideshow=\"775acdf\" data-elementor-lightbox-title=\"30\" data-e-action-hash=\"#elementor-action%3Aaction%3Dlightbox%26settings%3DeyJpZCI6OTY5LCJ1cmwiOiJodHRwczpcL1wvcGFyYWZpYWtyeXdhbGQucGxcL3dwLWNvbnRlbnRcL3VwbG9hZHNcLzIwMjFcLzA2XC8zMC5qcGciLCJzbGlkZXNob3ciOiI3NzVhY2RmIn0%3D\" href='https:\/\/parafiakrywald.pl\/wp-content\/uploads\/2021\/06\/30.jpg'><img loading=\"lazy\" decoding=\"async\" width=\"2480\" height=\"1653\" src=\"https:\/\/parafiakrywald.pl\/wp-content\/uploads\/2021\/06\/30.jpg\" class=\"attachment-full size-full\" alt=\"\" srcset=\"https:\/\/parafiakrywald.pl\/wp-content\/uploads\/2021\/06\/30.jpg 2480w, https:\/\/parafiakrywald.pl\/wp-content\/uploads\/2021\/06\/30-300x200.jpg 300w, https:\/\/parafiakrywald.pl\/wp-content\/uploads\/2021\/06\/30-1024x683.jpg 1024w, https:\/\/parafiakrywald.pl\/wp-content\/uploads\/2021\/06\/30-768x512.jpg 768w, https:\/\/parafiakrywald.pl\/wp-content\/uploads\/2021\/06\/30-1536x1024.jpg 1536w, https:\/\/parafiakrywald.pl\/wp-content\/uploads\/2021\/06\/30-2048x1365.jpg 2048w\" sizes=\"(max-width: 2480px) 100vw, 2480px\" \/><\/a>\n\t\t\t<\/div><\/figure><figure class='gallery-item'>\n\t\t\t<div class='gallery-icon landscape'>\n\t\t\t\t<a data-elementor-open-lightbox=\"yes\" data-elementor-lightbox-slideshow=\"775acdf\" data-elementor-lightbox-title=\"29\" data-e-action-hash=\"#elementor-action%3Aaction%3Dlightbox%26settings%3DeyJpZCI6OTY4LCJ1cmwiOiJodHRwczpcL1wvcGFyYWZpYWtyeXdhbGQucGxcL3dwLWNvbnRlbnRcL3VwbG9hZHNcLzIwMjFcLzA2XC8yOS5qcGciLCJzbGlkZXNob3ciOiI3NzVhY2RmIn0%3D\" href='https:\/\/parafiakrywald.pl\/wp-content\/uploads\/2021\/06\/29.jpg'><img loading=\"lazy\" decoding=\"async\" width=\"2480\" height=\"1653\" src=\"https:\/\/parafiakrywald.pl\/wp-content\/uploads\/2021\/06\/29.jpg\" class=\"attachment-full size-full\" alt=\"\" srcset=\"https:\/\/parafiakrywald.pl\/wp-content\/uploads\/2021\/06\/29.jpg 2480w, https:\/\/parafiakrywald.pl\/wp-content\/uploads\/2021\/06\/29-300x200.jpg 300w, https:\/\/parafiakrywald.pl\/wp-content\/uploads\/2021\/06\/29-1024x683.jpg 1024w, https:\/\/parafiakrywald.pl\/wp-content\/uploads\/2021\/06\/29-768x512.jpg 768w, https:\/\/parafiakrywald.pl\/wp-content\/uploads\/2021\/06\/29-1536x1024.jpg 1536w, https:\/\/parafiakrywald.pl\/wp-content\/uploads\/2021\/06\/29-2048x1365.jpg 2048w\" sizes=\"(max-width: 2480px) 100vw, 2480px\" \/><\/a>\n\t\t\t<\/div><\/figure><figure class='gallery-item'>\n\t\t\t<div class='gallery-icon landscape'>\n\t\t\t\t<a data-elementor-open-lightbox=\"yes\" data-elementor-lightbox-slideshow=\"775acdf\" data-elementor-lightbox-title=\"28\" data-e-action-hash=\"#elementor-action%3Aaction%3Dlightbox%26settings%3DeyJpZCI6OTY3LCJ1cmwiOiJodHRwczpcL1wvcGFyYWZpYWtyeXdhbGQucGxcL3dwLWNvbnRlbnRcL3VwbG9hZHNcLzIwMjFcLzA2XC8yOC5qcGciLCJzbGlkZXNob3ciOiI3NzVhY2RmIn0%3D\" href='https:\/\/parafiakrywald.pl\/wp-content\/uploads\/2021\/06\/28.jpg'><img loading=\"lazy\" decoding=\"async\" width=\"2480\" height=\"1653\" src=\"https:\/\/parafiakrywald.pl\/wp-content\/uploads\/2021\/06\/28.jpg\" class=\"attachment-full size-full\" alt=\"\" srcset=\"https:\/\/parafiakrywald.pl\/wp-content\/uploads\/2021\/06\/28.jpg 2480w, https:\/\/parafiakrywald.pl\/wp-content\/uploads\/2021\/06\/28-300x200.jpg 300w, https:\/\/parafiakrywald.pl\/wp-content\/uploads\/2021\/06\/28-1024x683.jpg 1024w, https:\/\/parafiakrywald.pl\/wp-content\/uploads\/2021\/06\/28-768x512.jpg 768w, https:\/\/parafiakrywald.pl\/wp-content\/uploads\/2021\/06\/28-1536x1024.jpg 1536w, https:\/\/parafiakrywald.pl\/wp-content\/uploads\/2021\/06\/28-2048x1365.jpg 2048w\" sizes=\"(max-width: 2480px) 100vw, 2480px\" \/><\/a>\n\t\t\t<\/div><\/figure><figure class='gallery-item'>\n\t\t\t<div class='gallery-icon landscape'>\n\t\t\t\t<a data-elementor-open-lightbox=\"yes\" data-elementor-lightbox-slideshow=\"775acdf\" data-elementor-lightbox-title=\"34\" data-e-action-hash=\"#elementor-action%3Aaction%3Dlightbox%26settings%3DeyJpZCI6OTczLCJ1cmwiOiJodHRwczpcL1wvcGFyYWZpYWtyeXdhbGQucGxcL3dwLWNvbnRlbnRcL3VwbG9hZHNcLzIwMjFcLzA2XC8zNC5qcGciLCJzbGlkZXNob3ciOiI3NzVhY2RmIn0%3D\" href='https:\/\/parafiakrywald.pl\/wp-content\/uploads\/2021\/06\/34.jpg'><img loading=\"lazy\" decoding=\"async\" width=\"2480\" height=\"1653\" src=\"https:\/\/parafiakrywald.pl\/wp-content\/uploads\/2021\/06\/34.jpg\" class=\"attachment-full size-full\" alt=\"\" srcset=\"https:\/\/parafiakrywald.pl\/wp-content\/uploads\/2021\/06\/34.jpg 2480w, https:\/\/parafiakrywald.pl\/wp-content\/uploads\/2021\/06\/34-300x200.jpg 300w, https:\/\/parafiakrywald.pl\/wp-content\/uploads\/2021\/06\/34-1024x683.jpg 1024w, https:\/\/parafiakrywald.pl\/wp-content\/uploads\/2021\/06\/34-768x512.jpg 768w, https:\/\/parafiakrywald.pl\/wp-content\/uploads\/2021\/06\/34-1536x1024.jpg 1536w, https:\/\/parafiakrywald.pl\/wp-content\/uploads\/2021\/06\/34-2048x1365.jpg 2048w\" sizes=\"(max-width: 2480px) 100vw, 2480px\" \/><\/a>\n\t\t\t<\/div><\/figure><figure class='gallery-item'>\n\t\t\t<div class='gallery-icon landscape'>\n\t\t\t\t<a data-elementor-open-lightbox=\"yes\" data-elementor-lightbox-slideshow=\"775acdf\" data-elementor-lightbox-title=\"35\" data-e-action-hash=\"#elementor-action%3Aaction%3Dlightbox%26settings%3DeyJpZCI6OTc0LCJ1cmwiOiJodHRwczpcL1wvcGFyYWZpYWtyeXdhbGQucGxcL3dwLWNvbnRlbnRcL3VwbG9hZHNcLzIwMjFcLzA2XC8zNS5qcGciLCJzbGlkZXNob3ciOiI3NzVhY2RmIn0%3D\" href='https:\/\/parafiakrywald.pl\/wp-content\/uploads\/2021\/06\/35.jpg'><img loading=\"lazy\" decoding=\"async\" width=\"2480\" height=\"1653\" src=\"https:\/\/parafiakrywald.pl\/wp-content\/uploads\/2021\/06\/35.jpg\" class=\"attachment-full size-full\" alt=\"\" srcset=\"https:\/\/parafiakrywald.pl\/wp-content\/uploads\/2021\/06\/35.jpg 2480w, https:\/\/parafiakrywald.pl\/wp-content\/uploads\/2021\/06\/35-300x200.jpg 300w, https:\/\/parafiakrywald.pl\/wp-content\/uploads\/2021\/06\/35-1024x683.jpg 1024w, https:\/\/parafiakrywald.pl\/wp-content\/uploads\/2021\/06\/35-768x512.jpg 768w, https:\/\/parafiakrywald.pl\/wp-content\/uploads\/2021\/06\/35-1536x1024.jpg 1536w, https:\/\/parafiakrywald.pl\/wp-content\/uploads\/2021\/06\/35-2048x1365.jpg 2048w\" sizes=\"(max-width: 2480px) 100vw, 2480px\" \/><\/a>\n\t\t\t<\/div><\/figure><figure class='gallery-item'>\n\t\t\t<div class='gallery-icon landscape'>\n\t\t\t\t<a data-elementor-open-lightbox=\"yes\" data-elementor-lightbox-slideshow=\"775acdf\" data-elementor-lightbox-title=\"36\" data-e-action-hash=\"#elementor-action%3Aaction%3Dlightbox%26settings%3DeyJpZCI6OTc1LCJ1cmwiOiJodHRwczpcL1wvcGFyYWZpYWtyeXdhbGQucGxcL3dwLWNvbnRlbnRcL3VwbG9hZHNcLzIwMjFcLzA2XC8zNi5qcGciLCJzbGlkZXNob3ciOiI3NzVhY2RmIn0%3D\" href='https:\/\/parafiakrywald.pl\/wp-content\/uploads\/2021\/06\/36.jpg'><img loading=\"lazy\" decoding=\"async\" width=\"2480\" height=\"1653\" src=\"https:\/\/parafiakrywald.pl\/wp-content\/uploads\/2021\/06\/36.jpg\" class=\"attachment-full size-full\" alt=\"\" srcset=\"https:\/\/parafiakrywald.pl\/wp-content\/uploads\/2021\/06\/36.jpg 2480w, https:\/\/parafiakrywald.pl\/wp-content\/uploads\/2021\/06\/36-300x200.jpg 300w, https:\/\/parafiakrywald.pl\/wp-content\/uploads\/2021\/06\/36-1024x683.jpg 1024w, https:\/\/parafiakrywald.pl\/wp-content\/uploads\/2021\/06\/36-768x512.jpg 768w, https:\/\/parafiakrywald.pl\/wp-content\/uploads\/2021\/06\/36-1536x1024.jpg 1536w, https:\/\/parafiakrywald.pl\/wp-content\/uploads\/2021\/06\/36-2048x1365.jpg 2048w\" sizes=\"(max-width: 2480px) 100vw, 2480px\" \/><\/a>\n\t\t\t<\/div><\/figure><figure class='gallery-item'>\n\t\t\t<div class='gallery-icon landscape'>\n\t\t\t\t<a data-elementor-open-lightbox=\"yes\" data-elementor-lightbox-slideshow=\"775acdf\" data-elementor-lightbox-title=\"37\" data-e-action-hash=\"#elementor-action%3Aaction%3Dlightbox%26settings%3DeyJpZCI6OTc2LCJ1cmwiOiJodHRwczpcL1wvcGFyYWZpYWtyeXdhbGQucGxcL3dwLWNvbnRlbnRcL3VwbG9hZHNcLzIwMjFcLzA2XC8zNy5qcGciLCJzbGlkZXNob3ciOiI3NzVhY2RmIn0%3D\" href='https:\/\/parafiakrywald.pl\/wp-content\/uploads\/2021\/06\/37.jpg'><img loading=\"lazy\" decoding=\"async\" width=\"2480\" height=\"1653\" src=\"https:\/\/parafiakrywald.pl\/wp-content\/uploads\/2021\/06\/37.jpg\" class=\"attachment-full size-full\" alt=\"\" srcset=\"https:\/\/parafiakrywald.pl\/wp-content\/uploads\/2021\/06\/37.jpg 2480w, https:\/\/parafiakrywald.pl\/wp-content\/uploads\/2021\/06\/37-300x200.jpg 300w, https:\/\/parafiakrywald.pl\/wp-content\/uploads\/2021\/06\/37-1024x683.jpg 1024w, https:\/\/parafiakrywald.pl\/wp-content\/uploads\/2021\/06\/37-768x512.jpg 768w, https:\/\/parafiakrywald.pl\/wp-content\/uploads\/2021\/06\/37-1536x1024.jpg 1536w, https:\/\/parafiakrywald.pl\/wp-content\/uploads\/2021\/06\/37-2048x1365.jpg 2048w\" sizes=\"(max-width: 2480px) 100vw, 2480px\" \/><\/a>\n\t\t\t<\/div><\/figure><figure class='gallery-item'>\n\t\t\t<div class='gallery-icon landscape'>\n\t\t\t\t<a data-elementor-open-lightbox=\"yes\" data-elementor-lightbox-slideshow=\"775acdf\" data-elementor-lightbox-title=\"38\" data-e-action-hash=\"#elementor-action%3Aaction%3Dlightbox%26settings%3DeyJpZCI6OTc3LCJ1cmwiOiJodHRwczpcL1wvcGFyYWZpYWtyeXdhbGQucGxcL3dwLWNvbnRlbnRcL3VwbG9hZHNcLzIwMjFcLzA2XC8zOC5qcGciLCJzbGlkZXNob3ciOiI3NzVhY2RmIn0%3D\" href='https:\/\/parafiakrywald.pl\/wp-content\/uploads\/2021\/06\/38.jpg'><img loading=\"lazy\" decoding=\"async\" width=\"2480\" height=\"1653\" src=\"https:\/\/parafiakrywald.pl\/wp-content\/uploads\/2021\/06\/38.jpg\" class=\"attachment-full size-full\" alt=\"\" srcset=\"https:\/\/parafiakrywald.pl\/wp-content\/uploads\/2021\/06\/38.jpg 2480w, https:\/\/parafiakrywald.pl\/wp-content\/uploads\/2021\/06\/38-300x200.jpg 300w, https:\/\/parafiakrywald.pl\/wp-content\/uploads\/2021\/06\/38-1024x683.jpg 1024w, https:\/\/parafiakrywald.pl\/wp-content\/uploads\/2021\/06\/38-768x512.jpg 768w, https:\/\/parafiakrywald.pl\/wp-content\/uploads\/2021\/06\/38-1536x1024.jpg 1536w, https:\/\/parafiakrywald.pl\/wp-content\/uploads\/2021\/06\/38-2048x1365.jpg 2048w\" sizes=\"(max-width: 2480px) 100vw, 2480px\" \/><\/a>\n\t\t\t<\/div><\/figure><figure class='gallery-item'>\n\t\t\t<div class='gallery-icon landscape'>\n\t\t\t\t<a data-elementor-open-lightbox=\"yes\" data-elementor-lightbox-slideshow=\"775acdf\" data-elementor-lightbox-title=\"39\" data-e-action-hash=\"#elementor-action%3Aaction%3Dlightbox%26settings%3DeyJpZCI6OTc4LCJ1cmwiOiJodHRwczpcL1wvcGFyYWZpYWtyeXdhbGQucGxcL3dwLWNvbnRlbnRcL3VwbG9hZHNcLzIwMjFcLzA2XC8zOS5qcGciLCJzbGlkZXNob3ciOiI3NzVhY2RmIn0%3D\" href='https:\/\/parafiakrywald.pl\/wp-content\/uploads\/2021\/06\/39.jpg'><img loading=\"lazy\" decoding=\"async\" width=\"2480\" height=\"1653\" src=\"https:\/\/parafiakrywald.pl\/wp-content\/uploads\/2021\/06\/39.jpg\" class=\"attachment-full size-full\" alt=\"\" srcset=\"https:\/\/parafiakrywald.pl\/wp-content\/uploads\/2021\/06\/39.jpg 2480w, https:\/\/parafiakrywald.pl\/wp-content\/uploads\/2021\/06\/39-300x200.jpg 300w, https:\/\/parafiakrywald.pl\/wp-content\/uploads\/2021\/06\/39-1024x683.jpg 1024w, https:\/\/parafiakrywald.pl\/wp-content\/uploads\/2021\/06\/39-768x512.jpg 768w, https:\/\/parafiakrywald.pl\/wp-content\/uploads\/2021\/06\/39-1536x1024.jpg 1536w, https:\/\/parafiakrywald.pl\/wp-content\/uploads\/2021\/06\/39-2048x1365.jpg 2048w\" sizes=\"(max-width: 2480px) 100vw, 2480px\" \/><\/a>\n\t\t\t<\/div><\/figure><figure class='gallery-item'>\n\t\t\t<div class='gallery-icon landscape'>\n\t\t\t\t<a data-elementor-open-lightbox=\"yes\" data-elementor-lightbox-slideshow=\"775acdf\" data-elementor-lightbox-title=\"41\" data-e-action-hash=\"#elementor-action%3Aaction%3Dlightbox%26settings%3DeyJpZCI6OTgwLCJ1cmwiOiJodHRwczpcL1wvcGFyYWZpYWtyeXdhbGQucGxcL3dwLWNvbnRlbnRcL3VwbG9hZHNcLzIwMjFcLzA2XC80MS5qcGciLCJzbGlkZXNob3ciOiI3NzVhY2RmIn0%3D\" href='https:\/\/parafiakrywald.pl\/wp-content\/uploads\/2021\/06\/41.jpg'><img loading=\"lazy\" decoding=\"async\" width=\"2480\" height=\"1653\" src=\"https:\/\/parafiakrywald.pl\/wp-content\/uploads\/2021\/06\/41.jpg\" class=\"attachment-full size-full\" alt=\"\" srcset=\"https:\/\/parafiakrywald.pl\/wp-content\/uploads\/2021\/06\/41.jpg 2480w, https:\/\/parafiakrywald.pl\/wp-content\/uploads\/2021\/06\/41-300x200.jpg 300w, https:\/\/parafiakrywald.pl\/wp-content\/uploads\/2021\/06\/41-1024x683.jpg 1024w, https:\/\/parafiakrywald.pl\/wp-content\/uploads\/2021\/06\/41-768x512.jpg 768w, https:\/\/parafiakrywald.pl\/wp-content\/uploads\/2021\/06\/41-1536x1024.jpg 1536w, https:\/\/parafiakrywald.pl\/wp-content\/uploads\/2021\/06\/41-2048x1365.jpg 2048w\" sizes=\"(max-width: 2480px) 100vw, 2480px\" \/><\/a>\n\t\t\t<\/div><\/figure><figure class='gallery-item'>\n\t\t\t<div class='gallery-icon landscape'>\n\t\t\t\t<a data-elementor-open-lightbox=\"yes\" data-elementor-lightbox-slideshow=\"775acdf\" data-elementor-lightbox-title=\"42\" data-e-action-hash=\"#elementor-action%3Aaction%3Dlightbox%26settings%3DeyJpZCI6OTgxLCJ1cmwiOiJodHRwczpcL1wvcGFyYWZpYWtyeXdhbGQucGxcL3dwLWNvbnRlbnRcL3VwbG9hZHNcLzIwMjFcLzA2XC80Mi5qcGciLCJzbGlkZXNob3ciOiI3NzVhY2RmIn0%3D\" href='https:\/\/parafiakrywald.pl\/wp-content\/uploads\/2021\/06\/42.jpg'><img loading=\"lazy\" decoding=\"async\" width=\"2480\" height=\"1653\" src=\"https:\/\/parafiakrywald.pl\/wp-content\/uploads\/2021\/06\/42.jpg\" class=\"attachment-full size-full\" alt=\"\" srcset=\"https:\/\/parafiakrywald.pl\/wp-content\/uploads\/2021\/06\/42.jpg 2480w, https:\/\/parafiakrywald.pl\/wp-content\/uploads\/2021\/06\/42-300x200.jpg 300w, https:\/\/parafiakrywald.pl\/wp-content\/uploads\/2021\/06\/42-1024x683.jpg 1024w, https:\/\/parafiakrywald.pl\/wp-content\/uploads\/2021\/06\/42-768x512.jpg 768w, https:\/\/parafiakrywald.pl\/wp-content\/uploads\/2021\/06\/42-1536x1024.jpg 1536w, https:\/\/parafiakrywald.pl\/wp-content\/uploads\/2021\/06\/42-2048x1365.jpg 2048w\" sizes=\"(max-width: 2480px) 100vw, 2480px\" \/><\/a>\n\t\t\t<\/div><\/figure><figure class='gallery-item'>\n\t\t\t<div class='gallery-icon landscape'>\n\t\t\t\t<a data-elementor-open-lightbox=\"yes\" data-elementor-lightbox-slideshow=\"775acdf\" data-elementor-lightbox-title=\"49\" data-e-action-hash=\"#elementor-action%3Aaction%3Dlightbox%26settings%3DeyJpZCI6OTg4LCJ1cmwiOiJodHRwczpcL1wvcGFyYWZpYWtyeXdhbGQucGxcL3dwLWNvbnRlbnRcL3VwbG9hZHNcLzIwMjFcLzA2XC80OS5qcGciLCJzbGlkZXNob3ciOiI3NzVhY2RmIn0%3D\" href='https:\/\/parafiakrywald.pl\/wp-content\/uploads\/2021\/06\/49.jpg'><img loading=\"lazy\" decoding=\"async\" width=\"2480\" height=\"1393\" src=\"https:\/\/parafiakrywald.pl\/wp-content\/uploads\/2021\/06\/49.jpg\" class=\"attachment-full size-full\" alt=\"\" srcset=\"https:\/\/parafiakrywald.pl\/wp-content\/uploads\/2021\/06\/49.jpg 2480w, https:\/\/parafiakrywald.pl\/wp-content\/uploads\/2021\/06\/49-300x169.jpg 300w, https:\/\/parafiakrywald.pl\/wp-content\/uploads\/2021\/06\/49-1024x575.jpg 1024w, https:\/\/parafiakrywald.pl\/wp-content\/uploads\/2021\/06\/49-768x431.jpg 768w, https:\/\/parafiakrywald.pl\/wp-content\/uploads\/2021\/06\/49-1536x863.jpg 1536w, https:\/\/parafiakrywald.pl\/wp-content\/uploads\/2021\/06\/49-2048x1150.jpg 2048w\" sizes=\"(max-width: 2480px) 100vw, 2480px\" \/><\/a>\n\t\t\t<\/div><\/figure><figure class='gallery-item'>\n\t\t\t<div class='gallery-icon landscape'>\n\t\t\t\t<a data-elementor-open-lightbox=\"yes\" data-elementor-lightbox-slideshow=\"775acdf\" data-elementor-lightbox-title=\"48\" data-e-action-hash=\"#elementor-action%3Aaction%3Dlightbox%26settings%3DeyJpZCI6OTg3LCJ1cmwiOiJodHRwczpcL1wvcGFyYWZpYWtyeXdhbGQucGxcL3dwLWNvbnRlbnRcL3VwbG9hZHNcLzIwMjFcLzA2XC80OC5qcGciLCJzbGlkZXNob3ciOiI3NzVhY2RmIn0%3D\" href='https:\/\/parafiakrywald.pl\/wp-content\/uploads\/2021\/06\/48.jpg'><img loading=\"lazy\" decoding=\"async\" width=\"2480\" height=\"1393\" src=\"https:\/\/parafiakrywald.pl\/wp-content\/uploads\/2021\/06\/48.jpg\" class=\"attachment-full size-full\" alt=\"\" srcset=\"https:\/\/parafiakrywald.pl\/wp-content\/uploads\/2021\/06\/48.jpg 2480w, https:\/\/parafiakrywald.pl\/wp-content\/uploads\/2021\/06\/48-300x169.jpg 300w, https:\/\/parafiakrywald.pl\/wp-content\/uploads\/2021\/06\/48-1024x575.jpg 1024w, https:\/\/parafiakrywald.pl\/wp-content\/uploads\/2021\/06\/48-768x431.jpg 768w, https:\/\/parafiakrywald.pl\/wp-content\/uploads\/2021\/06\/48-1536x863.jpg 1536w, https:\/\/parafiakrywald.pl\/wp-content\/uploads\/2021\/06\/48-2048x1150.jpg 2048w\" sizes=\"(max-width: 2480px) 100vw, 2480px\" \/><\/a>\n\t\t\t<\/div><\/figure><figure class='gallery-item'>\n\t\t\t<div class='gallery-icon landscape'>\n\t\t\t\t<a data-elementor-open-lightbox=\"yes\" data-elementor-lightbox-slideshow=\"775acdf\" data-elementor-lightbox-title=\"47\" data-e-action-hash=\"#elementor-action%3Aaction%3Dlightbox%26settings%3DeyJpZCI6OTg2LCJ1cmwiOiJodHRwczpcL1wvcGFyYWZpYWtyeXdhbGQucGxcL3dwLWNvbnRlbnRcL3VwbG9hZHNcLzIwMjFcLzA2XC80Ny5qcGciLCJzbGlkZXNob3ciOiI3NzVhY2RmIn0%3D\" href='https:\/\/parafiakrywald.pl\/wp-content\/uploads\/2021\/06\/47.jpg'><img loading=\"lazy\" decoding=\"async\" width=\"2480\" height=\"1653\" src=\"https:\/\/parafiakrywald.pl\/wp-content\/uploads\/2021\/06\/47.jpg\" class=\"attachment-full size-full\" alt=\"\" srcset=\"https:\/\/parafiakrywald.pl\/wp-content\/uploads\/2021\/06\/47.jpg 2480w, https:\/\/parafiakrywald.pl\/wp-content\/uploads\/2021\/06\/47-300x200.jpg 300w, https:\/\/parafiakrywald.pl\/wp-content\/uploads\/2021\/06\/47-1024x683.jpg 1024w, https:\/\/parafiakrywald.pl\/wp-content\/uploads\/2021\/06\/47-768x512.jpg 768w, https:\/\/parafiakrywald.pl\/wp-content\/uploads\/2021\/06\/47-1536x1024.jpg 1536w, https:\/\/parafiakrywald.pl\/wp-content\/uploads\/2021\/06\/47-2048x1365.jpg 2048w\" sizes=\"(max-width: 2480px) 100vw, 2480px\" \/><\/a>\n\t\t\t<\/div><\/figure><figure class='gallery-item'>\n\t\t\t<div class='gallery-icon landscape'>\n\t\t\t\t<a data-elementor-open-lightbox=\"yes\" data-elementor-lightbox-slideshow=\"775acdf\" data-elementor-lightbox-title=\"46\" data-e-action-hash=\"#elementor-action%3Aaction%3Dlightbox%26settings%3DeyJpZCI6OTg1LCJ1cmwiOiJodHRwczpcL1wvcGFyYWZpYWtyeXdhbGQucGxcL3dwLWNvbnRlbnRcL3VwbG9hZHNcLzIwMjFcLzA2XC80Ni5qcGciLCJzbGlkZXNob3ciOiI3NzVhY2RmIn0%3D\" href='https:\/\/parafiakrywald.pl\/wp-content\/uploads\/2021\/06\/46.jpg'><img loading=\"lazy\" decoding=\"async\" width=\"2480\" height=\"1653\" src=\"https:\/\/parafiakrywald.pl\/wp-content\/uploads\/2021\/06\/46.jpg\" class=\"attachment-full size-full\" alt=\"\" srcset=\"https:\/\/parafiakrywald.pl\/wp-content\/uploads\/2021\/06\/46.jpg 2480w, https:\/\/parafiakrywald.pl\/wp-content\/uploads\/2021\/06\/46-300x200.jpg 300w, https:\/\/parafiakrywald.pl\/wp-content\/uploads\/2021\/06\/46-1024x683.jpg 1024w, https:\/\/parafiakrywald.pl\/wp-content\/uploads\/2021\/06\/46-768x512.jpg 768w, https:\/\/parafiakrywald.pl\/wp-content\/uploads\/2021\/06\/46-1536x1024.jpg 1536w, https:\/\/parafiakrywald.pl\/wp-content\/uploads\/2021\/06\/46-2048x1365.jpg 2048w\" sizes=\"(max-width: 2480px) 100vw, 2480px\" \/><\/a>\n\t\t\t<\/div><\/figure><figure class='gallery-item'>\n\t\t\t<div class='gallery-icon landscape'>\n\t\t\t\t<a data-elementor-open-lightbox=\"yes\" data-elementor-lightbox-slideshow=\"775acdf\" data-elementor-lightbox-title=\"45\" data-e-action-hash=\"#elementor-action%3Aaction%3Dlightbox%26settings%3DeyJpZCI6OTg0LCJ1cmwiOiJodHRwczpcL1wvcGFyYWZpYWtyeXdhbGQucGxcL3dwLWNvbnRlbnRcL3VwbG9hZHNcLzIwMjFcLzA2XC80NS5qcGciLCJzbGlkZXNob3ciOiI3NzVhY2RmIn0%3D\" href='https:\/\/parafiakrywald.pl\/wp-content\/uploads\/2021\/06\/45.jpg'><img loading=\"lazy\" decoding=\"async\" width=\"2480\" height=\"1653\" src=\"https:\/\/parafiakrywald.pl\/wp-content\/uploads\/2021\/06\/45.jpg\" class=\"attachment-full size-full\" alt=\"\" srcset=\"https:\/\/parafiakrywald.pl\/wp-content\/uploads\/2021\/06\/45.jpg 2480w, https:\/\/parafiakrywald.pl\/wp-content\/uploads\/2021\/06\/45-300x200.jpg 300w, https:\/\/parafiakrywald.pl\/wp-content\/uploads\/2021\/06\/45-1024x683.jpg 1024w, https:\/\/parafiakrywald.pl\/wp-content\/uploads\/2021\/06\/45-768x512.jpg 768w, https:\/\/parafiakrywald.pl\/wp-content\/uploads\/2021\/06\/45-1536x1024.jpg 1536w, https:\/\/parafiakrywald.pl\/wp-content\/uploads\/2021\/06\/45-2048x1365.jpg 2048w\" sizes=\"(max-width: 2480px) 100vw, 2480px\" \/><\/a>\n\t\t\t<\/div><\/figure><figure class='gallery-item'>\n\t\t\t<div class='gallery-icon landscape'>\n\t\t\t\t<a data-elementor-open-lightbox=\"yes\" data-elementor-lightbox-slideshow=\"775acdf\" data-elementor-lightbox-title=\"44\" data-e-action-hash=\"#elementor-action%3Aaction%3Dlightbox%26settings%3DeyJpZCI6OTgzLCJ1cmwiOiJodHRwczpcL1wvcGFyYWZpYWtyeXdhbGQucGxcL3dwLWNvbnRlbnRcL3VwbG9hZHNcLzIwMjFcLzA2XC80NC5qcGciLCJzbGlkZXNob3ciOiI3NzVhY2RmIn0%3D\" href='https:\/\/parafiakrywald.pl\/wp-content\/uploads\/2021\/06\/44.jpg'><img loading=\"lazy\" decoding=\"async\" width=\"2480\" height=\"1653\" src=\"https:\/\/parafiakrywald.pl\/wp-content\/uploads\/2021\/06\/44.jpg\" class=\"attachment-full size-full\" alt=\"\" srcset=\"https:\/\/parafiakrywald.pl\/wp-content\/uploads\/2021\/06\/44.jpg 2480w, https:\/\/parafiakrywald.pl\/wp-content\/uploads\/2021\/06\/44-300x200.jpg 300w, https:\/\/parafiakrywald.pl\/wp-content\/uploads\/2021\/06\/44-1024x683.jpg 1024w, https:\/\/parafiakrywald.pl\/wp-content\/uploads\/2021\/06\/44-768x512.jpg 768w, https:\/\/parafiakrywald.pl\/wp-content\/uploads\/2021\/06\/44-1536x1024.jpg 1536w, https:\/\/parafiakrywald.pl\/wp-content\/uploads\/2021\/06\/44-2048x1365.jpg 2048w\" sizes=\"(max-width: 2480px) 100vw, 2480px\" \/><\/a>\n\t\t\t<\/div><\/figure><figure class='gallery-item'>\n\t\t\t<div class='gallery-icon landscape'>\n\t\t\t\t<a data-elementor-open-lightbox=\"yes\" data-elementor-lightbox-slideshow=\"775acdf\" data-elementor-lightbox-title=\"43\" data-e-action-hash=\"#elementor-action%3Aaction%3Dlightbox%26settings%3DeyJpZCI6OTgyLCJ1cmwiOiJodHRwczpcL1wvcGFyYWZpYWtyeXdhbGQucGxcL3dwLWNvbnRlbnRcL3VwbG9hZHNcLzIwMjFcLzA2XC80My5qcGciLCJzbGlkZXNob3ciOiI3NzVhY2RmIn0%3D\" href='https:\/\/parafiakrywald.pl\/wp-content\/uploads\/2021\/06\/43.jpg'><img loading=\"lazy\" decoding=\"async\" width=\"2480\" height=\"1653\" src=\"https:\/\/parafiakrywald.pl\/wp-content\/uploads\/2021\/06\/43.jpg\" class=\"attachment-full size-full\" alt=\"\" srcset=\"https:\/\/parafiakrywald.pl\/wp-content\/uploads\/2021\/06\/43.jpg 2480w, https:\/\/parafiakrywald.pl\/wp-content\/uploads\/2021\/06\/43-300x200.jpg 300w, https:\/\/parafiakrywald.pl\/wp-content\/uploads\/2021\/06\/43-1024x683.jpg 1024w, https:\/\/parafiakrywald.pl\/wp-content\/uploads\/2021\/06\/43-768x512.jpg 768w, https:\/\/parafiakrywald.pl\/wp-content\/uploads\/2021\/06\/43-1536x1024.jpg 1536w, https:\/\/parafiakrywald.pl\/wp-content\/uploads\/2021\/06\/43-2048x1365.jpg 2048w\" sizes=\"(max-width: 2480px) 100vw, 2480px\" \/><\/a>\n\t\t\t<\/div><\/figure>\n\t\t<\/div>\n\t\t<\/div>\n\t\t\t\t<\/div>\n\t\t\t\t<\/div>\n\t\t\t\t<div class=\"elementor-element elementor-element-af49624 elementor-button-info elementor-align-center elementor-widget elementor-widget-button\" data-id=\"af49624\" data-element_type=\"widget\" data-widget_type=\"button.default\">\n\t\t\t\t<div class=\"elementor-widget-container\">\n\t\t\t\t\t<div class=\"elementor-button-wrapper\">\n\t\t\t<a class=\"elementor-button elementor-button-link elementor-size-sm\" href=\"https:\/\/katowice.gosc.pl\/doc\/6928480.Krywald-100-lecie-parafii-i-wprowadzenie-relikwii-sw-Antoniego\">\n\t\t\t\t\t\t<span class=\"elementor-button-content-wrapper\">\n\t\t\t\t\t\t\t\t\t<span class=\"elementor-button-text\">Relacja z naszego odpustu w Go\u015bciu Niedzielnym<\/span>\n\t\t\t\t\t<\/span>\n\t\t\t\t\t<\/a>\n\t\t<\/div>\n\t\t\t\t<\/div>\n\t\t\t\t<\/div>\n\t\t\t\t\t<\/div>\n\t\t<\/div>\n\t\t\t\t\t<\/div>\n\t\t<\/section>\n\t\t\t\t<\/div>\n\t\t","protected":false},"excerpt":{"rendered":"<p>13 czerwca 2021r. &#8211; Jubileuszowy odpust ku czci \u015bwi\u0119tego Antoniego z Padwy 12 i 13 czerwca 2021r. w naszej parafii odbywa\u0142y si\u0119 uroczysto\u015bci odpustowe ku czci \u015bwi\u0119tego Antoniego z Padwy 13 czerwca uroczystej sumie odpustowej o godzinie 11:00 przewodniczy\u0142 oraz okoliczno\u015bciow\u0105 homili\u0119 wyg\u0142osi\u0142 ksi\u0105dz Grzegorz Wieczorek, nasz parafianin. Po s\u0142owach powitania Parafian i Go\u015bci, podzi\u0119kowania [&hellip;]<\/p>\n","protected":false},"author":1,"featured_media":936,"comment_status":"open","ping_status":"open","sticky":false,"template":"","format":"gallery","meta":{"site-sidebar-layout":"default","site-content-layout":"default","ast-site-content-layout":"","site-content-style":"default","site-sidebar-style":"default","ast-global-header-display":"","ast-banner-title-visibility":"","ast-main-header-display":"","ast-hfb-above-header-display":"","ast-hfb-below-header-display":"","ast-hfb-mobile-header-display":"","site-post-title":"","ast-breadcrumbs-content":"","ast-featured-img":"","footer-sml-layout":"","theme-transparent-header-meta":"default","adv-header-id-meta":"","stick-header-meta":"","header-above-stick-meta":"","header-main-stick-meta":"","header-below-stick-meta":"","astra-migrate-meta-layouts":"default","ast-page-background-enabled":"default","ast-page-background-meta":{"desktop":{"background-color":"","background-image":"","background-repeat":"repeat","background-position":"center center","background-size":"auto","background-attachment":"scroll","background-type":"","background-media":"","overlay-type":"","overlay-color":"","overlay-opacity":"","overlay-gradient":""},"tablet":{"background-color":"","background-image":"","background-repeat":"repeat","background-position":"center center","background-size":"auto","background-attachment":"scroll","background-type":"","background-media":"","overlay-type":"","overlay-color":"","overlay-opacity":"","overlay-gradient":""},"mobile":{"background-color":"","background-image":"","background-repeat":"repeat","background-position":"center center","background-size":"auto","background-attachment":"scroll","background-type":"","background-media":"","overlay-type":"","overlay-color":"","overlay-opacity":"","overlay-gradient":""}},"ast-content-background-meta":{"desktop":{"background-color":"var(--ast-global-color-5)","background-image":"","background-repeat":"repeat","background-position":"center center","background-size":"auto","background-attachment":"scroll","background-type":"","background-media":"","overlay-type":"","overlay-color":"","overlay-opacity":"","overlay-gradient":""},"tablet":{"background-color":"var(--ast-global-color-5)","background-image":"","background-repeat":"repeat","background-position":"center center","background-size":"auto","background-attachment":"scroll","background-type":"","background-media":"","overlay-type":"","overlay-color":"","overlay-opacity":"","overlay-gradient":""},"mobile":{"background-color":"var(--ast-global-color-5)","background-image":"","background-repeat":"repeat","background-position":"center center","background-size":"auto","background-attachment":"scroll","background-type":"","background-media":"","overlay-type":"","overlay-color":"","overlay-opacity":"","overlay-gradient":""}},"footnotes":""},"categories":[1],"tags":[],"class_list":["post-587","post","type-post","status-publish","format-gallery","has-post-thumbnail","hentry","category-bez-kategorii","post_format-post-format-gallery"],"_links":{"self":[{"href":"https:\/\/parafiakrywald.pl\/index.php?rest_route=\/wp\/v2\/posts\/587","targetHints":{"allow":["GET"]}}],"collection":[{"href":"https:\/\/parafiakrywald.pl\/index.php?rest_route=\/wp\/v2\/posts"}],"about":[{"href":"https:\/\/parafiakrywald.pl\/index.php?rest_route=\/wp\/v2\/types\/post"}],"author":[{"embeddable":true,"href":"https:\/\/parafiakrywald.pl\/index.php?rest_route=\/wp\/v2\/users\/1"}],"replies":[{"embeddable":true,"href":"https:\/\/parafiakrywald.pl\/index.php?rest_route=%2Fwp%2Fv2%2Fcomments&post=587"}],"version-history":[{"count":97,"href":"https:\/\/parafiakrywald.pl\/index.php?rest_route=\/wp\/v2\/posts\/587\/revisions"}],"predecessor-version":[{"id":1263,"href":"https:\/\/parafiakrywald.pl\/index.php?rest_route=\/wp\/v2\/posts\/587\/revisions\/1263"}],"wp:featuredmedia":[{"embeddable":true,"href":"https:\/\/parafiakrywald.pl\/index.php?rest_route=\/wp\/v2\/media\/936"}],"wp:attachment":[{"href":"https:\/\/parafiakrywald.pl\/index.php?rest_route=%2Fwp%2Fv2%2Fmedia&parent=587"}],"wp:term":[{"taxonomy":"category","embeddable":true,"href":"https:\/\/parafiakrywald.pl\/index.php?rest_route=%2Fwp%2Fv2%2Fcategories&post=587"},{"taxonomy":"post_tag","embeddable":true,"href":"https:\/\/parafiakrywald.pl\/index.php?rest_route=%2Fwp%2Fv2%2Ftags&post=587"}],"curies":[{"name":"wp","href":"https:\/\/api.w.org\/{rel}","templated":true}]}}